{"id":9858,"date":"2025-05-20T11:00:03","date_gmt":"2025-05-20T09:00:03","guid":{"rendered":"https:\/\/aboveit.fi\/video-educativo-de-microsoft-365-parte-2-defender-for-cloud-apps\/"},"modified":"2025-12-01T15:05:37","modified_gmt":"2025-12-01T13:05:37","slug":"video-educativo-de-microsoft-365-parte-2-defender-for-cloud-apps","status":"publish","type":"post","link":"https:\/\/aboveit.fi\/es\/video-educativo-de-microsoft-365-parte-2-defender-for-cloud-apps\/","title":{"rendered":"V\u00eddeo educativo de Microsoft 365 &#8211; parte 2. &#8211; Defender for Cloud Apps"},"content":{"rendered":"\t\t<div data-elementor-type=\"wp-post\" data-elementor-id=\"9858\" class=\"elementor elementor-9858 elementor-6814\" data-elementor-post-type=\"post\">\n\t\t\t\t\t\t<section class=\"elementor-section elementor-top-section elementor-element elementor-element-969d0b0 elementor-section-boxed elementor-section-height-default elementor-section-height-default\" data-id=\"969d0b0\" data-element_type=\"section\" data-e-type=\"section\">\n\t\t\t\t\t\t<div class=\"elementor-container elementor-column-gap-default\">\n\t\t\t\t\t<div class=\"elementor-column elementor-col-100 elementor-top-column elementor-element elementor-element-462aa62\" data-id=\"462aa62\" data-element_type=\"column\" data-e-type=\"column\">\n\t\t\t<div class=\"elementor-widget-wrap elementor-element-populated\">\n\t\t\t\t\t\t<div class=\"elementor-element elementor-element-ea8adac elementor-widget elementor-widget-text-editor\" data-id=\"ea8adac\" data-element_type=\"widget\" data-e-type=\"widget\" data-widget_type=\"text-editor.default\">\n\t\t\t\t<div class=\"elementor-widget-container\">\n\t\t\t\t\t\t\t\t\t<p><em>Durante la primavera de 2025, Above IT publicar\u00e1 una serie de v\u00eddeos educativos sobre las tecnolog\u00edas de Microsoft 365. En la segunda parte de la serie de v\u00eddeos educativos, el &#8216;consigliere&#8217; de Above IT, Lauri Haveri, repasa la tecnolog\u00eda Defender for Cloud Apps: un servicio de intermediario en la nube habilitado por el entorno Microsoft 365, con el que puede administrar y proteger el uso de diferentes servicios en la nube en su entorno empresarial. Publicaremos v\u00eddeos educativos similares mensualmente, \u00a1para el disfrute de su departamento de TI!  <\/em><\/p>\t\t\t\t\t\t\t\t<\/div>\n\t\t\t\t<\/div>\n\t\t\t\t\t<\/div>\n\t\t<\/div>\n\t\t\t\t\t<\/div>\n\t\t<\/section>\n\t\t\t\t<section class=\"elementor-section elementor-top-section elementor-element elementor-element-761b42a elementor-section-boxed elementor-section-height-default elementor-section-height-default\" data-id=\"761b42a\" data-element_type=\"section\" data-e-type=\"section\">\n\t\t\t\t\t\t<div class=\"elementor-container elementor-column-gap-default\">\n\t\t\t\t\t<div class=\"elementor-column elementor-col-100 elementor-top-column elementor-element elementor-element-657741f\" data-id=\"657741f\" data-element_type=\"column\" data-e-type=\"column\">\n\t\t\t<div class=\"elementor-widget-wrap elementor-element-populated\">\n\t\t\t\t\t\t<div class=\"elementor-element elementor-element-e283046 elementor-widget elementor-widget-heading\" data-id=\"e283046\" data-element_type=\"widget\" data-e-type=\"widget\" data-widget_type=\"heading.default\">\n\t\t\t\t<div class=\"elementor-widget-container\">\n\t\t\t\t\t<h2 class=\"elementor-heading-title elementor-size-default\">Defender para aplicaciones en la nube<\/h2>\t\t\t\t<\/div>\n\t\t\t\t<\/div>\n\t\t\t\t\t<\/div>\n\t\t<\/div>\n\t\t\t\t\t<\/div>\n\t\t<\/section>\n\t\t\t\t<section class=\"elementor-section elementor-top-section elementor-element elementor-element-185e5a72 elementor-section-boxed elementor-section-height-default elementor-section-height-default\" data-id=\"185e5a72\" data-element_type=\"section\" data-e-type=\"section\">\n\t\t\t\t\t\t<div class=\"elementor-container elementor-column-gap-default\">\n\t\t\t\t\t<div class=\"elementor-column elementor-col-100 elementor-top-column elementor-element elementor-element-62d26a1f\" data-id=\"62d26a1f\" data-element_type=\"column\" data-e-type=\"column\">\n\t\t\t<div class=\"elementor-widget-wrap elementor-element-populated\">\n\t\t\t\t\t\t<div class=\"elementor-element elementor-element-76b6f24d elementor-widget elementor-widget-text-editor\" data-id=\"76b6f24d\" data-element_type=\"widget\" data-e-type=\"widget\" data-widget_type=\"text-editor.default\">\n\t\t\t\t<div class=\"elementor-widget-container\">\n\t\t\t\t\t\t\t\t\t<p>El trabajo de conocimiento se ha trasladado a los servicios en la nube y los usuarios finales est\u00e1n en primera l\u00ednea, y qu\u00e9 se le va a hacer, es cada vez m\u00e1s dif\u00edcil para el entorno empresarial administrar qu\u00e9 servicios de internet utilizan los diferentes usuarios finales. Los usuarios finales tambi\u00e9n est\u00e1n t\u00e9cnicamente m\u00e1s informados hoy en d\u00eda, y si la pol\u00edtica del departamento de TI de la organizaci\u00f3n no les agrada, pueden encontrar proactivamente nuevas alternativas para realizar el trabajo, creando as\u00ed a menudo tambi\u00e9n \u00abTI en la sombra\u00bb. Sin embargo, \u00bfes correcto que los datos de la empresa terminen en innumerables servicios en la nube diferentes, cuyas pr\u00e1cticas de protecci\u00f3n de datos no siempre est\u00e1n garantizadas? Un ejemplo de esto es el portafolio en constante expansi\u00f3n de diferentes herramientas de inteligencia artificial de hoy en d\u00eda.   <\/p>\n<p>Cuando las diferentes tecnolog\u00edas de seguridad <a href=\"https:\/\/aboveit.fi\/es\/todos-los-huevos-de-la-seguridad-en-la-misma-cesta\/\">se ven perfectamente entre s\u00ed<\/a>, se obtienen beneficios sin precedentes en t\u00e9rminos de seguridad y protecci\u00f3n de datos del entorno de TI. Un buen ejemplo de esto es <a href=\"https:\/\/www.microsoft.com\/fi-fi\/security\/business\/siem-and-xdr\/microsoft-defender-cloud-apps\">Defender for Cloud Apps<\/a> de Microsoft, que integrado con la protecci\u00f3n de endpoints de Defender ayuda al departamento de TI a administrar incluso el uso de diferentes servicios en la nube desde las estaciones de trabajo de los usuarios finales. <\/p>\n<p>Por tanto, los departamentos de TI pueden estar interesados en c\u00f3mo administrar para que los usuarios finales no filtren los datos de la empresa a, por ejemplo, la inteligencia artificial Deepseek. Y sobre esto nuestro &#8216;consigliere&#8217; Lauri Haveri nos hizo un v\u00eddeo educativo. <\/p>\n<p>PD: Si el tema le interesa m\u00e1s ampliamente, <a href=\"https:\/\/aboveit.fi\/es\/grabacion-webinar-de-seguridad-holistica\/\">\u00a1consulte nuestro pr\u00f3ximo webinar relacionado con el tema!<\/a> <\/p>\t\t\t\t\t\t\t\t<\/div>\n\t\t\t\t<\/div>\n\t\t\t\t\t<\/div>\n\t\t<\/div>\n\t\t\t\t\t<\/div>\n\t\t<\/section>\n\t\t\t\t<section class=\"elementor-section elementor-top-section elementor-element elementor-element-05ee321 elementor-section-boxed elementor-section-height-default elementor-section-height-default\" data-id=\"05ee321\" data-element_type=\"section\" data-e-type=\"section\">\n\t\t\t\t\t\t<div class=\"elementor-container elementor-column-gap-default\">\n\t\t\t\t\t<div class=\"elementor-column elementor-col-100 elementor-top-column elementor-element elementor-element-70fc777\" data-id=\"70fc777\" data-element_type=\"column\" data-e-type=\"column\">\n\t\t\t<div class=\"elementor-widget-wrap elementor-element-populated\">\n\t\t\t\t\t\t<div class=\"elementor-element elementor-element-4b729dd elementor-widget elementor-widget-video\" data-id=\"4b729dd\" data-element_type=\"widget\" data-e-type=\"widget\" data-settings=\"{&quot;youtube_url&quot;:&quot;https:\\\/\\\/youtu.be\\\/HmL37c0QDXQ&quot;,&quot;video_type&quot;:&quot;youtube&quot;,&quot;controls&quot;:&quot;yes&quot;}\" data-widget_type=\"video.default\">\n\t\t\t\t<div class=\"elementor-widget-container\">\n\t\t\t\t\t\t\t<div class=\"elementor-wrapper elementor-open-inline\">\n\t\t\t<div class=\"elementor-video\"><\/div>\t\t<\/div>\n\t\t\t\t\t\t<\/div>\n\t\t\t\t<\/div>\n\t\t\t\t\t<\/div>\n\t\t<\/div>\n\t\t\t\t\t<\/div>\n\t\t<\/section>\n\t\t\t\t<section class=\"elementor-section elementor-top-section elementor-element elementor-element-c2b7adb elementor-section-boxed elementor-section-height-default elementor-section-height-default\" data-id=\"c2b7adb\" data-element_type=\"section\" data-e-type=\"section\">\n\t\t\t\t\t\t<div class=\"elementor-container elementor-column-gap-default\">\n\t\t\t\t\t<div class=\"elementor-column elementor-col-100 elementor-top-column elementor-element elementor-element-59ce4e7\" data-id=\"59ce4e7\" data-element_type=\"column\" data-e-type=\"column\">\n\t\t\t<div class=\"elementor-widget-wrap elementor-element-populated\">\n\t\t\t\t\t\t<div class=\"elementor-element elementor-element-b06d303 elementor-widget elementor-widget-text-editor\" data-id=\"b06d303\" data-element_type=\"widget\" data-e-type=\"widget\" data-widget_type=\"text-editor.default\">\n\t\t\t\t<div class=\"elementor-widget-container\">\n\t\t\t\t\t\t\t\t\t<p><em>Above IT es el socio de su departamento de TI. Si su seguridad inform\u00e1tica necesita mejoras y desea aprovechar las licencias existentes de su entorno Microsoft 365 de manera m\u00e1s eficiente, somos el socio adecuado para ayudar a su departamento de TI en este camino. Reserve una cita para una breve reuni\u00f3n a continuaci\u00f3n, \u00a1y evaluaremos juntos las necesidades de su organizaci\u00f3n!  <\/em><\/p>\t\t\t\t\t\t\t\t<\/div>\n\t\t\t\t<\/div>\n\t\t\t\t\t<\/div>\n\t\t<\/div>\n\t\t\t\t\t<\/div>\n\t\t<\/section>\n\t\t\t\t<\/div>\n\t\t","protected":false},"excerpt":{"rendered":"<p>Durante la primavera de 2025, Above IT publicar\u00e1 una serie de v\u00eddeos educativos sobre las tecnolog\u00edas de Microsoft 365. En la segunda parte de la serie de v\u00eddeos educativos, el &#8216;consigliere&#8217; de Above IT, Lauri Haveri, repasa la tecnolog\u00eda Defender for Cloud Apps: un servicio de intermediario en la nube habilitado por el entorno Microsoft [&hellip;]<\/p>\n","protected":false},"author":7,"featured_media":8422,"comment_status":"closed","ping_status":"closed","sticky":false,"template":"","format":"standard","meta":{"content-type":"","inline_featured_image":false,"footnotes":""},"categories":[220,230],"tags":[221,482,232,234],"class_list":["post-9858","post","type-post","status-publish","format-standard","has-post-thumbnail","hentry","category-ciberseguridad","category-microsoft-365","tag-ciberseguridad","tag-defender","tag-microsoft365","tag-video-tutorial"],"yoast_head":"<!-- This site is optimized with the Yoast SEO plugin v27.5 - https:\/\/yoast.com\/product\/yoast-seo-wordpress\/ -->\n<title>V\u00eddeo educativo de Microsoft 365 - parte 2. - Defender for Cloud Apps - Above IT Oy<\/title>\n<meta name=\"description\" content=\"\u00bfYa est\u00e1 utilizando Defender for Cloud Apps? En nuestro segundo v\u00eddeo educativo de Microsoft 365, Lauri repasa los secretos de Defender for Cloud Apps.\" \/>\n<meta name=\"robots\" content=\"index, follow, max-snippet:-1, max-image-preview:large, max-video-preview:-1\" \/>\n<link rel=\"canonical\" href=\"https:\/\/aboveit.fi\/es\/video-educativo-de-microsoft-365-parte-2-defender-for-cloud-apps\/\" \/>\n<meta property=\"og:locale\" content=\"es_ES\" \/>\n<meta property=\"og:type\" content=\"article\" \/>\n<meta property=\"og:title\" content=\"V\u00eddeo educativo de Microsoft 365 - parte 2. - Defender for Cloud Apps - Above IT Oy\" \/>\n<meta property=\"og:description\" content=\"\u00bfYa est\u00e1 utilizando Defender for Cloud Apps? En nuestro segundo v\u00eddeo educativo de Microsoft 365, Lauri repasa los secretos de Defender for Cloud Apps.\" \/>\n<meta property=\"og:url\" content=\"https:\/\/aboveit.fi\/es\/video-educativo-de-microsoft-365-parte-2-defender-for-cloud-apps\/\" \/>\n<meta property=\"og:site_name\" content=\"Above IT Oy\" \/>\n<meta property=\"article:publisher\" content=\"https:\/\/www.facebook.com\/aboveitfi\" \/>\n<meta property=\"article:published_time\" content=\"2025-05-20T09:00:03+00:00\" \/>\n<meta property=\"article:modified_time\" content=\"2025-12-01T13:05:37+00:00\" \/>\n<meta property=\"og:image\" content=\"https:\/\/aboveit.fi\/wp-content\/uploads\/2025\/01\/AboveIT-45-Edit.jpg\" \/>\n\t<meta property=\"og:image:width\" content=\"1920\" \/>\n\t<meta property=\"og:image:height\" content=\"1280\" \/>\n\t<meta property=\"og:image:type\" content=\"image\/jpeg\" \/>\n<meta name=\"author\" content=\"Lauri Haveri\" \/>\n<meta name=\"twitter:card\" content=\"summary_large_image\" \/>\n<meta name=\"twitter:label1\" content=\"Escrito por\" \/>\n\t<meta name=\"twitter:data1\" content=\"Lauri Haveri\" \/>\n\t<meta name=\"twitter:label2\" content=\"Tiempo de lectura\" \/>\n\t<meta name=\"twitter:data2\" content=\"2 minutos\" \/>\n<script type=\"application\/ld+json\" class=\"yoast-schema-graph\">{\"@context\":\"https:\\\/\\\/schema.org\",\"@graph\":[{\"@type\":\"Article\",\"@id\":\"https:\\\/\\\/aboveit.fi\\\/es\\\/video-educativo-de-microsoft-365-parte-2-defender-for-cloud-apps\\\/#article\",\"isPartOf\":{\"@id\":\"https:\\\/\\\/aboveit.fi\\\/es\\\/video-educativo-de-microsoft-365-parte-2-defender-for-cloud-apps\\\/\"},\"author\":{\"name\":\"Lauri Haveri\",\"@id\":\"https:\\\/\\\/aboveit.fi\\\/es\\\/#\\\/schema\\\/person\\\/ccab7bbd509a621c3089da04fee079cf\"},\"headline\":\"V\u00eddeo educativo de Microsoft 365 &#8211; parte 2. &#8211; Defender for Cloud Apps\",\"datePublished\":\"2025-05-20T09:00:03+00:00\",\"dateModified\":\"2025-12-01T13:05:37+00:00\",\"mainEntityOfPage\":{\"@id\":\"https:\\\/\\\/aboveit.fi\\\/es\\\/video-educativo-de-microsoft-365-parte-2-defender-for-cloud-apps\\\/\"},\"wordCount\":476,\"publisher\":{\"@id\":\"https:\\\/\\\/aboveit.fi\\\/es\\\/#organization\"},\"image\":{\"@id\":\"https:\\\/\\\/aboveit.fi\\\/es\\\/video-educativo-de-microsoft-365-parte-2-defender-for-cloud-apps\\\/#primaryimage\"},\"thumbnailUrl\":\"https:\\\/\\\/aboveit.fi\\\/wp-content\\\/uploads\\\/2025\\\/01\\\/AboveIT-45-Edit.jpg\",\"keywords\":[\"ciberseguridad\",\"Defender\",\"microsoft365\",\"video tutorial\"],\"articleSection\":[\"Ciberseguridad\",\"Microsoft 365\"],\"inLanguage\":\"es\"},{\"@type\":\"WebPage\",\"@id\":\"https:\\\/\\\/aboveit.fi\\\/es\\\/video-educativo-de-microsoft-365-parte-2-defender-for-cloud-apps\\\/\",\"url\":\"https:\\\/\\\/aboveit.fi\\\/es\\\/video-educativo-de-microsoft-365-parte-2-defender-for-cloud-apps\\\/\",\"name\":\"V\u00eddeo educativo de Microsoft 365 - parte 2. - Defender for Cloud Apps - Above IT Oy\",\"isPartOf\":{\"@id\":\"https:\\\/\\\/aboveit.fi\\\/es\\\/#website\"},\"primaryImageOfPage\":{\"@id\":\"https:\\\/\\\/aboveit.fi\\\/es\\\/video-educativo-de-microsoft-365-parte-2-defender-for-cloud-apps\\\/#primaryimage\"},\"image\":{\"@id\":\"https:\\\/\\\/aboveit.fi\\\/es\\\/video-educativo-de-microsoft-365-parte-2-defender-for-cloud-apps\\\/#primaryimage\"},\"thumbnailUrl\":\"https:\\\/\\\/aboveit.fi\\\/wp-content\\\/uploads\\\/2025\\\/01\\\/AboveIT-45-Edit.jpg\",\"datePublished\":\"2025-05-20T09:00:03+00:00\",\"dateModified\":\"2025-12-01T13:05:37+00:00\",\"description\":\"\u00bfYa est\u00e1 utilizando Defender for Cloud Apps? En nuestro segundo v\u00eddeo educativo de Microsoft 365, Lauri repasa los secretos de Defender for Cloud Apps.\",\"breadcrumb\":{\"@id\":\"https:\\\/\\\/aboveit.fi\\\/es\\\/video-educativo-de-microsoft-365-parte-2-defender-for-cloud-apps\\\/#breadcrumb\"},\"inLanguage\":\"es\",\"potentialAction\":[{\"@type\":\"ReadAction\",\"target\":[\"https:\\\/\\\/aboveit.fi\\\/es\\\/video-educativo-de-microsoft-365-parte-2-defender-for-cloud-apps\\\/\"]}]},{\"@type\":\"ImageObject\",\"inLanguage\":\"es\",\"@id\":\"https:\\\/\\\/aboveit.fi\\\/es\\\/video-educativo-de-microsoft-365-parte-2-defender-for-cloud-apps\\\/#primaryimage\",\"url\":\"https:\\\/\\\/aboveit.fi\\\/wp-content\\\/uploads\\\/2025\\\/01\\\/AboveIT-45-Edit.jpg\",\"contentUrl\":\"https:\\\/\\\/aboveit.fi\\\/wp-content\\\/uploads\\\/2025\\\/01\\\/AboveIT-45-Edit.jpg\",\"width\":1920,\"height\":1280},{\"@type\":\"BreadcrumbList\",\"@id\":\"https:\\\/\\\/aboveit.fi\\\/es\\\/video-educativo-de-microsoft-365-parte-2-defender-for-cloud-apps\\\/#breadcrumb\",\"itemListElement\":[{\"@type\":\"ListItem\",\"position\":1,\"name\":\"Etusivu\",\"item\":\"https:\\\/\\\/aboveit.fi\\\/es\\\/\"},{\"@type\":\"ListItem\",\"position\":2,\"name\":\"V\u00eddeo educativo de Microsoft 365 &#8211; parte 2. &#8211; Defender for Cloud Apps\"}]},{\"@type\":\"WebSite\",\"@id\":\"https:\\\/\\\/aboveit.fi\\\/es\\\/#website\",\"url\":\"https:\\\/\\\/aboveit.fi\\\/es\\\/\",\"name\":\"We Are Above IT\",\"description\":\"Tietohallinnon voimavarakumppani\",\"publisher\":{\"@id\":\"https:\\\/\\\/aboveit.fi\\\/es\\\/#organization\"},\"potentialAction\":[{\"@type\":\"SearchAction\",\"target\":{\"@type\":\"EntryPoint\",\"urlTemplate\":\"https:\\\/\\\/aboveit.fi\\\/es\\\/?s={search_term_string}\"},\"query-input\":{\"@type\":\"PropertyValueSpecification\",\"valueRequired\":true,\"valueName\":\"search_term_string\"}}],\"inLanguage\":\"es\"},{\"@type\":\"Organization\",\"@id\":\"https:\\\/\\\/aboveit.fi\\\/es\\\/#organization\",\"name\":\"Above IT Oy\",\"url\":\"https:\\\/\\\/aboveit.fi\\\/es\\\/\",\"logo\":{\"@type\":\"ImageObject\",\"inLanguage\":\"es\",\"@id\":\"https:\\\/\\\/aboveit.fi\\\/es\\\/#\\\/schema\\\/logo\\\/image\\\/\",\"url\":\"https:\\\/\\\/aboveit.fi\\\/wp-content\\\/uploads\\\/2024\\\/10\\\/aboveIT-logo.png\",\"contentUrl\":\"https:\\\/\\\/aboveit.fi\\\/wp-content\\\/uploads\\\/2024\\\/10\\\/aboveIT-logo.png\",\"width\":1613,\"height\":383,\"caption\":\"Above IT Oy\"},\"image\":{\"@id\":\"https:\\\/\\\/aboveit.fi\\\/es\\\/#\\\/schema\\\/logo\\\/image\\\/\"},\"sameAs\":[\"https:\\\/\\\/www.facebook.com\\\/aboveitfi\",\"https:\\\/\\\/www.linkedin.com\\\/company\\\/aboveitfi\",\"https:\\\/\\\/instagram.com\\\/aboveitfi\"]},{\"@type\":\"Person\",\"@id\":\"https:\\\/\\\/aboveit.fi\\\/es\\\/#\\\/schema\\\/person\\\/ccab7bbd509a621c3089da04fee079cf\",\"name\":\"Lauri Haveri\",\"image\":{\"@type\":\"ImageObject\",\"inLanguage\":\"es\",\"@id\":\"https:\\\/\\\/secure.gravatar.com\\\/avatar\\\/bd4f84db64857d6806fe10bff9981a4aa89271293db63f9f36f23ad2fe16f168?s=96&d=mm&r=g\",\"url\":\"https:\\\/\\\/secure.gravatar.com\\\/avatar\\\/bd4f84db64857d6806fe10bff9981a4aa89271293db63f9f36f23ad2fe16f168?s=96&d=mm&r=g\",\"contentUrl\":\"https:\\\/\\\/secure.gravatar.com\\\/avatar\\\/bd4f84db64857d6806fe10bff9981a4aa89271293db63f9f36f23ad2fe16f168?s=96&d=mm&r=g\",\"caption\":\"Lauri Haveri\"},\"url\":\"https:\\\/\\\/aboveit.fi\\\/es\\\/author\\\/lauri-haveriaboveit-fi\\\/\"}]}<\/script>\n<!-- \/ Yoast SEO plugin. -->","yoast_head_json":{"title":"V\u00eddeo educativo de Microsoft 365 - parte 2. - Defender for Cloud Apps - Above IT Oy","description":"\u00bfYa est\u00e1 utilizando Defender for Cloud Apps? En nuestro segundo v\u00eddeo educativo de Microsoft 365, Lauri repasa los secretos de Defender for Cloud Apps.","robots":{"index":"index","follow":"follow","max-snippet":"max-snippet:-1","max-image-preview":"max-image-preview:large","max-video-preview":"max-video-preview:-1"},"canonical":"https:\/\/aboveit.fi\/es\/video-educativo-de-microsoft-365-parte-2-defender-for-cloud-apps\/","og_locale":"es_ES","og_type":"article","og_title":"V\u00eddeo educativo de Microsoft 365 - parte 2. - Defender for Cloud Apps - Above IT Oy","og_description":"\u00bfYa est\u00e1 utilizando Defender for Cloud Apps? En nuestro segundo v\u00eddeo educativo de Microsoft 365, Lauri repasa los secretos de Defender for Cloud Apps.","og_url":"https:\/\/aboveit.fi\/es\/video-educativo-de-microsoft-365-parte-2-defender-for-cloud-apps\/","og_site_name":"Above IT Oy","article_publisher":"https:\/\/www.facebook.com\/aboveitfi","article_published_time":"2025-05-20T09:00:03+00:00","article_modified_time":"2025-12-01T13:05:37+00:00","og_image":[{"width":1920,"height":1280,"url":"https:\/\/aboveit.fi\/wp-content\/uploads\/2025\/01\/AboveIT-45-Edit.jpg","type":"image\/jpeg"}],"author":"Lauri Haveri","twitter_card":"summary_large_image","twitter_misc":{"Escrito por":"Lauri Haveri","Tiempo de lectura":"2 minutos"},"schema":{"@context":"https:\/\/schema.org","@graph":[{"@type":"Article","@id":"https:\/\/aboveit.fi\/es\/video-educativo-de-microsoft-365-parte-2-defender-for-cloud-apps\/#article","isPartOf":{"@id":"https:\/\/aboveit.fi\/es\/video-educativo-de-microsoft-365-parte-2-defender-for-cloud-apps\/"},"author":{"name":"Lauri Haveri","@id":"https:\/\/aboveit.fi\/es\/#\/schema\/person\/ccab7bbd509a621c3089da04fee079cf"},"headline":"V\u00eddeo educativo de Microsoft 365 &#8211; parte 2. &#8211; Defender for Cloud Apps","datePublished":"2025-05-20T09:00:03+00:00","dateModified":"2025-12-01T13:05:37+00:00","mainEntityOfPage":{"@id":"https:\/\/aboveit.fi\/es\/video-educativo-de-microsoft-365-parte-2-defender-for-cloud-apps\/"},"wordCount":476,"publisher":{"@id":"https:\/\/aboveit.fi\/es\/#organization"},"image":{"@id":"https:\/\/aboveit.fi\/es\/video-educativo-de-microsoft-365-parte-2-defender-for-cloud-apps\/#primaryimage"},"thumbnailUrl":"https:\/\/aboveit.fi\/wp-content\/uploads\/2025\/01\/AboveIT-45-Edit.jpg","keywords":["ciberseguridad","Defender","microsoft365","video tutorial"],"articleSection":["Ciberseguridad","Microsoft 365"],"inLanguage":"es"},{"@type":"WebPage","@id":"https:\/\/aboveit.fi\/es\/video-educativo-de-microsoft-365-parte-2-defender-for-cloud-apps\/","url":"https:\/\/aboveit.fi\/es\/video-educativo-de-microsoft-365-parte-2-defender-for-cloud-apps\/","name":"V\u00eddeo educativo de Microsoft 365 - parte 2. - Defender for Cloud Apps - Above IT Oy","isPartOf":{"@id":"https:\/\/aboveit.fi\/es\/#website"},"primaryImageOfPage":{"@id":"https:\/\/aboveit.fi\/es\/video-educativo-de-microsoft-365-parte-2-defender-for-cloud-apps\/#primaryimage"},"image":{"@id":"https:\/\/aboveit.fi\/es\/video-educativo-de-microsoft-365-parte-2-defender-for-cloud-apps\/#primaryimage"},"thumbnailUrl":"https:\/\/aboveit.fi\/wp-content\/uploads\/2025\/01\/AboveIT-45-Edit.jpg","datePublished":"2025-05-20T09:00:03+00:00","dateModified":"2025-12-01T13:05:37+00:00","description":"\u00bfYa est\u00e1 utilizando Defender for Cloud Apps? En nuestro segundo v\u00eddeo educativo de Microsoft 365, Lauri repasa los secretos de Defender for Cloud Apps.","breadcrumb":{"@id":"https:\/\/aboveit.fi\/es\/video-educativo-de-microsoft-365-parte-2-defender-for-cloud-apps\/#breadcrumb"},"inLanguage":"es","potentialAction":[{"@type":"ReadAction","target":["https:\/\/aboveit.fi\/es\/video-educativo-de-microsoft-365-parte-2-defender-for-cloud-apps\/"]}]},{"@type":"ImageObject","inLanguage":"es","@id":"https:\/\/aboveit.fi\/es\/video-educativo-de-microsoft-365-parte-2-defender-for-cloud-apps\/#primaryimage","url":"https:\/\/aboveit.fi\/wp-content\/uploads\/2025\/01\/AboveIT-45-Edit.jpg","contentUrl":"https:\/\/aboveit.fi\/wp-content\/uploads\/2025\/01\/AboveIT-45-Edit.jpg","width":1920,"height":1280},{"@type":"BreadcrumbList","@id":"https:\/\/aboveit.fi\/es\/video-educativo-de-microsoft-365-parte-2-defender-for-cloud-apps\/#breadcrumb","itemListElement":[{"@type":"ListItem","position":1,"name":"Etusivu","item":"https:\/\/aboveit.fi\/es\/"},{"@type":"ListItem","position":2,"name":"V\u00eddeo educativo de Microsoft 365 &#8211; parte 2. &#8211; Defender for Cloud Apps"}]},{"@type":"WebSite","@id":"https:\/\/aboveit.fi\/es\/#website","url":"https:\/\/aboveit.fi\/es\/","name":"We Are Above IT","description":"Tietohallinnon voimavarakumppani","publisher":{"@id":"https:\/\/aboveit.fi\/es\/#organization"},"potentialAction":[{"@type":"SearchAction","target":{"@type":"EntryPoint","urlTemplate":"https:\/\/aboveit.fi\/es\/?s={search_term_string}"},"query-input":{"@type":"PropertyValueSpecification","valueRequired":true,"valueName":"search_term_string"}}],"inLanguage":"es"},{"@type":"Organization","@id":"https:\/\/aboveit.fi\/es\/#organization","name":"Above IT Oy","url":"https:\/\/aboveit.fi\/es\/","logo":{"@type":"ImageObject","inLanguage":"es","@id":"https:\/\/aboveit.fi\/es\/#\/schema\/logo\/image\/","url":"https:\/\/aboveit.fi\/wp-content\/uploads\/2024\/10\/aboveIT-logo.png","contentUrl":"https:\/\/aboveit.fi\/wp-content\/uploads\/2024\/10\/aboveIT-logo.png","width":1613,"height":383,"caption":"Above IT Oy"},"image":{"@id":"https:\/\/aboveit.fi\/es\/#\/schema\/logo\/image\/"},"sameAs":["https:\/\/www.facebook.com\/aboveitfi","https:\/\/www.linkedin.com\/company\/aboveitfi","https:\/\/instagram.com\/aboveitfi"]},{"@type":"Person","@id":"https:\/\/aboveit.fi\/es\/#\/schema\/person\/ccab7bbd509a621c3089da04fee079cf","name":"Lauri Haveri","image":{"@type":"ImageObject","inLanguage":"es","@id":"https:\/\/secure.gravatar.com\/avatar\/bd4f84db64857d6806fe10bff9981a4aa89271293db63f9f36f23ad2fe16f168?s=96&d=mm&r=g","url":"https:\/\/secure.gravatar.com\/avatar\/bd4f84db64857d6806fe10bff9981a4aa89271293db63f9f36f23ad2fe16f168?s=96&d=mm&r=g","contentUrl":"https:\/\/secure.gravatar.com\/avatar\/bd4f84db64857d6806fe10bff9981a4aa89271293db63f9f36f23ad2fe16f168?s=96&d=mm&r=g","caption":"Lauri Haveri"},"url":"https:\/\/aboveit.fi\/es\/author\/lauri-haveriaboveit-fi\/"}]}},"_links":{"self":[{"href":"https:\/\/aboveit.fi\/es\/wp-json\/wp\/v2\/posts\/9858","targetHints":{"allow":["GET"]}}],"collection":[{"href":"https:\/\/aboveit.fi\/es\/wp-json\/wp\/v2\/posts"}],"about":[{"href":"https:\/\/aboveit.fi\/es\/wp-json\/wp\/v2\/types\/post"}],"author":[{"embeddable":true,"href":"https:\/\/aboveit.fi\/es\/wp-json\/wp\/v2\/users\/7"}],"replies":[{"embeddable":true,"href":"https:\/\/aboveit.fi\/es\/wp-json\/wp\/v2\/comments?post=9858"}],"version-history":[{"count":1,"href":"https:\/\/aboveit.fi\/es\/wp-json\/wp\/v2\/posts\/9858\/revisions"}],"predecessor-version":[{"id":9859,"href":"https:\/\/aboveit.fi\/es\/wp-json\/wp\/v2\/posts\/9858\/revisions\/9859"}],"wp:featuredmedia":[{"embeddable":true,"href":"https:\/\/aboveit.fi\/es\/wp-json\/wp\/v2\/media\/8422"}],"wp:attachment":[{"href":"https:\/\/aboveit.fi\/es\/wp-json\/wp\/v2\/media?parent=9858"}],"wp:term":[{"taxonomy":"category","embeddable":true,"href":"https:\/\/aboveit.fi\/es\/wp-json\/wp\/v2\/categories?post=9858"},{"taxonomy":"post_tag","embeddable":true,"href":"https:\/\/aboveit.fi\/es\/wp-json\/wp\/v2\/tags?post=9858"}],"curies":[{"name":"wp","href":"https:\/\/api.w.org\/{rel}","templated":true}]}}