{"id":9629,"date":"2025-02-14T09:00:00","date_gmt":"2025-02-14T07:00:00","guid":{"rendered":"https:\/\/aboveit.fi\/feliz-dia-de-san-valentin-2\/"},"modified":"2025-11-27T14:04:45","modified_gmt":"2025-11-27T12:04:45","slug":"feliz-dia-de-san-valentin-2","status":"publish","type":"post","link":"https:\/\/aboveit.fi\/es\/feliz-dia-de-san-valentin-2\/","title":{"rendered":"\u00a1Feliz d\u00eda de San Valent\u00edn!"},"content":{"rendered":"\t\t<div data-elementor-type=\"wp-post\" data-elementor-id=\"9629\" class=\"elementor elementor-9629 elementor-4817\" data-elementor-post-type=\"post\">\n\t\t\t\t\t\t<section class=\"elementor-section elementor-top-section elementor-element elementor-element-a3f801a elementor-section-boxed elementor-section-height-default elementor-section-height-default\" data-id=\"a3f801a\" data-element_type=\"section\" data-e-type=\"section\">\n\t\t\t\t\t\t<div class=\"elementor-container elementor-column-gap-default\">\n\t\t\t\t\t<div class=\"elementor-column elementor-col-100 elementor-top-column elementor-element elementor-element-6a942e1\" data-id=\"6a942e1\" data-element_type=\"column\" data-e-type=\"column\">\n\t\t\t<div class=\"elementor-widget-wrap elementor-element-populated\">\n\t\t\t\t\t\t<div class=\"elementor-element elementor-element-08d9ffd elementor-widget elementor-widget-text-editor\" data-id=\"08d9ffd\" data-element_type=\"widget\" data-e-type=\"widget\" data-widget_type=\"text-editor.default\">\n\t\t\t\t<div class=\"elementor-widget-container\">\n\t\t\t\t\t\t\t\t\t<p><em><strong>\u00a1Feliz d\u00eda de San Valent\u00edn!<\/strong> Above IT Oy est\u00e1 de celebraci\u00f3n hoy, \u00a1ya que tambi\u00e9n es nuestro cumplea\u00f1os oficial! As\u00ed, nuestro primer a\u00f1o en la historia de Above IT ha pasado volando. El primer a\u00f1o estuvo lleno de velocidad y situaciones peligrosas, pero tambi\u00e9n de kilos de \u00e9xitos. Above IT Oy ha consolidado su posici\u00f3n como socio de los departamentos de TI. Pero, \u00bfc\u00f3mo se presenta el a\u00f1o que acaba de comenzar? Les cuento m\u00e1s sobre ello en este blog.     <\/em><\/p>\t\t\t\t\t\t\t\t<\/div>\n\t\t\t\t<\/div>\n\t\t\t\t\t<\/div>\n\t\t<\/div>\n\t\t\t\t\t<\/div>\n\t\t<\/section>\n\t\t\t\t<section class=\"elementor-section elementor-top-section elementor-element elementor-element-680bf5d elementor-section-boxed elementor-section-height-default elementor-section-height-default\" data-id=\"680bf5d\" data-element_type=\"section\" data-e-type=\"section\">\n\t\t\t\t\t\t<div class=\"elementor-container elementor-column-gap-default\">\n\t\t\t\t\t<div class=\"elementor-column elementor-col-100 elementor-top-column elementor-element elementor-element-a43f738\" data-id=\"a43f738\" data-element_type=\"column\" data-e-type=\"column\">\n\t\t\t<div class=\"elementor-widget-wrap elementor-element-populated\">\n\t\t\t\t\t\t<div class=\"elementor-element elementor-element-a611ca5 elementor-widget elementor-widget-heading\" data-id=\"a611ca5\" data-element_type=\"widget\" data-e-type=\"widget\" data-widget_type=\"heading.default\">\n\t\t\t\t<div class=\"elementor-widget-container\">\n\t\t\t\t\t<h2 class=\"elementor-heading-title elementor-size-default\">Nuevos vientos en la gesti\u00f3n de TI<\/h2>\t\t\t\t<\/div>\n\t\t\t\t<\/div>\n\t\t\t\t\t<\/div>\n\t\t<\/div>\n\t\t\t\t\t<\/div>\n\t\t<\/section>\n\t\t\t\t<section class=\"elementor-section elementor-top-section elementor-element elementor-element-ec643cc elementor-section-boxed elementor-section-height-default elementor-section-height-default\" data-id=\"ec643cc\" data-element_type=\"section\" data-e-type=\"section\">\n\t\t\t\t\t\t<div class=\"elementor-container elementor-column-gap-default\">\n\t\t\t\t\t<div class=\"elementor-column elementor-col-100 elementor-top-column elementor-element elementor-element-58c9be2\" data-id=\"58c9be2\" data-element_type=\"column\" data-e-type=\"column\">\n\t\t\t<div class=\"elementor-widget-wrap elementor-element-populated\">\n\t\t\t\t\t\t<div class=\"elementor-element elementor-element-4776b3a elementor-widget elementor-widget-text-editor\" data-id=\"4776b3a\" data-element_type=\"widget\" data-e-type=\"widget\" data-widget_type=\"text-editor.default\">\n\t\t\t\t<div class=\"elementor-widget-container\">\n\t\t\t\t\t\t\t\t\t<p>Mirando hacia atr\u00e1s, el a\u00f1o pasado ha sido un entorno operativo desafiante para todas las empresas y especialmente para el personal de TI. El tiempo actual ha tra\u00eddo sus propios desaf\u00edos al mercado y muchos departamentos de TI han tenido que lidiar con sus estructuras de costes. <\/p><p>El a\u00f1o pasado tambi\u00e9n entr\u00f3 en vigor a nivel de la UE, entre otras cosas, los requisitos de seguridad de la informaci\u00f3n introducidos por la directiva NIS2. A trav\u00e9s de esto, la seguridad de la informaci\u00f3n administrativa ha llegado para quedarse. Mientras que una gran parte de las organizaciones han podido hasta ahora depender de las tecnolog\u00edas, los requisitos de ciberseguridad m\u00e1s estrictos a nivel de la UE est\u00e1n guiando a los departamentos de TI hacia una implementaci\u00f3n m\u00e1s integral y una cooperaci\u00f3n m\u00e1s estrecha con la direcci\u00f3n empresarial de sus propias organizaciones. La comprensi\u00f3n de la seguridad de la informaci\u00f3n y la protecci\u00f3n del negocio est\u00e1 creciendo en ambos lados. Desafortunadamente, nuestro pa\u00eds de origen, Finlandia, a\u00fan no ha implementado estas nuevas directivas de seguridad de la informaci\u00f3n a nivel nacional en el momento de escribir este blog.    <\/p><p>Cuando los equipos directivos de las empresas empiezan a despertar a la necesidad de asegurar la continuidad del negocio, el trabajo del departamento de TI con el negocio se vuelve a\u00fan m\u00e1s importante. Al comprender c\u00f3mo se puede dirigir el departamento de TI de manera orientada a objetivos y c\u00f3mo se pueden monitorear los \u00e9xitos y el desarrollo del departamento de TI, el valor del departamento de TI a los ojos del negocio aumenta. Para este trabajo un poco m\u00e1s sistem\u00e1tico, Above IT ofrecer\u00e1 sus propios ingredientes a los departamentos de TI en el a\u00f1o que comienza, de los cuales quiz\u00e1s incluso algunos equipos directivos de diferentes empresas podr\u00edan aprender en el futuro.  <\/p>\t\t\t\t\t\t\t\t<\/div>\n\t\t\t\t<\/div>\n\t\t\t\t\t<\/div>\n\t\t<\/div>\n\t\t\t\t\t<\/div>\n\t\t<\/section>\n\t\t\t\t<section class=\"elementor-section elementor-top-section elementor-element elementor-element-cd04c2c elementor-section-boxed elementor-section-height-default elementor-section-height-default\" data-id=\"cd04c2c\" data-element_type=\"section\" data-e-type=\"section\">\n\t\t\t\t\t\t<div class=\"elementor-container elementor-column-gap-default\">\n\t\t\t\t\t<div class=\"elementor-column elementor-col-100 elementor-top-column elementor-element elementor-element-e342937\" data-id=\"e342937\" data-element_type=\"column\" data-e-type=\"column\">\n\t\t\t<div class=\"elementor-widget-wrap elementor-element-populated\">\n\t\t\t\t\t\t<div class=\"elementor-element elementor-element-6e36d05 elementor-widget elementor-widget-heading\" data-id=\"6e36d05\" data-element_type=\"widget\" data-e-type=\"widget\" data-widget_type=\"heading.default\">\n\t\t\t\t<div class=\"elementor-widget-container\">\n\t\t\t\t\t<h2 class=\"elementor-heading-title elementor-size-default\">Fuerza de la asociaci\u00f3n con Microsoft<\/h2>\t\t\t\t<\/div>\n\t\t\t\t<\/div>\n\t\t\t\t\t<\/div>\n\t\t<\/div>\n\t\t\t\t\t<\/div>\n\t\t<\/section>\n\t\t\t\t<section class=\"elementor-section elementor-top-section elementor-element elementor-element-976934b elementor-section-boxed elementor-section-height-default elementor-section-height-default\" data-id=\"976934b\" data-element_type=\"section\" data-e-type=\"section\">\n\t\t\t\t\t\t<div class=\"elementor-container elementor-column-gap-default\">\n\t\t\t\t\t<div class=\"elementor-column elementor-col-100 elementor-top-column elementor-element elementor-element-6bcf872\" data-id=\"6bcf872\" data-element_type=\"column\" data-e-type=\"column\">\n\t\t\t<div class=\"elementor-widget-wrap elementor-element-populated\">\n\t\t\t\t\t\t<div class=\"elementor-element elementor-element-0ecf683 elementor-widget elementor-widget-text-editor\" data-id=\"0ecf683\" data-element_type=\"widget\" data-e-type=\"widget\" data-widget_type=\"text-editor.default\">\n\t\t\t\t<div class=\"elementor-widget-container\">\n\t\t\t\t\t\t\t\t\t<p>El primer a\u00f1o ha estado lleno de trabajo mientras constru\u00edamos nuestra asociaci\u00f3n con Microsoft hacia los primeros estados de Solution Partner. La asociaci\u00f3n con Microsoft nos da fuerza y tambi\u00e9n nos ayuda a servir mejor a nuestros clientes. Un ejemplo de esto son los diferentes modelos de proyectos implementados en cooperaci\u00f3n con Microsoft que apoyan a nosotros, los socios, en t\u00e9rminos de seguridad de la informaci\u00f3n y Azure, que ya hemos implementado de manera ejemplar.  <\/p>\n<p>Nuestro objetivo ha sido lograr el estado de Solution Partner primero en Azure Infrastructure, porque como tema objetivo est\u00e1 especialmente cerca de nosotros &#8211; despu\u00e9s de todo, trabajamos muy activamente con las nubes Azure de nuestros clientes. Ahora hemos alcanzado este nivel. Esto tambi\u00e9n nos da gradualmente fuerza mientras nos preparamos para la llegada de los centros de datos de Microsoft a Finlandia, cuya construcci\u00f3n de cimientos se est\u00e1 iniciando, seg\u00fan se informa, en Kirkkonummi.  <\/p>\n<p>Las tecnolog\u00edas de Microsoft est\u00e1n en el centro de nuestro trabajo y queremos asegurar la seguridad de la informaci\u00f3n, la protecci\u00f3n de datos, la funcionalidad del trabajo de informaci\u00f3n y el funcionamiento de los diferentes servicios comerciales de nuestras organizaciones cliente, y para este a\u00f1o hemos pintado un total de tres primeros niveles de asociaci\u00f3n para lograr: Azure Infrastructure, Modern Work y Security. \u00a1De estos, los primeros ya se est\u00e1n logrando, y anunciaremos los cambios de estado de Solution Partner con m\u00e1s detalle en las pr\u00f3ximas semanas! <\/p>\t\t\t\t\t\t\t\t<\/div>\n\t\t\t\t<\/div>\n\t\t\t\t\t<\/div>\n\t\t<\/div>\n\t\t\t\t\t<\/div>\n\t\t<\/section>\n\t\t\t\t<section class=\"elementor-section elementor-top-section elementor-element elementor-element-0aa8e4c elementor-section-boxed elementor-section-height-default elementor-section-height-default\" data-id=\"0aa8e4c\" data-element_type=\"section\" data-e-type=\"section\">\n\t\t\t\t\t\t<div class=\"elementor-container elementor-column-gap-default\">\n\t\t\t\t\t<div class=\"elementor-column elementor-col-100 elementor-top-column elementor-element elementor-element-bfb292c\" data-id=\"bfb292c\" data-element_type=\"column\" data-e-type=\"column\">\n\t\t\t<div class=\"elementor-widget-wrap elementor-element-populated\">\n\t\t\t\t\t\t<div class=\"elementor-element elementor-element-656f717 elementor-widget elementor-widget-heading\" data-id=\"656f717\" data-element_type=\"widget\" data-e-type=\"widget\" data-widget_type=\"heading.default\">\n\t\t\t\t<div class=\"elementor-widget-container\">\n\t\t\t\t\t<h2 class=\"elementor-heading-title elementor-size-default\">Nuestros clientes en el centro<\/h2>\t\t\t\t<\/div>\n\t\t\t\t<\/div>\n\t\t\t\t\t<\/div>\n\t\t<\/div>\n\t\t\t\t\t<\/div>\n\t\t<\/section>\n\t\t\t\t<section class=\"elementor-section elementor-top-section elementor-element elementor-element-af8d955 elementor-section-boxed elementor-section-height-default elementor-section-height-default\" data-id=\"af8d955\" data-element_type=\"section\" data-e-type=\"section\">\n\t\t\t\t\t\t<div class=\"elementor-container elementor-column-gap-default\">\n\t\t\t\t\t<div class=\"elementor-column elementor-col-100 elementor-top-column elementor-element elementor-element-0673479\" data-id=\"0673479\" data-element_type=\"column\" data-e-type=\"column\">\n\t\t\t<div class=\"elementor-widget-wrap elementor-element-populated\">\n\t\t\t\t\t\t<div class=\"elementor-element elementor-element-a8ed158 elementor-widget elementor-widget-text-editor\" data-id=\"a8ed158\" data-element_type=\"widget\" data-e-type=\"widget\" data-widget_type=\"text-editor.default\">\n\t\t\t\t<div class=\"elementor-widget-container\">\n\t\t\t\t\t\t\t\t\t<p>Mientras que el primer a\u00f1o se dedic\u00f3 a construir nuestro negocio y a producir nuestros servicios de nube gestionada (y en parte un poco demasiado r\u00e1pido) &#8211; comenzamos el nuevo a\u00f1o pint\u00e1ndonos una estrategia para apoyar un trabajo planificado. Para implementar la estrategia y apoyar el crecimiento, adoptamos el modelo de gesti\u00f3n OKR (Objects &amp; Key-Results). Todav\u00eda somos una empresa peque\u00f1a &#8211; la empresa creci\u00f3 en oto\u00f1o seg\u00fan lo planeado al tama\u00f1o de cuatro &#8216;consiglieri&#8217;. Pero a medida que crecemos de acuerdo con la estrategia este a\u00f1o, especialmente para apoyar mejor a sus departamentos de TI, ha sido claro que estamos construyendo nuestro propio modelo de trabajo desde el principio de una manera que apoye la realizaci\u00f3n de nuestra estrategia.   <\/p><p>En el centro de nuestra estrategia est\u00e1n ustedes &#8211; Nuestros clientes. Nuestra tarea sigue siendo hacer de ustedes, la gente de TI, el valorado &#8216;Don&#8217; y ser nosotros mismos el humilde &#8216;consigliere&#8217; que les ayuda a permitir que los objetivos comerciales de su organizaci\u00f3n se realicen. Apoyando esto est\u00e1n nuestros diversos servicios de Interim y nube gestionada que act\u00faan como su recurso.  <\/p><p>As\u00ed que, como CEO, recibo con alegr\u00eda este a\u00f1o, ya que Above IT Oy ha comenzado el nuevo a\u00f1o con una planificaci\u00f3n a\u00fan m\u00e1s clara y un trabajo m\u00e1s sistem\u00e1tico. Que este a\u00f1o sea mejor &#8211; especialmente para ustedes, nuestros clientes. \u00a1Y seguramente el mercado tambi\u00e9n comenzar\u00e1 a enderezarse pronto hacia un nuevo auge!  <\/p><p><strong>As\u00ed que una vez m\u00e1s: \u00a1Feliz d\u00eda de San Valent\u00edn!<\/strong><\/p>\t\t\t\t\t\t\t\t<\/div>\n\t\t\t\t<\/div>\n\t\t\t\t\t<\/div>\n\t\t<\/div>\n\t\t\t\t\t<\/div>\n\t\t<\/section>\n\t\t\t\t<section class=\"elementor-section elementor-top-section elementor-element elementor-element-056db14 elementor-section-boxed elementor-section-height-default elementor-section-height-default\" data-id=\"056db14\" data-element_type=\"section\" data-e-type=\"section\">\n\t\t\t\t\t\t<div class=\"elementor-container elementor-column-gap-default\">\n\t\t\t\t\t<div class=\"elementor-column elementor-col-100 elementor-top-column elementor-element elementor-element-f383442\" data-id=\"f383442\" data-element_type=\"column\" data-e-type=\"column\">\n\t\t\t<div class=\"elementor-widget-wrap elementor-element-populated\">\n\t\t\t\t\t\t<div class=\"elementor-element elementor-element-8727e5f elementor-widget elementor-widget-text-editor\" data-id=\"8727e5f\" data-element_type=\"widget\" data-e-type=\"widget\" data-widget_type=\"text-editor.default\">\n\t\t\t\t<div class=\"elementor-widget-container\">\n\t\t\t\t\t\t\t\t\t<p>Atentamente,<\/p><p><img decoding=\"async\" class=\"alignnone size-medium wp-image-750\" src=\"https:\/\/aboveit.fi\/wp-content\/uploads\/2024\/02\/signature-e1707285301279-300x77.png\" alt=\"\" width=\"300\" height=\"77\" srcset=\"https:\/\/aboveit.fi\/wp-content\/uploads\/2024\/02\/signature-e1707285301279-300x77.png 300w, https:\/\/aboveit.fi\/wp-content\/uploads\/2024\/02\/signature-e1707285301279.png 385w\" sizes=\"(max-width: 300px) 100vw, 300px\" \/><\/p><p>consigliere, CEO, cofundador<br>Above IT Oy<\/p>\t\t\t\t\t\t\t\t<\/div>\n\t\t\t\t<\/div>\n\t\t\t\t\t<\/div>\n\t\t<\/div>\n\t\t\t\t\t<\/div>\n\t\t<\/section>\n\t\t\t\t<section class=\"elementor-section elementor-top-section elementor-element elementor-element-10900e4 elementor-section-boxed elementor-section-height-default elementor-section-height-default\" data-id=\"10900e4\" data-element_type=\"section\" data-e-type=\"section\">\n\t\t\t\t\t\t<div class=\"elementor-container elementor-column-gap-default\">\n\t\t\t\t\t<div class=\"elementor-column elementor-col-100 elementor-top-column elementor-element elementor-element-c9d27a7\" data-id=\"c9d27a7\" data-element_type=\"column\" data-e-type=\"column\">\n\t\t\t<div class=\"elementor-widget-wrap elementor-element-populated\">\n\t\t\t\t\t\t<div class=\"elementor-element elementor-element-cab5344 elementor-widget elementor-widget-text-editor\" data-id=\"cab5344\" data-element_type=\"widget\" data-e-type=\"widget\" data-widget_type=\"text-editor.default\">\n\t\t\t\t<div class=\"elementor-widget-container\">\n\t\t\t\t\t\t\t\t\t<p><em>Above IT Oy es un socio y recurso para los departamentos de TI. Para nuestros clientes, la tecnolog\u00eda es el combustible del negocio. Las preocupaciones de los departamentos de TI son t\u00edpicamente muy similares a las de los jefes de la mafia de anta\u00f1o, que ya entonces ten\u00edan su propio &#8216;consigliere&#8217;. Como su mano derecha, el &#8216;consigliere&#8217; asegura la funcionalidad y continuidad del negocio y eleva su departamento de TI a la posici\u00f3n que siempre deber\u00eda haber tenido a los ojos del negocio de la organizaci\u00f3n.   <\/em><\/p>\t\t\t\t\t\t\t\t<\/div>\n\t\t\t\t<\/div>\n\t\t\t\t\t<\/div>\n\t\t<\/div>\n\t\t\t\t\t<\/div>\n\t\t<\/section>\n\t\t\t\t<\/div>\n\t\t","protected":false},"excerpt":{"rendered":"<p>\u00a1Feliz d\u00eda de San Valent\u00edn! Above IT Oy est\u00e1 de celebraci\u00f3n hoy, \u00a1ya que tambi\u00e9n es nuestro cumplea\u00f1os oficial! As\u00ed, nuestro primer a\u00f1o en la historia de Above IT ha pasado volando. El primer a\u00f1o estuvo lleno de velocidad y situaciones peligrosas, pero tambi\u00e9n de kilos de \u00e9xitos. Above IT Oy ha consolidado su posici\u00f3n [&hellip;]<\/p>\n","protected":false},"author":3,"featured_media":9630,"comment_status":"closed","ping_status":"open","sticky":false,"template":"","format":"standard","meta":{"content-type":"","inline_featured_image":false,"footnotes":""},"categories":[243,245,244,242],"tags":[246,436],"class_list":["post-9629","post","type-post","status-publish","format-standard","has-post-thumbnail","hentry","category-above-it","category-general","category-liderazgo","category-noticias","tag-aboveit","tag-dia-de-san-valentin"],"yoast_head":"<!-- This site is optimized with the Yoast SEO plugin v27.5 - https:\/\/yoast.com\/product\/yoast-seo-wordpress\/ -->\n<title>\u00a1Feliz d\u00eda de San Valent\u00edn! - Above IT Oy<\/title>\n<meta name=\"description\" content=\"\u00a1Feliz d\u00eda de San Valent\u00edn! \u00a1Above IT cumple hoy un honorable a\u00f1o de edad! \u00a1El blog de Juha hace un repaso del a\u00f1o pasado y del futuro!\" \/>\n<meta name=\"robots\" content=\"index, follow, max-snippet:-1, max-image-preview:large, max-video-preview:-1\" \/>\n<link rel=\"canonical\" href=\"https:\/\/aboveit.fi\/es\/feliz-dia-de-san-valentin-2\/\" \/>\n<meta property=\"og:locale\" content=\"es_ES\" \/>\n<meta property=\"og:type\" content=\"article\" \/>\n<meta property=\"og:title\" content=\"\u00a1Feliz d\u00eda de San Valent\u00edn! - Above IT Oy\" \/>\n<meta property=\"og:description\" content=\"\u00a1Feliz d\u00eda de San Valent\u00edn! \u00a1Above IT cumple hoy un honorable a\u00f1o de edad! \u00a1El blog de Juha hace un repaso del a\u00f1o pasado y del futuro!\" \/>\n<meta property=\"og:url\" content=\"https:\/\/aboveit.fi\/es\/feliz-dia-de-san-valentin-2\/\" \/>\n<meta property=\"og:site_name\" content=\"Above IT Oy\" \/>\n<meta property=\"article:publisher\" content=\"https:\/\/www.facebook.com\/aboveitfi\" \/>\n<meta property=\"article:published_time\" content=\"2025-02-14T07:00:00+00:00\" \/>\n<meta property=\"article:modified_time\" content=\"2025-11-27T12:04:45+00:00\" \/>\n<meta property=\"og:image\" content=\"https:\/\/aboveit.fi\/wp-content\/uploads\/2025\/02\/AboveIT-70.jpg\" \/>\n\t<meta property=\"og:image:width\" content=\"1920\" \/>\n\t<meta property=\"og:image:height\" content=\"1280\" \/>\n\t<meta property=\"og:image:type\" content=\"image\/jpeg\" \/>\n<meta name=\"author\" content=\"Juha Kari\" \/>\n<meta name=\"twitter:card\" content=\"summary_large_image\" \/>\n<meta name=\"twitter:label1\" content=\"Escrito por\" \/>\n\t<meta name=\"twitter:data1\" content=\"Juha Kari\" \/>\n\t<meta name=\"twitter:label2\" content=\"Tiempo de lectura\" \/>\n\t<meta name=\"twitter:data2\" content=\"5 minutos\" \/>\n<script type=\"application\/ld+json\" class=\"yoast-schema-graph\">{\"@context\":\"https:\\\/\\\/schema.org\",\"@graph\":[{\"@type\":\"Article\",\"@id\":\"https:\\\/\\\/aboveit.fi\\\/es\\\/feliz-dia-de-san-valentin-2\\\/#article\",\"isPartOf\":{\"@id\":\"https:\\\/\\\/aboveit.fi\\\/es\\\/feliz-dia-de-san-valentin-2\\\/\"},\"author\":{\"name\":\"Juha Kari\",\"@id\":\"https:\\\/\\\/aboveit.fi\\\/es\\\/#\\\/schema\\\/person\\\/8b6b16ca2927e8021cd0a2fc2a09ce5d\"},\"headline\":\"\u00a1Feliz d\u00eda de San Valent\u00edn!\",\"datePublished\":\"2025-02-14T07:00:00+00:00\",\"dateModified\":\"2025-11-27T12:04:45+00:00\",\"mainEntityOfPage\":{\"@id\":\"https:\\\/\\\/aboveit.fi\\\/es\\\/feliz-dia-de-san-valentin-2\\\/\"},\"wordCount\":1083,\"publisher\":{\"@id\":\"https:\\\/\\\/aboveit.fi\\\/es\\\/#organization\"},\"image\":{\"@id\":\"https:\\\/\\\/aboveit.fi\\\/es\\\/feliz-dia-de-san-valentin-2\\\/#primaryimage\"},\"thumbnailUrl\":\"https:\\\/\\\/aboveit.fi\\\/wp-content\\\/uploads\\\/2025\\\/02\\\/AboveIT-70.jpg\",\"keywords\":[\"aboveit\",\"d\u00eda de san valent\u00edn\"],\"articleSection\":[\"Above IT\",\"General\",\"Liderazgo\",\"Noticias\"],\"inLanguage\":\"es\"},{\"@type\":\"WebPage\",\"@id\":\"https:\\\/\\\/aboveit.fi\\\/es\\\/feliz-dia-de-san-valentin-2\\\/\",\"url\":\"https:\\\/\\\/aboveit.fi\\\/es\\\/feliz-dia-de-san-valentin-2\\\/\",\"name\":\"\u00a1Feliz d\u00eda de San Valent\u00edn! - Above IT Oy\",\"isPartOf\":{\"@id\":\"https:\\\/\\\/aboveit.fi\\\/es\\\/#website\"},\"primaryImageOfPage\":{\"@id\":\"https:\\\/\\\/aboveit.fi\\\/es\\\/feliz-dia-de-san-valentin-2\\\/#primaryimage\"},\"image\":{\"@id\":\"https:\\\/\\\/aboveit.fi\\\/es\\\/feliz-dia-de-san-valentin-2\\\/#primaryimage\"},\"thumbnailUrl\":\"https:\\\/\\\/aboveit.fi\\\/wp-content\\\/uploads\\\/2025\\\/02\\\/AboveIT-70.jpg\",\"datePublished\":\"2025-02-14T07:00:00+00:00\",\"dateModified\":\"2025-11-27T12:04:45+00:00\",\"description\":\"\u00a1Feliz d\u00eda de San Valent\u00edn! \u00a1Above IT cumple hoy un honorable a\u00f1o de edad! \u00a1El blog de Juha hace un repaso del a\u00f1o pasado y del futuro!\",\"breadcrumb\":{\"@id\":\"https:\\\/\\\/aboveit.fi\\\/es\\\/feliz-dia-de-san-valentin-2\\\/#breadcrumb\"},\"inLanguage\":\"es\",\"potentialAction\":[{\"@type\":\"ReadAction\",\"target\":[\"https:\\\/\\\/aboveit.fi\\\/es\\\/feliz-dia-de-san-valentin-2\\\/\"]}]},{\"@type\":\"ImageObject\",\"inLanguage\":\"es\",\"@id\":\"https:\\\/\\\/aboveit.fi\\\/es\\\/feliz-dia-de-san-valentin-2\\\/#primaryimage\",\"url\":\"https:\\\/\\\/aboveit.fi\\\/wp-content\\\/uploads\\\/2025\\\/02\\\/AboveIT-70.jpg\",\"contentUrl\":\"https:\\\/\\\/aboveit.fi\\\/wp-content\\\/uploads\\\/2025\\\/02\\\/AboveIT-70.jpg\",\"width\":1920,\"height\":1280},{\"@type\":\"BreadcrumbList\",\"@id\":\"https:\\\/\\\/aboveit.fi\\\/es\\\/feliz-dia-de-san-valentin-2\\\/#breadcrumb\",\"itemListElement\":[{\"@type\":\"ListItem\",\"position\":1,\"name\":\"Etusivu\",\"item\":\"https:\\\/\\\/aboveit.fi\\\/es\\\/\"},{\"@type\":\"ListItem\",\"position\":2,\"name\":\"\u00a1Feliz d\u00eda de San Valent\u00edn!\"}]},{\"@type\":\"WebSite\",\"@id\":\"https:\\\/\\\/aboveit.fi\\\/es\\\/#website\",\"url\":\"https:\\\/\\\/aboveit.fi\\\/es\\\/\",\"name\":\"We Are Above IT\",\"description\":\"Tietohallinnon voimavarakumppani\",\"publisher\":{\"@id\":\"https:\\\/\\\/aboveit.fi\\\/es\\\/#organization\"},\"potentialAction\":[{\"@type\":\"SearchAction\",\"target\":{\"@type\":\"EntryPoint\",\"urlTemplate\":\"https:\\\/\\\/aboveit.fi\\\/es\\\/?s={search_term_string}\"},\"query-input\":{\"@type\":\"PropertyValueSpecification\",\"valueRequired\":true,\"valueName\":\"search_term_string\"}}],\"inLanguage\":\"es\"},{\"@type\":\"Organization\",\"@id\":\"https:\\\/\\\/aboveit.fi\\\/es\\\/#organization\",\"name\":\"Above IT Oy\",\"url\":\"https:\\\/\\\/aboveit.fi\\\/es\\\/\",\"logo\":{\"@type\":\"ImageObject\",\"inLanguage\":\"es\",\"@id\":\"https:\\\/\\\/aboveit.fi\\\/es\\\/#\\\/schema\\\/logo\\\/image\\\/\",\"url\":\"https:\\\/\\\/aboveit.fi\\\/wp-content\\\/uploads\\\/2024\\\/10\\\/aboveIT-logo.png\",\"contentUrl\":\"https:\\\/\\\/aboveit.fi\\\/wp-content\\\/uploads\\\/2024\\\/10\\\/aboveIT-logo.png\",\"width\":1613,\"height\":383,\"caption\":\"Above IT Oy\"},\"image\":{\"@id\":\"https:\\\/\\\/aboveit.fi\\\/es\\\/#\\\/schema\\\/logo\\\/image\\\/\"},\"sameAs\":[\"https:\\\/\\\/www.facebook.com\\\/aboveitfi\",\"https:\\\/\\\/www.linkedin.com\\\/company\\\/aboveitfi\",\"https:\\\/\\\/instagram.com\\\/aboveitfi\"]},{\"@type\":\"Person\",\"@id\":\"https:\\\/\\\/aboveit.fi\\\/es\\\/#\\\/schema\\\/person\\\/8b6b16ca2927e8021cd0a2fc2a09ce5d\",\"name\":\"Juha Kari\",\"image\":{\"@type\":\"ImageObject\",\"inLanguage\":\"es\",\"@id\":\"https:\\\/\\\/secure.gravatar.com\\\/avatar\\\/3673353ef8de813771f6c6e6251f2a017a8167d2b4f9e43ac0692cc89ce69aeb?s=96&d=mm&r=g\",\"url\":\"https:\\\/\\\/secure.gravatar.com\\\/avatar\\\/3673353ef8de813771f6c6e6251f2a017a8167d2b4f9e43ac0692cc89ce69aeb?s=96&d=mm&r=g\",\"contentUrl\":\"https:\\\/\\\/secure.gravatar.com\\\/avatar\\\/3673353ef8de813771f6c6e6251f2a017a8167d2b4f9e43ac0692cc89ce69aeb?s=96&d=mm&r=g\",\"caption\":\"Juha Kari\"},\"sameAs\":[\"https:\\\/\\\/aboveit.fi\"],\"url\":\"https:\\\/\\\/aboveit.fi\\\/es\\\/author\\\/juha-kariaboveit-fi\\\/\"}]}<\/script>\n<!-- \/ Yoast SEO plugin. -->","yoast_head_json":{"title":"\u00a1Feliz d\u00eda de San Valent\u00edn! - Above IT Oy","description":"\u00a1Feliz d\u00eda de San Valent\u00edn! \u00a1Above IT cumple hoy un honorable a\u00f1o de edad! \u00a1El blog de Juha hace un repaso del a\u00f1o pasado y del futuro!","robots":{"index":"index","follow":"follow","max-snippet":"max-snippet:-1","max-image-preview":"max-image-preview:large","max-video-preview":"max-video-preview:-1"},"canonical":"https:\/\/aboveit.fi\/es\/feliz-dia-de-san-valentin-2\/","og_locale":"es_ES","og_type":"article","og_title":"\u00a1Feliz d\u00eda de San Valent\u00edn! - Above IT Oy","og_description":"\u00a1Feliz d\u00eda de San Valent\u00edn! \u00a1Above IT cumple hoy un honorable a\u00f1o de edad! \u00a1El blog de Juha hace un repaso del a\u00f1o pasado y del futuro!","og_url":"https:\/\/aboveit.fi\/es\/feliz-dia-de-san-valentin-2\/","og_site_name":"Above IT Oy","article_publisher":"https:\/\/www.facebook.com\/aboveitfi","article_published_time":"2025-02-14T07:00:00+00:00","article_modified_time":"2025-11-27T12:04:45+00:00","og_image":[{"width":1920,"height":1280,"url":"https:\/\/aboveit.fi\/wp-content\/uploads\/2025\/02\/AboveIT-70.jpg","type":"image\/jpeg"}],"author":"Juha Kari","twitter_card":"summary_large_image","twitter_misc":{"Escrito por":"Juha Kari","Tiempo de lectura":"5 minutos"},"schema":{"@context":"https:\/\/schema.org","@graph":[{"@type":"Article","@id":"https:\/\/aboveit.fi\/es\/feliz-dia-de-san-valentin-2\/#article","isPartOf":{"@id":"https:\/\/aboveit.fi\/es\/feliz-dia-de-san-valentin-2\/"},"author":{"name":"Juha Kari","@id":"https:\/\/aboveit.fi\/es\/#\/schema\/person\/8b6b16ca2927e8021cd0a2fc2a09ce5d"},"headline":"\u00a1Feliz d\u00eda de San Valent\u00edn!","datePublished":"2025-02-14T07:00:00+00:00","dateModified":"2025-11-27T12:04:45+00:00","mainEntityOfPage":{"@id":"https:\/\/aboveit.fi\/es\/feliz-dia-de-san-valentin-2\/"},"wordCount":1083,"publisher":{"@id":"https:\/\/aboveit.fi\/es\/#organization"},"image":{"@id":"https:\/\/aboveit.fi\/es\/feliz-dia-de-san-valentin-2\/#primaryimage"},"thumbnailUrl":"https:\/\/aboveit.fi\/wp-content\/uploads\/2025\/02\/AboveIT-70.jpg","keywords":["aboveit","d\u00eda de san valent\u00edn"],"articleSection":["Above IT","General","Liderazgo","Noticias"],"inLanguage":"es"},{"@type":"WebPage","@id":"https:\/\/aboveit.fi\/es\/feliz-dia-de-san-valentin-2\/","url":"https:\/\/aboveit.fi\/es\/feliz-dia-de-san-valentin-2\/","name":"\u00a1Feliz d\u00eda de San Valent\u00edn! - Above IT Oy","isPartOf":{"@id":"https:\/\/aboveit.fi\/es\/#website"},"primaryImageOfPage":{"@id":"https:\/\/aboveit.fi\/es\/feliz-dia-de-san-valentin-2\/#primaryimage"},"image":{"@id":"https:\/\/aboveit.fi\/es\/feliz-dia-de-san-valentin-2\/#primaryimage"},"thumbnailUrl":"https:\/\/aboveit.fi\/wp-content\/uploads\/2025\/02\/AboveIT-70.jpg","datePublished":"2025-02-14T07:00:00+00:00","dateModified":"2025-11-27T12:04:45+00:00","description":"\u00a1Feliz d\u00eda de San Valent\u00edn! \u00a1Above IT cumple hoy un honorable a\u00f1o de edad! \u00a1El blog de Juha hace un repaso del a\u00f1o pasado y del futuro!","breadcrumb":{"@id":"https:\/\/aboveit.fi\/es\/feliz-dia-de-san-valentin-2\/#breadcrumb"},"inLanguage":"es","potentialAction":[{"@type":"ReadAction","target":["https:\/\/aboveit.fi\/es\/feliz-dia-de-san-valentin-2\/"]}]},{"@type":"ImageObject","inLanguage":"es","@id":"https:\/\/aboveit.fi\/es\/feliz-dia-de-san-valentin-2\/#primaryimage","url":"https:\/\/aboveit.fi\/wp-content\/uploads\/2025\/02\/AboveIT-70.jpg","contentUrl":"https:\/\/aboveit.fi\/wp-content\/uploads\/2025\/02\/AboveIT-70.jpg","width":1920,"height":1280},{"@type":"BreadcrumbList","@id":"https:\/\/aboveit.fi\/es\/feliz-dia-de-san-valentin-2\/#breadcrumb","itemListElement":[{"@type":"ListItem","position":1,"name":"Etusivu","item":"https:\/\/aboveit.fi\/es\/"},{"@type":"ListItem","position":2,"name":"\u00a1Feliz d\u00eda de San Valent\u00edn!"}]},{"@type":"WebSite","@id":"https:\/\/aboveit.fi\/es\/#website","url":"https:\/\/aboveit.fi\/es\/","name":"We Are Above IT","description":"Tietohallinnon voimavarakumppani","publisher":{"@id":"https:\/\/aboveit.fi\/es\/#organization"},"potentialAction":[{"@type":"SearchAction","target":{"@type":"EntryPoint","urlTemplate":"https:\/\/aboveit.fi\/es\/?s={search_term_string}"},"query-input":{"@type":"PropertyValueSpecification","valueRequired":true,"valueName":"search_term_string"}}],"inLanguage":"es"},{"@type":"Organization","@id":"https:\/\/aboveit.fi\/es\/#organization","name":"Above IT Oy","url":"https:\/\/aboveit.fi\/es\/","logo":{"@type":"ImageObject","inLanguage":"es","@id":"https:\/\/aboveit.fi\/es\/#\/schema\/logo\/image\/","url":"https:\/\/aboveit.fi\/wp-content\/uploads\/2024\/10\/aboveIT-logo.png","contentUrl":"https:\/\/aboveit.fi\/wp-content\/uploads\/2024\/10\/aboveIT-logo.png","width":1613,"height":383,"caption":"Above IT Oy"},"image":{"@id":"https:\/\/aboveit.fi\/es\/#\/schema\/logo\/image\/"},"sameAs":["https:\/\/www.facebook.com\/aboveitfi","https:\/\/www.linkedin.com\/company\/aboveitfi","https:\/\/instagram.com\/aboveitfi"]},{"@type":"Person","@id":"https:\/\/aboveit.fi\/es\/#\/schema\/person\/8b6b16ca2927e8021cd0a2fc2a09ce5d","name":"Juha Kari","image":{"@type":"ImageObject","inLanguage":"es","@id":"https:\/\/secure.gravatar.com\/avatar\/3673353ef8de813771f6c6e6251f2a017a8167d2b4f9e43ac0692cc89ce69aeb?s=96&d=mm&r=g","url":"https:\/\/secure.gravatar.com\/avatar\/3673353ef8de813771f6c6e6251f2a017a8167d2b4f9e43ac0692cc89ce69aeb?s=96&d=mm&r=g","contentUrl":"https:\/\/secure.gravatar.com\/avatar\/3673353ef8de813771f6c6e6251f2a017a8167d2b4f9e43ac0692cc89ce69aeb?s=96&d=mm&r=g","caption":"Juha Kari"},"sameAs":["https:\/\/aboveit.fi"],"url":"https:\/\/aboveit.fi\/es\/author\/juha-kariaboveit-fi\/"}]}},"_links":{"self":[{"href":"https:\/\/aboveit.fi\/es\/wp-json\/wp\/v2\/posts\/9629","targetHints":{"allow":["GET"]}}],"collection":[{"href":"https:\/\/aboveit.fi\/es\/wp-json\/wp\/v2\/posts"}],"about":[{"href":"https:\/\/aboveit.fi\/es\/wp-json\/wp\/v2\/types\/post"}],"author":[{"embeddable":true,"href":"https:\/\/aboveit.fi\/es\/wp-json\/wp\/v2\/users\/3"}],"replies":[{"embeddable":true,"href":"https:\/\/aboveit.fi\/es\/wp-json\/wp\/v2\/comments?post=9629"}],"version-history":[{"count":1,"href":"https:\/\/aboveit.fi\/es\/wp-json\/wp\/v2\/posts\/9629\/revisions"}],"predecessor-version":[{"id":9631,"href":"https:\/\/aboveit.fi\/es\/wp-json\/wp\/v2\/posts\/9629\/revisions\/9631"}],"wp:featuredmedia":[{"embeddable":true,"href":"https:\/\/aboveit.fi\/es\/wp-json\/wp\/v2\/media\/9630"}],"wp:attachment":[{"href":"https:\/\/aboveit.fi\/es\/wp-json\/wp\/v2\/media?parent=9629"}],"wp:term":[{"taxonomy":"category","embeddable":true,"href":"https:\/\/aboveit.fi\/es\/wp-json\/wp\/v2\/categories?post=9629"},{"taxonomy":"post_tag","embeddable":true,"href":"https:\/\/aboveit.fi\/es\/wp-json\/wp\/v2\/tags?post=9629"}],"curies":[{"name":"wp","href":"https:\/\/api.w.org\/{rel}","templated":true}]}}