{"id":9541,"date":"2024-10-15T07:32:36","date_gmt":"2024-10-15T05:32:36","guid":{"rendered":"https:\/\/aboveit.fi\/la-mano-derecha-de-la-administracion-de-ti\/"},"modified":"2025-11-27T14:04:28","modified_gmt":"2025-11-27T12:04:28","slug":"la-mano-derecha-de-la-administracion-de-ti","status":"publish","type":"post","link":"https:\/\/aboveit.fi\/es\/la-mano-derecha-de-la-administracion-de-ti\/","title":{"rendered":"La mano derecha de la administraci\u00f3n de TI"},"content":{"rendered":"\t\t<div data-elementor-type=\"wp-post\" data-elementor-id=\"9541\" class=\"elementor elementor-9541 elementor-2921\" data-elementor-post-type=\"post\">\n\t\t\t\t\t\t<section class=\"elementor-section elementor-top-section elementor-element elementor-element-1411837 elementor-section-boxed elementor-section-height-default elementor-section-height-default\" data-id=\"1411837\" data-element_type=\"section\" data-e-type=\"section\">\n\t\t\t\t\t\t<div class=\"elementor-container elementor-column-gap-default\">\n\t\t\t\t\t<div class=\"elementor-column elementor-col-100 elementor-top-column elementor-element elementor-element-7297388b\" data-id=\"7297388b\" data-element_type=\"column\" data-e-type=\"column\">\n\t\t\t<div class=\"elementor-widget-wrap elementor-element-populated\">\n\t\t\t\t\t\t<div class=\"elementor-element elementor-element-6787b997 elementor-widget elementor-widget-text-editor\" data-id=\"6787b997\" data-element_type=\"widget\" data-e-type=\"widget\" data-widget_type=\"text-editor.default\">\n\t\t\t\t<div class=\"elementor-widget-container\">\n\t\t\t\t\t\t\t\t\t<p><\/p>\n<p><em>Convertirse en la mano derecha de la administraci\u00f3n de TI requiere confianza. Above IT act\u00faa como asesor de confianza de las administraciones de TI, en t\u00e9rminos sicilianos un &#8216;consigliere&#8217;, que como mano derecha de la administraci\u00f3n de TI apoya y ayuda a orientar las necesidades de desarrollo con su alto nivel de competencia. El viaje de Above IT desde el D\u00eda de San Valent\u00edn hasta ahora ha sido gratificante, pero incluso las manos de los empresarios tienen l\u00edmites al servir a los clientes. A principios de octubre, Lauri Haveri respondi\u00f3 afirmativamente a la llamada y se uni\u00f3 al equipo como el primer &#8216;consigliere&#8217; contratado de Above IT para ayudar en el camino del crecimiento. Pero \u00bfqui\u00e9n es Lauri y de d\u00f3nde viene realmente?    <\/em><\/p>\n<p><\/p>\t\t\t\t\t\t\t\t<\/div>\n\t\t\t\t<\/div>\n\t\t\t\t\t<\/div>\n\t\t<\/div>\n\t\t\t\t\t<\/div>\n\t\t<\/section>\n\t\t\t\t<section class=\"elementor-section elementor-top-section elementor-element elementor-element-2dd599a elementor-section-boxed elementor-section-height-default elementor-section-height-default\" data-id=\"2dd599a\" data-element_type=\"section\" data-e-type=\"section\">\n\t\t\t\t\t\t<div class=\"elementor-container elementor-column-gap-default\">\n\t\t\t\t\t<div class=\"elementor-column elementor-col-100 elementor-top-column elementor-element elementor-element-b73690b\" data-id=\"b73690b\" data-element_type=\"column\" data-e-type=\"column\">\n\t\t\t<div class=\"elementor-widget-wrap elementor-element-populated\">\n\t\t\t\t\t\t<div class=\"elementor-element elementor-element-31bc7db elementor-widget elementor-widget-heading\" data-id=\"31bc7db\" data-element_type=\"widget\" data-e-type=\"widget\" data-widget_type=\"heading.default\">\n\t\t\t\t<div class=\"elementor-widget-container\">\n\t\t\t\t\t<h2 class=\"elementor-heading-title elementor-size-default\">\u00a1Las tecnolog\u00edas de Microsoft inspiran!<\/h2>\t\t\t\t<\/div>\n\t\t\t\t<\/div>\n\t\t\t\t\t<\/div>\n\t\t<\/div>\n\t\t\t\t\t<\/div>\n\t\t<\/section>\n\t\t\t\t<section class=\"elementor-section elementor-top-section elementor-element elementor-element-90152c0 elementor-section-boxed elementor-section-height-default elementor-section-height-default\" data-id=\"90152c0\" data-element_type=\"section\" data-e-type=\"section\">\n\t\t\t\t\t\t<div class=\"elementor-container elementor-column-gap-default\">\n\t\t\t\t\t<div class=\"elementor-column elementor-col-100 elementor-top-column elementor-element elementor-element-344195e\" data-id=\"344195e\" data-element_type=\"column\" data-e-type=\"column\">\n\t\t\t<div class=\"elementor-widget-wrap elementor-element-populated\">\n\t\t\t\t\t\t<div class=\"elementor-element elementor-element-c3dd359 elementor-widget elementor-widget-text-editor\" data-id=\"c3dd359\" data-element_type=\"widget\" data-e-type=\"widget\" data-widget_type=\"text-editor.default\">\n\t\t\t\t<div class=\"elementor-widget-container\">\n\t\t\t\t\t\t\t\t\t<div class=\"section-wrapper\" data-id=\"7t137z\">\n<section class=\"wp-block-gutenverse-section guten-element guten-section guten-7t137z layout-boxed align-stretch\">\n<div class=\"guten-container guten-column-gap-default\">\n<div class=\"wp-block-gutenverse-column guten-element guten-column guten-8T5m1S\">\n<div class=\"guten-column-wrapper\" data-id=\"8T5m1S\">\n<p>\u00abSupongo que se me puede llamar helsinkiense, aunque originalmente soy de Lohja\u00bb, cuenta Lauri.<\/p>\n<p><\/p>\n<p>Lauri es un consultor de tecnolog\u00edas de Microsoft que en los \u00faltimos a\u00f1os ha podido familiarizarse de manera muy integral con el campo de las tecnolog\u00edas en la nube de Microsoft y ha trabajado ampliamente con diferentes tecnolog\u00edas de Microsoft 365 y la nube de Azure, como por ejemplo las tecnolog\u00edas de <a href=\"https:\/\/aboveit.fi\/es\/virtualizacion-de-estaciones-de-trabajo-y-aplicaciones\/\">Azure Virtual Desktop<\/a>.<\/p>\n<p><\/p>\n<p>\u00abEn su momento, despu\u00e9s de graduarme del bachillerato y estar en el umbral del servicio militar, hab\u00eda solicitado formaci\u00f3n en ingenier\u00eda de telecomunicaciones en Metropolia. El trabajo me absorbi\u00f3 ya durante los estudios. Y aunque las tecnolog\u00edas de telecomunicaciones y redes me fascinaban mucho, en mi trabajo me dirig\u00ed r\u00e1pidamente hacia las tecnolog\u00edas de Microsoft.\u00bb  <\/p>\n<p><\/p>\n<p>En sus trabajos anteriores, Lauri ha podido encargarse, entre otras cosas, de dirigir el Service Desk, la seguridad inform\u00e1tica y las redes, y de migrar clientes desde entornos de TI locales a servicios en la nube.<\/p>\n<\/div>\n<\/div>\n<\/div>\n<\/section>\n<\/div>\t\t\t\t\t\t\t\t<\/div>\n\t\t\t\t<\/div>\n\t\t\t\t\t<\/div>\n\t\t<\/div>\n\t\t\t\t\t<\/div>\n\t\t<\/section>\n\t\t\t\t<section class=\"elementor-section elementor-top-section elementor-element elementor-element-8c490ca elementor-section-boxed elementor-section-height-default elementor-section-height-default\" data-id=\"8c490ca\" data-element_type=\"section\" data-e-type=\"section\">\n\t\t\t\t\t\t<div class=\"elementor-container elementor-column-gap-default\">\n\t\t\t\t\t<div class=\"elementor-column elementor-col-100 elementor-top-column elementor-element elementor-element-7d58650\" data-id=\"7d58650\" data-element_type=\"column\" data-e-type=\"column\">\n\t\t\t<div class=\"elementor-widget-wrap elementor-element-populated\">\n\t\t\t\t\t\t<div class=\"elementor-element elementor-element-503899d elementor-widget elementor-widget-heading\" data-id=\"503899d\" data-element_type=\"widget\" data-e-type=\"widget\" data-widget_type=\"heading.default\">\n\t\t\t\t<div class=\"elementor-widget-container\">\n\t\t\t\t\t<h2 class=\"elementor-heading-title elementor-size-default\">\u00a1El trabajo es gratificante!<\/h2>\t\t\t\t<\/div>\n\t\t\t\t<\/div>\n\t\t\t\t\t<\/div>\n\t\t<\/div>\n\t\t\t\t\t<\/div>\n\t\t<\/section>\n\t\t\t\t<section class=\"elementor-section elementor-top-section elementor-element elementor-element-26011dd elementor-section-boxed elementor-section-height-default elementor-section-height-default\" data-id=\"26011dd\" data-element_type=\"section\" data-e-type=\"section\">\n\t\t\t\t\t\t<div class=\"elementor-container elementor-column-gap-default\">\n\t\t\t\t\t<div class=\"elementor-column elementor-col-100 elementor-top-column elementor-element elementor-element-556539e\" data-id=\"556539e\" data-element_type=\"column\" data-e-type=\"column\">\n\t\t\t<div class=\"elementor-widget-wrap elementor-element-populated\">\n\t\t\t\t\t\t<div class=\"elementor-element elementor-element-702cf91 elementor-widget elementor-widget-text-editor\" data-id=\"702cf91\" data-element_type=\"widget\" data-e-type=\"widget\" data-widget_type=\"text-editor.default\">\n\t\t\t\t<div class=\"elementor-widget-container\">\n\t\t\t\t\t\t\t\t\t<p>Above IT ayuda a los profesionales de su sector a hacer las cosas correctamente y a asegurar que sus propios usuarios finales puedan estar mejor. Y esto tambi\u00e9n entusiasm\u00f3 a Lauri. <\/p>\n<p><\/p>\n<p><\/p>\n<p>\u00ab\u00a1Me entusiasma ayudar a las personas!\u00bb dice Lauri y contin\u00faa: \u00ab\u00a1Es fant\u00e1stico cuando puedes ver c\u00f3mo las tecnolog\u00edas pueden ayudar a las personas a tenerlo mucho m\u00e1s f\u00e1cil en su d\u00eda a d\u00eda!\u00bb<\/p>\n<p><\/p>\n<p><\/p>\n<p>Pero \u00bfc\u00f3mo notaste <a href=\"https:\/\/aboveit.fi\/\">Above IT<\/a> entre la gran masa de empleadores?<\/p>\n<p><\/p>\n<p><\/p>\n<p>\u00abUn antiguo colega comparti\u00f3 en LinkedIn una publicaci\u00f3n en la que buscaban a una persona con el t\u00edtulo de &#8216;consigliere&#8217;. Cuando me di cuenta de que se trataba de un trabajo serio en el sector de TI, me entusiasm\u00e9 inmediatamente\u00bb, cuenta Lauri. <\/p>\n<p><\/p>\n<p><\/p>\n<p>En Above IT, a Lauri le fascinan especialmente la seguridad inform\u00e1tica, la nube de Azure y las tecnolog\u00edas de Microsoft 365, y c\u00f3mo con ellas se puede ayudar en el d\u00eda a d\u00eda de las empresas.<\/p>\n<p><\/p>\n<p><\/p>\n<p>\u00abPero tambi\u00e9n las tecnolog\u00edas de red, ya que veo las redes de telecomunicaciones como una parte muy importante de la infraestructura empresarial y de la habilitaci\u00f3n del negocio\u00bb, contin\u00faa Lauri.<\/p>\t\t\t\t\t\t\t\t<\/div>\n\t\t\t\t<\/div>\n\t\t\t\t\t<\/div>\n\t\t<\/div>\n\t\t\t\t\t<\/div>\n\t\t<\/section>\n\t\t\t\t<section class=\"elementor-section elementor-top-section elementor-element elementor-element-d424f5a elementor-section-boxed elementor-section-height-default elementor-section-height-default\" data-id=\"d424f5a\" data-element_type=\"section\" data-e-type=\"section\">\n\t\t\t\t\t\t<div class=\"elementor-container elementor-column-gap-default\">\n\t\t\t\t\t<div class=\"elementor-column elementor-col-100 elementor-top-column elementor-element elementor-element-c642dcd\" data-id=\"c642dcd\" data-element_type=\"column\" data-e-type=\"column\">\n\t\t\t<div class=\"elementor-widget-wrap elementor-element-populated\">\n\t\t\t\t\t\t<div class=\"elementor-element elementor-element-80e7181 elementor-widget elementor-widget-heading\" data-id=\"80e7181\" data-element_type=\"widget\" data-e-type=\"widget\" data-widget_type=\"heading.default\">\n\t\t\t\t<div class=\"elementor-widget-container\">\n\t\t\t\t\t<h2 class=\"elementor-heading-title elementor-size-default\">\u00a1Directamente a la parte profunda!<\/h2>\t\t\t\t<\/div>\n\t\t\t\t<\/div>\n\t\t\t\t\t<\/div>\n\t\t<\/div>\n\t\t\t\t\t<\/div>\n\t\t<\/section>\n\t\t\t\t<section class=\"elementor-section elementor-top-section elementor-element elementor-element-03b5179 elementor-section-boxed elementor-section-height-default elementor-section-height-default\" data-id=\"03b5179\" data-element_type=\"section\" data-e-type=\"section\">\n\t\t\t\t\t\t<div class=\"elementor-container elementor-column-gap-default\">\n\t\t\t\t\t<div class=\"elementor-column elementor-col-100 elementor-top-column elementor-element elementor-element-67d3628\" data-id=\"67d3628\" data-element_type=\"column\" data-e-type=\"column\">\n\t\t\t<div class=\"elementor-widget-wrap elementor-element-populated\">\n\t\t\t\t\t\t<div class=\"elementor-element elementor-element-7d2e0cc elementor-widget elementor-widget-text-editor\" data-id=\"7d2e0cc\" data-element_type=\"widget\" data-e-type=\"widget\" data-widget_type=\"text-editor.default\">\n\t\t\t\t<div class=\"elementor-widget-container\">\n\t\t\t\t\t\t\t\t\t<p>El primer d\u00eda, el nuevo &#8216;consigliere&#8217; fue llevado a probarse un esmoquin. Un evento afterwork estaba por llegar el jueves de esa misma semana, as\u00ed que Lauri pudo conocer cara a cara e interactuar inmediatamente con clientes potenciales y existentes y socios colaboradores. <\/p>\n<p><\/p>\n<p><\/p>\n<p>\u00ab\u00a1Se podr\u00eda decir que me lanzaron directamente a la parte profunda para hacer networking y socializar con la gente!\u00bb, cuenta Lauri.<\/p>\n<p><\/p>\n<p><\/p>\n<p>Es fant\u00e1stico tener a Lauri apoyando con su competencia el camino de crecimiento de Above IT. Nuestro pr\u00f3ximo objetivo com\u00fan es conseguir que el nivel de asociaci\u00f3n de Microsoft de nuestra empresa se eleve al siguiente nivel, lo que apoyar\u00eda mejor el camino de Above IT como socio de Microsoft. \u00a1Y Lauri va a participar en esto!  <\/p>\n<p><\/p>\n<p><\/p>\n<p>\u00abAunque ya he trabajado durante varios a\u00f1os con la <a href=\"https:\/\/azure.microsoft.com\/en-us\">nube de Azure<\/a>, el tiempo simplemente no ha sido suficiente para las certificaciones. \u00a1Ahora vamos juntos a buscar algo concreto y a demostrar mi competencia con certificaciones que pronto tambi\u00e9n apoyar\u00e1n el camino de Above IT!\u00bb, cuenta Lauri.<\/p>\n<p><\/p>\n<p><\/p>\n<p>Lauri ha sido recibido calurosamente en Above IT y siente que recibe apoyo de los dem\u00e1s siempre que lo necesita.<\/p>\n<p><\/p>\n<p><\/p>\n<p>\u00abA continuaci\u00f3n comenzamos a planificar juntos la migraci\u00f3n de los servidores de uno de nuestros clientes a la nube de Azure, con el objetivo de poner a disposici\u00f3n de nuestro cliente servicios m\u00e1s tolerantes a fallos que apoyen mejor su negocio\u00bb, explica Lauri.<\/p>\n<p><\/p>\n<p><\/p>\n<p>\u00a1Suena interesante! \u00a1Y desde aqu\u00ed apenas comienza el viaje conjunto en Above IT! \u00a1Tiempos interesantes por delante!  <\/p>\t\t\t\t\t\t\t\t<\/div>\n\t\t\t\t<\/div>\n\t\t\t\t\t<\/div>\n\t\t<\/div>\n\t\t\t\t\t<\/div>\n\t\t<\/section>\n\t\t\t\t<section class=\"elementor-section elementor-top-section elementor-element elementor-element-86d3368 elementor-section-boxed elementor-section-height-default elementor-section-height-default\" data-id=\"86d3368\" data-element_type=\"section\" data-e-type=\"section\">\n\t\t\t\t\t\t<div class=\"elementor-container elementor-column-gap-default\">\n\t\t\t\t\t<div class=\"elementor-column elementor-col-100 elementor-top-column elementor-element elementor-element-c1d8b8c\" data-id=\"c1d8b8c\" data-element_type=\"column\" data-e-type=\"column\">\n\t\t\t<div class=\"elementor-widget-wrap elementor-element-populated\">\n\t\t\t\t\t\t<div class=\"elementor-element elementor-element-24a05a1 elementor-widget elementor-widget-text-editor\" data-id=\"24a05a1\" data-element_type=\"widget\" data-e-type=\"widget\" data-widget_type=\"text-editor.default\">\n\t\t\t\t<div class=\"elementor-widget-container\">\n\t\t\t\t\t\t\t\t\t<p><em>Como asesores de confianza en TI, los &#8216;consigliere&#8217; de Above IT son un recurso valioso para su departamento de TI, ayudando a asegurar que su negocio prospere y florezca, mientras destacan el excelente trabajo de su equipo de TI. \u00bfCree que podr\u00eda ser nuestro pr\u00f3ximo &#8216;consigliere&#8217;? \u00a1Env\u00edenos un mensaje a rekry@aboveit.fi junto con su CV y hablemos m\u00e1s!  <\/em><\/p>\t\t\t\t\t\t\t\t<\/div>\n\t\t\t\t<\/div>\n\t\t\t\t\t<\/div>\n\t\t<\/div>\n\t\t\t\t\t<\/div>\n\t\t<\/section>\n\t\t\t\t<\/div>\n\t\t","protected":false},"excerpt":{"rendered":"<p>Convertirse en la mano derecha de la administraci\u00f3n de TI requiere confianza. Above IT act\u00faa como asesor de confianza de las administraciones de TI, en t\u00e9rminos sicilianos un &#8216;consigliere&#8217;, que como mano derecha de la administraci\u00f3n de TI apoya y ayuda a orientar las necesidades de desarrollo con su alto nivel de competencia. El viaje [&hellip;]<\/p>\n","protected":false},"author":3,"featured_media":9544,"comment_status":"closed","ping_status":"closed","sticky":false,"template":"","format":"standard","meta":{"content-type":"","inline_featured_image":false,"footnotes":""},"categories":[243,242],"tags":[246,247,358],"class_list":["post-9541","post","type-post","status-publish","format-standard","has-post-thumbnail","hentry","category-above-it","category-noticias","tag-aboveit","tag-consigliere","tag-historia-personal"],"yoast_head":"<!-- This site is optimized with the Yoast SEO plugin v27.5 - https:\/\/yoast.com\/product\/yoast-seo-wordpress\/ -->\n<title>La mano derecha de la administraci\u00f3n de TI - Above IT Oy<\/title>\n<meta name=\"description\" content=\"Para ser la mano derecha del departamento de TI se necesita confianza, y por eso elegimos solo a los mejores para esta tarea. Lea la historia de Lauri en el blog.\" \/>\n<meta name=\"robots\" content=\"index, follow, max-snippet:-1, max-image-preview:large, max-video-preview:-1\" \/>\n<link rel=\"canonical\" href=\"https:\/\/aboveit.fi\/es\/la-mano-derecha-de-la-administracion-de-ti\/\" \/>\n<meta property=\"og:locale\" content=\"es_ES\" \/>\n<meta property=\"og:type\" content=\"article\" \/>\n<meta property=\"og:title\" content=\"La mano derecha de la administraci\u00f3n de TI - Above IT Oy\" \/>\n<meta property=\"og:description\" content=\"Para ser la mano derecha del departamento de TI se necesita confianza, y por eso elegimos solo a los mejores para esta tarea. Lea la historia de Lauri en el blog.\" \/>\n<meta property=\"og:url\" content=\"https:\/\/aboveit.fi\/es\/la-mano-derecha-de-la-administracion-de-ti\/\" \/>\n<meta property=\"og:site_name\" content=\"Above IT Oy\" \/>\n<meta property=\"article:publisher\" content=\"https:\/\/www.facebook.com\/aboveitfi\" \/>\n<meta property=\"article:published_time\" content=\"2024-10-15T05:32:36+00:00\" \/>\n<meta property=\"article:modified_time\" content=\"2025-11-27T12:04:28+00:00\" \/>\n<meta property=\"og:image\" content=\"https:\/\/aboveit.fi\/wp-content\/uploads\/2024\/10\/lauri-scaled-e1728970209290.jpg\" \/>\n\t<meta property=\"og:image:width\" content=\"1629\" \/>\n\t<meta property=\"og:image:height\" content=\"1920\" \/>\n\t<meta property=\"og:image:type\" content=\"image\/jpeg\" \/>\n<meta name=\"author\" content=\"Juha Kari\" \/>\n<meta name=\"twitter:card\" content=\"summary_large_image\" \/>\n<meta name=\"twitter:label1\" content=\"Escrito por\" \/>\n\t<meta name=\"twitter:data1\" content=\"Juha Kari\" \/>\n\t<meta name=\"twitter:label2\" content=\"Tiempo de lectura\" \/>\n\t<meta name=\"twitter:data2\" content=\"4 minutos\" \/>\n<script type=\"application\/ld+json\" class=\"yoast-schema-graph\">{\"@context\":\"https:\\\/\\\/schema.org\",\"@graph\":[{\"@type\":\"Article\",\"@id\":\"https:\\\/\\\/aboveit.fi\\\/es\\\/la-mano-derecha-de-la-administracion-de-ti\\\/#article\",\"isPartOf\":{\"@id\":\"https:\\\/\\\/aboveit.fi\\\/es\\\/la-mano-derecha-de-la-administracion-de-ti\\\/\"},\"author\":{\"name\":\"Juha Kari\",\"@id\":\"https:\\\/\\\/aboveit.fi\\\/es\\\/#\\\/schema\\\/person\\\/8b6b16ca2927e8021cd0a2fc2a09ce5d\"},\"headline\":\"La mano derecha de la administraci\u00f3n de TI\",\"datePublished\":\"2024-10-15T05:32:36+00:00\",\"dateModified\":\"2025-11-27T12:04:28+00:00\",\"mainEntityOfPage\":{\"@id\":\"https:\\\/\\\/aboveit.fi\\\/es\\\/la-mano-derecha-de-la-administracion-de-ti\\\/\"},\"wordCount\":858,\"publisher\":{\"@id\":\"https:\\\/\\\/aboveit.fi\\\/es\\\/#organization\"},\"image\":{\"@id\":\"https:\\\/\\\/aboveit.fi\\\/es\\\/la-mano-derecha-de-la-administracion-de-ti\\\/#primaryimage\"},\"thumbnailUrl\":\"https:\\\/\\\/aboveit.fi\\\/wp-content\\\/uploads\\\/2024\\\/10\\\/lauri-scaled-e1728970209290.jpg\",\"keywords\":[\"aboveit\",\"consigliere\",\"historia personal\"],\"articleSection\":[\"Above IT\",\"Noticias\"],\"inLanguage\":\"es\"},{\"@type\":\"WebPage\",\"@id\":\"https:\\\/\\\/aboveit.fi\\\/es\\\/la-mano-derecha-de-la-administracion-de-ti\\\/\",\"url\":\"https:\\\/\\\/aboveit.fi\\\/es\\\/la-mano-derecha-de-la-administracion-de-ti\\\/\",\"name\":\"La mano derecha de la administraci\u00f3n de TI - Above IT Oy\",\"isPartOf\":{\"@id\":\"https:\\\/\\\/aboveit.fi\\\/es\\\/#website\"},\"primaryImageOfPage\":{\"@id\":\"https:\\\/\\\/aboveit.fi\\\/es\\\/la-mano-derecha-de-la-administracion-de-ti\\\/#primaryimage\"},\"image\":{\"@id\":\"https:\\\/\\\/aboveit.fi\\\/es\\\/la-mano-derecha-de-la-administracion-de-ti\\\/#primaryimage\"},\"thumbnailUrl\":\"https:\\\/\\\/aboveit.fi\\\/wp-content\\\/uploads\\\/2024\\\/10\\\/lauri-scaled-e1728970209290.jpg\",\"datePublished\":\"2024-10-15T05:32:36+00:00\",\"dateModified\":\"2025-11-27T12:04:28+00:00\",\"description\":\"Para ser la mano derecha del departamento de TI se necesita confianza, y por eso elegimos solo a los mejores para esta tarea. Lea la historia de Lauri en el blog.\",\"breadcrumb\":{\"@id\":\"https:\\\/\\\/aboveit.fi\\\/es\\\/la-mano-derecha-de-la-administracion-de-ti\\\/#breadcrumb\"},\"inLanguage\":\"es\",\"potentialAction\":[{\"@type\":\"ReadAction\",\"target\":[\"https:\\\/\\\/aboveit.fi\\\/es\\\/la-mano-derecha-de-la-administracion-de-ti\\\/\"]}]},{\"@type\":\"ImageObject\",\"inLanguage\":\"es\",\"@id\":\"https:\\\/\\\/aboveit.fi\\\/es\\\/la-mano-derecha-de-la-administracion-de-ti\\\/#primaryimage\",\"url\":\"https:\\\/\\\/aboveit.fi\\\/wp-content\\\/uploads\\\/2024\\\/10\\\/lauri-scaled-e1728970209290.jpg\",\"contentUrl\":\"https:\\\/\\\/aboveit.fi\\\/wp-content\\\/uploads\\\/2024\\\/10\\\/lauri-scaled-e1728970209290.jpg\",\"width\":1629,\"height\":1920},{\"@type\":\"BreadcrumbList\",\"@id\":\"https:\\\/\\\/aboveit.fi\\\/es\\\/la-mano-derecha-de-la-administracion-de-ti\\\/#breadcrumb\",\"itemListElement\":[{\"@type\":\"ListItem\",\"position\":1,\"name\":\"Etusivu\",\"item\":\"https:\\\/\\\/aboveit.fi\\\/es\\\/\"},{\"@type\":\"ListItem\",\"position\":2,\"name\":\"La mano derecha de la administraci\u00f3n de TI\"}]},{\"@type\":\"WebSite\",\"@id\":\"https:\\\/\\\/aboveit.fi\\\/es\\\/#website\",\"url\":\"https:\\\/\\\/aboveit.fi\\\/es\\\/\",\"name\":\"We Are Above IT\",\"description\":\"Tietohallinnon voimavarakumppani\",\"publisher\":{\"@id\":\"https:\\\/\\\/aboveit.fi\\\/es\\\/#organization\"},\"potentialAction\":[{\"@type\":\"SearchAction\",\"target\":{\"@type\":\"EntryPoint\",\"urlTemplate\":\"https:\\\/\\\/aboveit.fi\\\/es\\\/?s={search_term_string}\"},\"query-input\":{\"@type\":\"PropertyValueSpecification\",\"valueRequired\":true,\"valueName\":\"search_term_string\"}}],\"inLanguage\":\"es\"},{\"@type\":\"Organization\",\"@id\":\"https:\\\/\\\/aboveit.fi\\\/es\\\/#organization\",\"name\":\"Above IT Oy\",\"url\":\"https:\\\/\\\/aboveit.fi\\\/es\\\/\",\"logo\":{\"@type\":\"ImageObject\",\"inLanguage\":\"es\",\"@id\":\"https:\\\/\\\/aboveit.fi\\\/es\\\/#\\\/schema\\\/logo\\\/image\\\/\",\"url\":\"https:\\\/\\\/aboveit.fi\\\/wp-content\\\/uploads\\\/2024\\\/10\\\/aboveIT-logo.png\",\"contentUrl\":\"https:\\\/\\\/aboveit.fi\\\/wp-content\\\/uploads\\\/2024\\\/10\\\/aboveIT-logo.png\",\"width\":1613,\"height\":383,\"caption\":\"Above IT Oy\"},\"image\":{\"@id\":\"https:\\\/\\\/aboveit.fi\\\/es\\\/#\\\/schema\\\/logo\\\/image\\\/\"},\"sameAs\":[\"https:\\\/\\\/www.facebook.com\\\/aboveitfi\",\"https:\\\/\\\/www.linkedin.com\\\/company\\\/aboveitfi\",\"https:\\\/\\\/instagram.com\\\/aboveitfi\"]},{\"@type\":\"Person\",\"@id\":\"https:\\\/\\\/aboveit.fi\\\/es\\\/#\\\/schema\\\/person\\\/8b6b16ca2927e8021cd0a2fc2a09ce5d\",\"name\":\"Juha Kari\",\"image\":{\"@type\":\"ImageObject\",\"inLanguage\":\"es\",\"@id\":\"https:\\\/\\\/secure.gravatar.com\\\/avatar\\\/3673353ef8de813771f6c6e6251f2a017a8167d2b4f9e43ac0692cc89ce69aeb?s=96&d=mm&r=g\",\"url\":\"https:\\\/\\\/secure.gravatar.com\\\/avatar\\\/3673353ef8de813771f6c6e6251f2a017a8167d2b4f9e43ac0692cc89ce69aeb?s=96&d=mm&r=g\",\"contentUrl\":\"https:\\\/\\\/secure.gravatar.com\\\/avatar\\\/3673353ef8de813771f6c6e6251f2a017a8167d2b4f9e43ac0692cc89ce69aeb?s=96&d=mm&r=g\",\"caption\":\"Juha Kari\"},\"sameAs\":[\"https:\\\/\\\/aboveit.fi\"],\"url\":\"https:\\\/\\\/aboveit.fi\\\/es\\\/author\\\/juha-kariaboveit-fi\\\/\"}]}<\/script>\n<!-- \/ Yoast SEO plugin. -->","yoast_head_json":{"title":"La mano derecha de la administraci\u00f3n de TI - Above IT Oy","description":"Para ser la mano derecha del departamento de TI se necesita confianza, y por eso elegimos solo a los mejores para esta tarea. Lea la historia de Lauri en el blog.","robots":{"index":"index","follow":"follow","max-snippet":"max-snippet:-1","max-image-preview":"max-image-preview:large","max-video-preview":"max-video-preview:-1"},"canonical":"https:\/\/aboveit.fi\/es\/la-mano-derecha-de-la-administracion-de-ti\/","og_locale":"es_ES","og_type":"article","og_title":"La mano derecha de la administraci\u00f3n de TI - Above IT Oy","og_description":"Para ser la mano derecha del departamento de TI se necesita confianza, y por eso elegimos solo a los mejores para esta tarea. Lea la historia de Lauri en el blog.","og_url":"https:\/\/aboveit.fi\/es\/la-mano-derecha-de-la-administracion-de-ti\/","og_site_name":"Above IT Oy","article_publisher":"https:\/\/www.facebook.com\/aboveitfi","article_published_time":"2024-10-15T05:32:36+00:00","article_modified_time":"2025-11-27T12:04:28+00:00","og_image":[{"width":1629,"height":1920,"url":"https:\/\/aboveit.fi\/wp-content\/uploads\/2024\/10\/lauri-scaled-e1728970209290.jpg","type":"image\/jpeg"}],"author":"Juha Kari","twitter_card":"summary_large_image","twitter_misc":{"Escrito por":"Juha Kari","Tiempo de lectura":"4 minutos"},"schema":{"@context":"https:\/\/schema.org","@graph":[{"@type":"Article","@id":"https:\/\/aboveit.fi\/es\/la-mano-derecha-de-la-administracion-de-ti\/#article","isPartOf":{"@id":"https:\/\/aboveit.fi\/es\/la-mano-derecha-de-la-administracion-de-ti\/"},"author":{"name":"Juha Kari","@id":"https:\/\/aboveit.fi\/es\/#\/schema\/person\/8b6b16ca2927e8021cd0a2fc2a09ce5d"},"headline":"La mano derecha de la administraci\u00f3n de TI","datePublished":"2024-10-15T05:32:36+00:00","dateModified":"2025-11-27T12:04:28+00:00","mainEntityOfPage":{"@id":"https:\/\/aboveit.fi\/es\/la-mano-derecha-de-la-administracion-de-ti\/"},"wordCount":858,"publisher":{"@id":"https:\/\/aboveit.fi\/es\/#organization"},"image":{"@id":"https:\/\/aboveit.fi\/es\/la-mano-derecha-de-la-administracion-de-ti\/#primaryimage"},"thumbnailUrl":"https:\/\/aboveit.fi\/wp-content\/uploads\/2024\/10\/lauri-scaled-e1728970209290.jpg","keywords":["aboveit","consigliere","historia personal"],"articleSection":["Above IT","Noticias"],"inLanguage":"es"},{"@type":"WebPage","@id":"https:\/\/aboveit.fi\/es\/la-mano-derecha-de-la-administracion-de-ti\/","url":"https:\/\/aboveit.fi\/es\/la-mano-derecha-de-la-administracion-de-ti\/","name":"La mano derecha de la administraci\u00f3n de TI - Above IT Oy","isPartOf":{"@id":"https:\/\/aboveit.fi\/es\/#website"},"primaryImageOfPage":{"@id":"https:\/\/aboveit.fi\/es\/la-mano-derecha-de-la-administracion-de-ti\/#primaryimage"},"image":{"@id":"https:\/\/aboveit.fi\/es\/la-mano-derecha-de-la-administracion-de-ti\/#primaryimage"},"thumbnailUrl":"https:\/\/aboveit.fi\/wp-content\/uploads\/2024\/10\/lauri-scaled-e1728970209290.jpg","datePublished":"2024-10-15T05:32:36+00:00","dateModified":"2025-11-27T12:04:28+00:00","description":"Para ser la mano derecha del departamento de TI se necesita confianza, y por eso elegimos solo a los mejores para esta tarea. Lea la historia de Lauri en el blog.","breadcrumb":{"@id":"https:\/\/aboveit.fi\/es\/la-mano-derecha-de-la-administracion-de-ti\/#breadcrumb"},"inLanguage":"es","potentialAction":[{"@type":"ReadAction","target":["https:\/\/aboveit.fi\/es\/la-mano-derecha-de-la-administracion-de-ti\/"]}]},{"@type":"ImageObject","inLanguage":"es","@id":"https:\/\/aboveit.fi\/es\/la-mano-derecha-de-la-administracion-de-ti\/#primaryimage","url":"https:\/\/aboveit.fi\/wp-content\/uploads\/2024\/10\/lauri-scaled-e1728970209290.jpg","contentUrl":"https:\/\/aboveit.fi\/wp-content\/uploads\/2024\/10\/lauri-scaled-e1728970209290.jpg","width":1629,"height":1920},{"@type":"BreadcrumbList","@id":"https:\/\/aboveit.fi\/es\/la-mano-derecha-de-la-administracion-de-ti\/#breadcrumb","itemListElement":[{"@type":"ListItem","position":1,"name":"Etusivu","item":"https:\/\/aboveit.fi\/es\/"},{"@type":"ListItem","position":2,"name":"La mano derecha de la administraci\u00f3n de TI"}]},{"@type":"WebSite","@id":"https:\/\/aboveit.fi\/es\/#website","url":"https:\/\/aboveit.fi\/es\/","name":"We Are Above IT","description":"Tietohallinnon voimavarakumppani","publisher":{"@id":"https:\/\/aboveit.fi\/es\/#organization"},"potentialAction":[{"@type":"SearchAction","target":{"@type":"EntryPoint","urlTemplate":"https:\/\/aboveit.fi\/es\/?s={search_term_string}"},"query-input":{"@type":"PropertyValueSpecification","valueRequired":true,"valueName":"search_term_string"}}],"inLanguage":"es"},{"@type":"Organization","@id":"https:\/\/aboveit.fi\/es\/#organization","name":"Above IT Oy","url":"https:\/\/aboveit.fi\/es\/","logo":{"@type":"ImageObject","inLanguage":"es","@id":"https:\/\/aboveit.fi\/es\/#\/schema\/logo\/image\/","url":"https:\/\/aboveit.fi\/wp-content\/uploads\/2024\/10\/aboveIT-logo.png","contentUrl":"https:\/\/aboveit.fi\/wp-content\/uploads\/2024\/10\/aboveIT-logo.png","width":1613,"height":383,"caption":"Above IT Oy"},"image":{"@id":"https:\/\/aboveit.fi\/es\/#\/schema\/logo\/image\/"},"sameAs":["https:\/\/www.facebook.com\/aboveitfi","https:\/\/www.linkedin.com\/company\/aboveitfi","https:\/\/instagram.com\/aboveitfi"]},{"@type":"Person","@id":"https:\/\/aboveit.fi\/es\/#\/schema\/person\/8b6b16ca2927e8021cd0a2fc2a09ce5d","name":"Juha Kari","image":{"@type":"ImageObject","inLanguage":"es","@id":"https:\/\/secure.gravatar.com\/avatar\/3673353ef8de813771f6c6e6251f2a017a8167d2b4f9e43ac0692cc89ce69aeb?s=96&d=mm&r=g","url":"https:\/\/secure.gravatar.com\/avatar\/3673353ef8de813771f6c6e6251f2a017a8167d2b4f9e43ac0692cc89ce69aeb?s=96&d=mm&r=g","contentUrl":"https:\/\/secure.gravatar.com\/avatar\/3673353ef8de813771f6c6e6251f2a017a8167d2b4f9e43ac0692cc89ce69aeb?s=96&d=mm&r=g","caption":"Juha Kari"},"sameAs":["https:\/\/aboveit.fi"],"url":"https:\/\/aboveit.fi\/es\/author\/juha-kariaboveit-fi\/"}]}},"_links":{"self":[{"href":"https:\/\/aboveit.fi\/es\/wp-json\/wp\/v2\/posts\/9541","targetHints":{"allow":["GET"]}}],"collection":[{"href":"https:\/\/aboveit.fi\/es\/wp-json\/wp\/v2\/posts"}],"about":[{"href":"https:\/\/aboveit.fi\/es\/wp-json\/wp\/v2\/types\/post"}],"author":[{"embeddable":true,"href":"https:\/\/aboveit.fi\/es\/wp-json\/wp\/v2\/users\/3"}],"replies":[{"embeddable":true,"href":"https:\/\/aboveit.fi\/es\/wp-json\/wp\/v2\/comments?post=9541"}],"version-history":[{"count":5,"href":"https:\/\/aboveit.fi\/es\/wp-json\/wp\/v2\/posts\/9541\/revisions"}],"predecessor-version":[{"id":9579,"href":"https:\/\/aboveit.fi\/es\/wp-json\/wp\/v2\/posts\/9541\/revisions\/9579"}],"wp:featuredmedia":[{"embeddable":true,"href":"https:\/\/aboveit.fi\/es\/wp-json\/wp\/v2\/media\/9544"}],"wp:attachment":[{"href":"https:\/\/aboveit.fi\/es\/wp-json\/wp\/v2\/media?parent=9541"}],"wp:term":[{"taxonomy":"category","embeddable":true,"href":"https:\/\/aboveit.fi\/es\/wp-json\/wp\/v2\/categories?post=9541"},{"taxonomy":"post_tag","embeddable":true,"href":"https:\/\/aboveit.fi\/es\/wp-json\/wp\/v2\/tags?post=9541"}],"curies":[{"name":"wp","href":"https:\/\/api.w.org\/{rel}","templated":true}]}}