{"id":9463,"date":"2024-09-02T20:02:54","date_gmt":"2024-09-02T18:02:54","guid":{"rendered":"https:\/\/aboveit.fi\/virtualizacion-de-estaciones-de-trabajo-y-aplicaciones\/"},"modified":"2025-11-27T14:04:17","modified_gmt":"2025-11-27T12:04:17","slug":"virtualizacion-de-estaciones-de-trabajo-y-aplicaciones","status":"publish","type":"post","link":"https:\/\/aboveit.fi\/es\/virtualizacion-de-estaciones-de-trabajo-y-aplicaciones\/","title":{"rendered":"Virtualizaci\u00f3n de estaciones de trabajo y aplicaciones"},"content":{"rendered":"\t\t<div data-elementor-type=\"wp-post\" data-elementor-id=\"9463\" class=\"elementor elementor-9463 elementor-2090\" data-elementor-post-type=\"post\">\n\t\t\t\t\t\t<section class=\"elementor-section elementor-top-section elementor-element elementor-element-ac5f46c elementor-section-boxed elementor-section-height-default elementor-section-height-default\" data-id=\"ac5f46c\" data-element_type=\"section\" data-e-type=\"section\">\n\t\t\t\t\t\t<div class=\"elementor-container elementor-column-gap-default\">\n\t\t\t\t\t<div class=\"elementor-column elementor-col-100 elementor-top-column elementor-element elementor-element-17217c7\" data-id=\"17217c7\" data-element_type=\"column\" data-e-type=\"column\">\n\t\t\t<div class=\"elementor-widget-wrap elementor-element-populated\">\n\t\t\t\t\t\t<div class=\"elementor-element elementor-element-9389b18 elementor-widget elementor-widget-text-editor\" data-id=\"9389b18\" data-element_type=\"widget\" data-e-type=\"widget\" data-widget_type=\"text-editor.default\">\n\t\t\t\t<div class=\"elementor-widget-container\">\n\t\t\t\t\t\t\t\t\t<p><em>Virtualizaci\u00f3n de estaciones de trabajo y aplicaciones: \u00bfqu\u00e9 pasar\u00eda si los usuarios finales no recibieran estaciones de trabajo f\u00edsicas al comenzar su trabajo? Es algo que he reflexionado a menudo. La mayor\u00eda de las personas suelen tener alg\u00fan tipo de ordenador personal tanto en casa como en el trabajo, pero \u00bfpuede una organizaci\u00f3n exigir o solicitar a los usuarios finales que utilicen sus propios dispositivos personales para el trabajo? \u00bfD\u00f3nde est\u00e1 el l\u00edmite y qui\u00e9n es responsable de la seguridad y la protecci\u00f3n de datos en ese caso?  <\/em><\/p>\t\t\t\t\t\t\t\t<\/div>\n\t\t\t\t<\/div>\n\t\t\t\t\t<\/div>\n\t\t<\/div>\n\t\t\t\t\t<\/div>\n\t\t<\/section>\n\t\t\t\t<section class=\"elementor-section elementor-top-section elementor-element elementor-element-2cdfd9f elementor-section-boxed elementor-section-height-default elementor-section-height-default\" data-id=\"2cdfd9f\" data-element_type=\"section\" data-e-type=\"section\">\n\t\t\t\t\t\t<div class=\"elementor-container elementor-column-gap-default\">\n\t\t\t\t\t<div class=\"elementor-column elementor-col-100 elementor-top-column elementor-element elementor-element-c4559ef\" data-id=\"c4559ef\" data-element_type=\"column\" data-e-type=\"column\">\n\t\t\t<div class=\"elementor-widget-wrap elementor-element-populated\">\n\t\t\t\t\t\t<div class=\"elementor-element elementor-element-07af889 elementor-widget elementor-widget-heading\" data-id=\"07af889\" data-element_type=\"widget\" data-e-type=\"widget\" data-widget_type=\"heading.default\">\n\t\t\t\t<div class=\"elementor-widget-container\">\n\t\t\t\t\t<h2 class=\"elementor-heading-title elementor-size-default\">La maldici\u00f3n de los dispositivos BYOD propios<\/h2>\t\t\t\t<\/div>\n\t\t\t\t<\/div>\n\t\t\t\t\t<\/div>\n\t\t<\/div>\n\t\t\t\t\t<\/div>\n\t\t<\/section>\n\t\t\t\t<section class=\"elementor-section elementor-top-section elementor-element elementor-element-1239b13 elementor-section-boxed elementor-section-height-default elementor-section-height-default\" data-id=\"1239b13\" data-element_type=\"section\" data-e-type=\"section\">\n\t\t\t\t\t\t<div class=\"elementor-container elementor-column-gap-default\">\n\t\t\t\t\t<div class=\"elementor-column elementor-col-100 elementor-top-column elementor-element elementor-element-d2b2938\" data-id=\"d2b2938\" data-element_type=\"column\" data-e-type=\"column\">\n\t\t\t<div class=\"elementor-widget-wrap elementor-element-populated\">\n\t\t\t\t\t\t<div class=\"elementor-element elementor-element-bfeae6a elementor-widget elementor-widget-text-editor\" data-id=\"bfeae6a\" data-element_type=\"widget\" data-e-type=\"widget\" data-widget_type=\"text-editor.default\">\n\t\t\t\t<div class=\"elementor-widget-container\">\n\t\t\t\t\t\t\t\t\t<p style=\"font-family: 'Varela Round', sans-serif; color: #7a7a7a;\"><span style=\"color: var( --e-global-color-text ); font-family: var( --e-global-typography-text-font-family ), Sans-serif; font-weight: var( --e-global-typography-text-font-weight ); font-size: 1rem;\">Lo primero que me viene a la mente son las cuestiones de responsabilidad. Cuando el trabajo se realiza en el entorno TI de la organizaci\u00f3n y con dispositivos proporcionados por la propia organizaci\u00f3n, normalmente se puede estar seguro de que el departamento de TI ha establecido las configuraciones de seguridad deseadas para los dispositivos finales y supervisa activamente la implementaci\u00f3n de la seguridad.<\/span><\/p>\n<p style=\"font-family: 'Varela Round', sans-serif; color: #7a7a7a;\"><span style=\"color: var( --e-global-color-text ); font-family: var( --e-global-typography-text-font-family ), Sans-serif; font-weight: var( --e-global-typography-text-font-weight ); font-size: 1rem;\">\u00bfY qu\u00e9 pasa con la responsabilidad si el usuario final trabaja con su dispositivo personal y es responsable de sus propias configuraciones de seguridad? \u00bfPuede el departamento de TI de la organizaci\u00f3n estar seguro de que la seguridad est\u00e1 configurada seg\u00fan la pol\u00edtica acordada? \u00bfC\u00f3mo se asegura que la informaci\u00f3n no se filtre desde la estaci\u00f3n de trabajo a terceros? \u00bfY qu\u00e9 hay de la amenaza com\u00fan: c\u00f3mo puede el departamento de TI estar seguro de que esta estaci\u00f3n de trabajo personal no ha sido ya comprometida?   <\/span><\/p>\n<p style=\"font-family: 'Varela Round', sans-serif; color: #7a7a7a;\"><span style=\"color: var( --e-global-color-text ); font-family: var( --e-global-typography-text-font-family ), Sans-serif; font-weight: var( --e-global-typography-text-font-weight ); font-size: 1rem;\">Si las organizaciones quieren utilizar estaciones de trabajo personales o proporcionadas por otra organizaci\u00f3n para el trabajo, me vienen a la mente<\/span><span style=\"color: var( --e-global-color-text ); font-family: var( --e-global-typography-text-font-family ), Sans-serif; font-weight: var( --e-global-typography-text-font-weight ); font-size: 1rem;\"> <\/span><a style=\"font-family: var( --e-global-typography-text-font-family ), Sans-serif; font-weight: var( --e-global-typography-text-font-weight ); font-size: 1rem; background-color: #ffffff;\" href=\"https:\/\/aboveit.fi\/es\/lugar-de-trabajo-funcional\/\">las configuraciones \u00abBYOD\u00bb implementadas con gesti\u00f3n de dispositivos<\/a><span style=\"color: var( --e-global-color-text ); font-family: var( --e-global-typography-text-font-family ), Sans-serif; font-weight: var( --e-global-typography-text-font-weight ); font-size: 1rem;\"> <\/span><span style=\"color: var( --e-global-color-text ); font-family: var( --e-global-typography-text-font-family ), Sans-serif; font-weight: var( --e-global-typography-text-font-weight ); font-size: 1rem;\">, pero sobre todo las tecnolog\u00edas de virtualizaci\u00f3n de estaciones de trabajo, como Windows 365 y Azure Virtual Desktop. \u00bfDe qu\u00e9 se trata realmente en su forma b\u00e1sica y qu\u00e9 puede permitir esta tecnolog\u00eda?<\/span><\/p>\n<p><\/p>\t\t\t\t\t\t\t\t<\/div>\n\t\t\t\t<\/div>\n\t\t\t\t\t<\/div>\n\t\t<\/div>\n\t\t\t\t\t<\/div>\n\t\t<\/section>\n\t\t\t\t<section class=\"elementor-section elementor-top-section elementor-element elementor-element-686e836 elementor-section-boxed elementor-section-height-default elementor-section-height-default\" data-id=\"686e836\" data-element_type=\"section\" data-e-type=\"section\">\n\t\t\t\t\t\t<div class=\"elementor-container elementor-column-gap-default\">\n\t\t\t\t\t<div class=\"elementor-column elementor-col-100 elementor-top-column elementor-element elementor-element-117e380\" data-id=\"117e380\" data-element_type=\"column\" data-e-type=\"column\">\n\t\t\t<div class=\"elementor-widget-wrap elementor-element-populated\">\n\t\t\t\t\t\t<div class=\"elementor-element elementor-element-783fa90 elementor-widget elementor-widget-heading\" data-id=\"783fa90\" data-element_type=\"widget\" data-e-type=\"widget\" data-widget_type=\"heading.default\">\n\t\t\t\t<div class=\"elementor-widget-container\">\n\t\t\t\t\t<h2 class=\"elementor-heading-title elementor-size-default\">Windows 365<\/h2>\t\t\t\t<\/div>\n\t\t\t\t<\/div>\n\t\t\t\t\t<\/div>\n\t\t<\/div>\n\t\t\t\t\t<\/div>\n\t\t<\/section>\n\t\t\t\t<section class=\"elementor-section elementor-top-section elementor-element elementor-element-8335462 elementor-section-boxed elementor-section-height-default elementor-section-height-default\" data-id=\"8335462\" data-element_type=\"section\" data-e-type=\"section\">\n\t\t\t\t\t\t<div class=\"elementor-container elementor-column-gap-default\">\n\t\t\t\t\t<div class=\"elementor-column elementor-col-100 elementor-top-column elementor-element elementor-element-aae590a\" data-id=\"aae590a\" data-element_type=\"column\" data-e-type=\"column\">\n\t\t\t<div class=\"elementor-widget-wrap elementor-element-populated\">\n\t\t\t\t\t\t<div class=\"elementor-element elementor-element-a61413f elementor-widget elementor-widget-text-editor\" data-id=\"a61413f\" data-element_type=\"widget\" data-e-type=\"widget\" data-widget_type=\"text-editor.default\">\n\t\t\t\t<div class=\"elementor-widget-container\">\n\t\t\t\t\t\t\t\t\t<div class=\"section-wrapper\" data-id=\"7t137z\">\n<section class=\"wp-block-gutenverse-section guten-element guten-section guten-7t137z layout-boxed align-stretch\">\n<div class=\"guten-container guten-column-gap-default\">\n<div class=\"wp-block-gutenverse-column guten-element guten-column guten-8T5m1S\">\n<div class=\"guten-column-wrapper\" data-id=\"8T5m1S\">\n<p><span style=\"color: var( --e-global-color-text ); font-family: var( --e-global-typography-text-font-family ), Sans-serif; font-weight: var( --e-global-typography-text-font-weight ); font-size: 1rem;\">Microsoft introdujo hace un par de a\u00f1os <\/span><a style=\"background-color: #ffffff; font-family: var( --e-global-typography-text-font-family ), Sans-serif; font-weight: var( --e-global-typography-text-font-weight ); font-size: 1rem;\" href=\"https:\/\/www.microsoft.com\/fi-fi\/windows-365\">la tecnolog\u00eda Windows 365<\/a><span style=\"color: var( --e-global-color-text ); font-family: var( --e-global-typography-text-font-family ), Sans-serif; font-weight: var( --e-global-typography-text-font-weight ); font-size: 1rem;\"> para virtualizar el uso de estaciones de trabajo. Es una tecnolog\u00eda de virtualizaci\u00f3n f\u00e1cil de comprar y configurar que permite el uso de un escritorio virtual en la nube de Microsoft de la propia organizaci\u00f3n.<\/span><\/p>\n<p><span style=\"color: var( --e-global-color-text ); font-family: var( --e-global-typography-text-font-family ), Sans-serif; font-weight: var( --e-global-typography-text-font-weight ); font-size: 1rem;\">Windows 365 se licencia por usuario, ya sea con modelos Business, Enterprise o Frontline. En s\u00ed mismos, no hay mucha diferencia en la fijaci\u00f3n de precios de los recursos, pero con los modelos de licencia Enterprise puede, entre otras cosas, conectar el escritorio a una red virtual en la suscripci\u00f3n Azure de la empresa y as\u00ed convertirse en usuario de los recursos en la red interna de la empresa. La licencia Frontline permite que varias licencias individuales sean utilizadas entre m\u00faltiples trabajadores \u00abfrontline\u00bb, y estos usuarios t\u00edpicamente se refieren, por ejemplo, a trabajadores productivos en un entorno industrial. La licencia Business es una estaci\u00f3n de trabajo virtual puramente basada en la nube, independiente de los entornos, pero incluso aqu\u00ed: la gesti\u00f3n de dispositivos Intune permite la administraci\u00f3n y configuraci\u00f3n de la seguridad, al igual que con las estaciones de trabajo f\u00edsicas, por lo que la responsabilidad y la visibilidad permanecen con el departamento de TI.   <\/span><\/p>\n<p><span style=\"color: var( --e-global-color-text ); font-family: var( --e-global-typography-text-font-family ), Sans-serif; font-weight: var( --e-global-typography-text-font-weight ); font-size: 1rem;\">Windows 365 se basa en gran medida en la misma tecnolog\u00eda que las soluciones Azure Virtual Desktop construidas en Azure, pero el licenciamiento es fijo y f\u00e1cil de entender, al igual que con otros servicios tipo Microsoft 365. Pero, \u00bfc\u00f3mo se construye entonces Azure Virtual Desktop? <\/span><\/p>\n<\/div>\n<\/div>\n<\/div>\n<\/section>\n<\/div>\t\t\t\t\t\t\t\t<\/div>\n\t\t\t\t<\/div>\n\t\t\t\t\t<\/div>\n\t\t<\/div>\n\t\t\t\t\t<\/div>\n\t\t<\/section>\n\t\t\t\t<section class=\"elementor-section elementor-top-section elementor-element elementor-element-be9c1dd elementor-section-boxed elementor-section-height-default elementor-section-height-default\" data-id=\"be9c1dd\" data-element_type=\"section\" data-e-type=\"section\">\n\t\t\t\t\t\t<div class=\"elementor-container elementor-column-gap-default\">\n\t\t\t\t\t<div class=\"elementor-column elementor-col-100 elementor-top-column elementor-element elementor-element-01965a3\" data-id=\"01965a3\" data-element_type=\"column\" data-e-type=\"column\">\n\t\t\t<div class=\"elementor-widget-wrap elementor-element-populated\">\n\t\t\t\t\t\t<div class=\"elementor-element elementor-element-e6036ac elementor-widget elementor-widget-heading\" data-id=\"e6036ac\" data-element_type=\"widget\" data-e-type=\"widget\" data-widget_type=\"heading.default\">\n\t\t\t\t<div class=\"elementor-widget-container\">\n\t\t\t\t\t<h2 class=\"elementor-heading-title elementor-size-default\">Azure Virtual Desktop<\/h2>\t\t\t\t<\/div>\n\t\t\t\t<\/div>\n\t\t\t\t\t<\/div>\n\t\t<\/div>\n\t\t\t\t\t<\/div>\n\t\t<\/section>\n\t\t\t\t<section class=\"elementor-section elementor-top-section elementor-element elementor-element-0f32aed elementor-section-boxed elementor-section-height-default elementor-section-height-default\" data-id=\"0f32aed\" data-element_type=\"section\" data-e-type=\"section\">\n\t\t\t\t\t\t<div class=\"elementor-container elementor-column-gap-default\">\n\t\t\t\t\t<div class=\"elementor-column elementor-col-100 elementor-top-column elementor-element elementor-element-164b03f\" data-id=\"164b03f\" data-element_type=\"column\" data-e-type=\"column\">\n\t\t\t<div class=\"elementor-widget-wrap elementor-element-populated\">\n\t\t\t\t\t\t<div class=\"elementor-element elementor-element-a5828fe elementor-widget elementor-widget-text-editor\" data-id=\"a5828fe\" data-element_type=\"widget\" data-e-type=\"widget\" data-widget_type=\"text-editor.default\">\n\t\t\t\t<div class=\"elementor-widget-container\">\n\t\t\t\t\t\t\t\t\t<div class=\"section-wrapper\" data-id=\"7t137z\">\n<section class=\"wp-block-gutenverse-section guten-element guten-section guten-7t137z layout-boxed align-stretch\">\n<div class=\"guten-container guten-column-gap-default\">\n<div class=\"wp-block-gutenverse-column guten-element guten-column guten-8T5m1S\">\n<div class=\"guten-column-wrapper\" data-id=\"8T5m1S\">\n<p style=\"color: #000000;\">Mientras que Windows 365 es un servicio SaaS f\u00e1cil de comprar y licenciar, implementar la misma soluci\u00f3n como <a href=\"https:\/\/azure.microsoft.com\/en-us\/products\/virtual-desktop\/\">tecnolog\u00eda Azure Virtual Desktop<\/a> es a menudo t\u00e9cnicamente un poco m\u00e1s laborioso y un conjunto que requiere mantenimiento propio, pero permite flexibilidad en t\u00e9rminos de uso y costos, algo que muchas organizaciones pueden sentir que necesitan. Tomemos como ejemplo un grupo de varios cientos de empleados que utilizan el escritorio virtual de manera irregular en diferentes momentos, diferentes d\u00edas de la semana. A pesar del n\u00famero total de usuarios, puede haber solo algunas decenas de usuarios simult\u00e1neos, por lo que podr\u00eda ser costoso comprar licencias fijas y pagar una tarifa fija mensual por cada usuario.  <\/p>\n<p style=\"color: #000000;\"><span style=\"font-family: var( --e-global-typography-text-font-family ), Sans-serif; font-size: 1rem; font-weight: var( --e-global-typography-text-font-weight );\">Azure Virtual Desktop como soluci\u00f3n IaaS aporta flexibilidad en este caso. Puede construir recursos virtuales en su propio entorno Azure, asignarlos con el n\u00famero de instancias que desee reflejando la demanda m\u00e1xima, que escala autom\u00e1ticamente el uso de recursos seg\u00fan el n\u00famero real de usuarios. Por supuesto, la soluci\u00f3n debe tener en cuenta los recursos de almacenamiento de perfiles centralizados compartidos entre instancias, y hay algunas otras partes m\u00f3viles en las implementaciones t\u00e9cnicas. Sin embargo, con una buena planificaci\u00f3n, el conjunto puede convertirse en una soluci\u00f3n Azure f\u00e1cil de mantener, cuyos costos pueden ser muy bajos en comparaci\u00f3n con las soluciones Windows 365, \u00a1interpretando caso por caso, por supuesto!   <\/span><\/p>\n<p style=\"color: #000000;\"><span style=\"font-family: var( --e-global-typography-text-font-family ), Sans-serif; font-size: 1rem; font-weight: var( --e-global-typography-text-font-weight );\">Los escenarios de uso de Azure Virtual Desktop tienen adem\u00e1s un caso de uso que Windows 365 no permite como tecnolog\u00eda. En lugar de publicar un escritorio completo, puede publicar solo aplicaciones para los usuarios finales, al estilo Citrix. Y aqu\u00ed es donde hablamos de virtualizaci\u00f3n de aplicaciones. Desde la perspectiva del usuario final, la aplicaci\u00f3n aparece en su estaci\u00f3n de trabajo como si se estuviera ejecutando en su propia estaci\u00f3n de trabajo. Por ejemplo, si ejecutara su soluci\u00f3n ERP de la organizaci\u00f3n en servidores de la nube p\u00fablica Azure y necesitara alg\u00fan tipo de aplicaci\u00f3n cliente para usarla, esta podr\u00eda ser la forma de uso que minimiza las latencias entre la estaci\u00f3n de trabajo y el servidor y hace que la aplicaci\u00f3n funcione como se ha usado hist\u00f3ricamente desde la propia estaci\u00f3n de trabajo. Esto como ejemplo de escenario de uso.     <\/span><\/p>\n<\/div>\n<\/div>\n<\/div>\n<\/section>\n<\/div>\t\t\t\t\t\t\t\t<\/div>\n\t\t\t\t<\/div>\n\t\t\t\t\t<\/div>\n\t\t<\/div>\n\t\t\t\t\t<\/div>\n\t\t<\/section>\n\t\t\t\t<section class=\"elementor-section elementor-top-section elementor-element elementor-element-30b0fba elementor-section-boxed elementor-section-height-default elementor-section-height-default\" data-id=\"30b0fba\" data-element_type=\"section\" data-e-type=\"section\">\n\t\t\t\t\t\t<div class=\"elementor-container elementor-column-gap-default\">\n\t\t\t\t\t<div class=\"elementor-column elementor-col-100 elementor-top-column elementor-element elementor-element-98f9b61\" data-id=\"98f9b61\" data-element_type=\"column\" data-e-type=\"column\">\n\t\t\t<div class=\"elementor-widget-wrap elementor-element-populated\">\n\t\t\t\t\t\t<div class=\"elementor-element elementor-element-43a6d59 elementor-widget elementor-widget-heading\" data-id=\"43a6d59\" data-element_type=\"widget\" data-e-type=\"widget\" data-widget_type=\"heading.default\">\n\t\t\t\t<div class=\"elementor-widget-container\">\n\t\t\t\t\t<h2 class=\"elementor-heading-title elementor-size-default\">\u00bfUso de recursos virtuales?<\/h2>\t\t\t\t<\/div>\n\t\t\t\t<\/div>\n\t\t\t\t\t<\/div>\n\t\t<\/div>\n\t\t\t\t\t<\/div>\n\t\t<\/section>\n\t\t\t\t<section class=\"elementor-section elementor-top-section elementor-element elementor-element-16014a8 elementor-section-boxed elementor-section-height-default elementor-section-height-default\" data-id=\"16014a8\" data-element_type=\"section\" data-e-type=\"section\">\n\t\t\t\t\t\t<div class=\"elementor-container elementor-column-gap-default\">\n\t\t\t\t\t<div class=\"elementor-column elementor-col-100 elementor-top-column elementor-element elementor-element-fa2ebf5\" data-id=\"fa2ebf5\" data-element_type=\"column\" data-e-type=\"column\">\n\t\t\t<div class=\"elementor-widget-wrap elementor-element-populated\">\n\t\t\t\t\t\t<div class=\"elementor-element elementor-element-463828c elementor-widget elementor-widget-text-editor\" data-id=\"463828c\" data-element_type=\"widget\" data-e-type=\"widget\" data-widget_type=\"text-editor.default\">\n\t\t\t\t<div class=\"elementor-widget-container\">\n\t\t\t\t\t\t\t\t\t<div class=\"section-wrapper\" data-id=\"7t137z\">\n<section class=\"wp-block-gutenverse-section guten-element guten-section guten-7t137z layout-boxed align-stretch\">\n<div class=\"guten-container guten-column-gap-default\">\n<div class=\"wp-block-gutenverse-column guten-element guten-column guten-8T5m1S\">\n<div class=\"guten-column-wrapper\" data-id=\"8T5m1S\">\n<p><span style=\"color: var( --e-global-color-text ); font-family: var( --e-global-typography-text-font-family ), Sans-serif; font-weight: var( --e-global-typography-text-font-weight ); font-size: 1rem;\">Independientemente de qu\u00e9 m\u00e9todo de implementaci\u00f3n y licenciamiento de recursos virtuales se elija, los modelos de uso son los mismos en ambas tecnolog\u00edas. Microsoft permite tanto el uso basado en navegador como la aplicaci\u00f3n de Escritorio remoto instalada localmente en las estaciones de trabajo para el uso de recursos virtuales seg\u00fan sea necesario. Cuando se usa desde dispositivos personales, el departamento de TI puede instruir para usar los recursos basados en navegador y, por otro lado, la aplicaci\u00f3n de Escritorio remoto puede ser implementada y configurada centralmente en las estaciones de trabajo empresariales para la virtualizaci\u00f3n de aplicaciones.  <\/span><\/p>\n<p><span style=\"color: var( --e-global-color-text ); font-family: var( --e-global-typography-text-font-family ), Sans-serif; font-weight: var( --e-global-typography-text-font-weight ); font-size: 1rem;\">En t\u00e9rminos de licenciamiento, al planificar el uso de recursos, es importante tener en cuenta los requisitos relacionados con el uso de VDI, que deben considerarse al contemplar el uso. En gran parte de las licencias de Microsoft 365, como Microsoft 365 Business Premium, este tipo de licenciamiento ya est\u00e1 considerado en forma de licencia Windows, al igual que en la licencia Microsoft 365 F3 de los paquetes Frontline. <\/span><\/p>\n<\/div>\n<\/div>\n<\/div>\n<\/section>\n<\/div>\t\t\t\t\t\t\t\t<\/div>\n\t\t\t\t<\/div>\n\t\t\t\t\t<\/div>\n\t\t<\/div>\n\t\t\t\t\t<\/div>\n\t\t<\/section>\n\t\t\t\t<section class=\"elementor-section elementor-top-section elementor-element elementor-element-b61d5a5 elementor-section-boxed elementor-section-height-default elementor-section-height-default\" data-id=\"b61d5a5\" data-element_type=\"section\" data-e-type=\"section\">\n\t\t\t\t\t\t<div class=\"elementor-container elementor-column-gap-default\">\n\t\t\t\t\t<div class=\"elementor-column elementor-col-100 elementor-top-column elementor-element elementor-element-7b72f31\" data-id=\"7b72f31\" data-element_type=\"column\" data-e-type=\"column\">\n\t\t\t<div class=\"elementor-widget-wrap elementor-element-populated\">\n\t\t\t\t\t\t<div class=\"elementor-element elementor-element-22f20f1 elementor-widget elementor-widget-heading\" data-id=\"22f20f1\" data-element_type=\"widget\" data-e-type=\"widget\" data-widget_type=\"heading.default\">\n\t\t\t\t<div class=\"elementor-widget-container\">\n\t\t\t\t\t<h2 class=\"elementor-heading-title elementor-size-default\">\u00bfLas mejores opciones para su negocio?<\/h2>\t\t\t\t<\/div>\n\t\t\t\t<\/div>\n\t\t\t\t\t<\/div>\n\t\t<\/div>\n\t\t\t\t\t<\/div>\n\t\t<\/section>\n\t\t\t\t<section class=\"elementor-section elementor-top-section elementor-element elementor-element-4d55af7 elementor-section-boxed elementor-section-height-default elementor-section-height-default\" data-id=\"4d55af7\" data-element_type=\"section\" data-e-type=\"section\">\n\t\t\t\t\t\t<div class=\"elementor-container elementor-column-gap-default\">\n\t\t\t\t\t<div class=\"elementor-column elementor-col-100 elementor-top-column elementor-element elementor-element-98bf39e\" data-id=\"98bf39e\" data-element_type=\"column\" data-e-type=\"column\">\n\t\t\t<div class=\"elementor-widget-wrap elementor-element-populated\">\n\t\t\t\t\t\t<div class=\"elementor-element elementor-element-53c5a2a elementor-widget elementor-widget-text-editor\" data-id=\"53c5a2a\" data-element_type=\"widget\" data-e-type=\"widget\" data-widget_type=\"text-editor.default\">\n\t\t\t\t<div class=\"elementor-widget-container\">\n\t\t\t\t\t\t\t\t\t<p><span style=\"color: var( --e-global-color-text ); font-family: var( --e-global-typography-text-font-family ), Sans-serif; font-size: 1rem; font-weight: var( --e-global-typography-text-font-weight );\">Diferentes negocios tienen diferentes necesidades. Los departamentos de TI deben considerar las necesidades caso por caso y tratar de encontrar <\/span><a style=\"background-color: #ffffff; font-family: var( --e-global-typography-text-font-family ), Sans-serif; font-size: 1rem; font-weight: var( --e-global-typography-text-font-weight );\" href=\"https:\/\/aboveit.fi\/es\/servicios-de-plataforma\/\">de estas tecnolog\u00edas<\/a><span style=\"color: var( --e-global-color-text ); font-family: var( --e-global-typography-text-font-family ), Sans-serif; font-size: 1rem; font-weight: var( --e-global-typography-text-font-weight );\"> las soluciones m\u00e1s adecuadas y rentables para sus propias necesidades. Y cuando limite el uso laboral de su empresa a los recursos controlados de su propio entorno, aunque sean virtuales, el departamento de TI puede estar seguro, desde el punto de vista de la gesti\u00f3n, de d\u00f3nde se almacenan y terminan los datos de la empresa. En lugar de dar un port\u00e1til de la empresa a un consultor externo, \u00bfqu\u00e9 tal si le da acceso a un escritorio virtual que usted gestiona?<\/span><\/p>\n<p>Hemos recorrido un largo camino desde los primeros d\u00edas del servicio \u00abWindows Virtual Desktop\u00bb, cuando orgullosamente pilotamos estos para diferentes clientes en primera l\u00ednea. Ahora la tecnolog\u00eda \u00abAzure Virtual Desktop\u00bb, que ha alcanzado la madurez, es una soluci\u00f3n de virtualizaci\u00f3n confiable para escritorios y aplicaciones de muchas empresas. Nuestra base de clientes incluye varios clientes orientados tecnol\u00f3gicamente para quienes se ha construido virtualizaci\u00f3n de escritorios y aplicaciones para diferentes necesidades de uso. De hecho, nos consideramos un consultor Microsoft finland\u00e9s de confianza para los departamentos de TI, que puede tener algo que ofrecer tambi\u00e9n a su departamento de TI.   <\/p>\t\t\t\t\t\t\t\t<\/div>\n\t\t\t\t<\/div>\n\t\t\t\t\t<\/div>\n\t\t<\/div>\n\t\t\t\t\t<\/div>\n\t\t<\/section>\n\t\t\t\t<section class=\"elementor-section elementor-top-section elementor-element elementor-element-5d8936d6 elementor-section-boxed elementor-section-height-default elementor-section-height-default\" data-id=\"5d8936d6\" data-element_type=\"section\" data-e-type=\"section\">\n\t\t\t\t\t\t<div class=\"elementor-container elementor-column-gap-default\">\n\t\t\t\t\t<div class=\"elementor-column elementor-col-100 elementor-top-column elementor-element elementor-element-37615f93\" data-id=\"37615f93\" data-element_type=\"column\" data-e-type=\"column\">\n\t\t\t<div class=\"elementor-widget-wrap elementor-element-populated\">\n\t\t\t\t\t\t<div class=\"elementor-element elementor-element-4bb0fed0 elementor-widget__width-initial elementor-widget elementor-widget-text-editor\" data-id=\"4bb0fed0\" data-element_type=\"widget\" data-e-type=\"widget\" data-widget_type=\"text-editor.default\">\n\t\t\t\t<div class=\"elementor-widget-container\">\n\t\t\t\t\t\t\t\t\t<p><\/p>\n<p><\/p>\n<p><\/p>\n<p><\/p>\n<div class=\"section-wrapper\" data-id=\"7t137z\">\n<section class=\"wp-block-gutenverse-section guten-element guten-section guten-7t137z layout-boxed align-stretch\">\n<div class=\"guten-container guten-column-gap-default\">\n<p><\/p>\n<div class=\"wp-block-gutenverse-column guten-element guten-column guten-8T5m1S\">\n<div class=\"guten-column-wrapper\" data-id=\"8T5m1S\">\n<p><\/p>\n<\/div>\n<\/div>\n<\/div>\n<\/section>\n<\/div>\n<div class=\"section-wrapper\" data-id=\"esvy7k\">\n<section class=\"wp-block-gutenverse-section guten-element guten-section guten-esvy7k layout-boxed align-stretch\">\n<div class=\"guten-container guten-column-gap-default\">\n<div class=\"wp-block-gutenverse-column guten-element guten-column guten-xEg4kC\">\n<div class=\"guten-column-wrapper\" data-id=\"xEg4kC\">\n<blockquote class=\"wp-block-quote\">\n<p><em>Above IT es un socio y recurso para los departamentos de TI. El &#8216;consigliere&#8217; de confianza para servicios Azure<\/em>. <em>Como nuestro cliente, obtiene experiencia genuina tambi\u00e9n en relaci\u00f3n con la virtualizaci\u00f3n de escritorios y aplicaciones, basada en una s\u00f3lida experiencia.<\/em><\/p>\n<p><\/p>\n<\/blockquote>\n<p><\/p>\n<\/div>\n<\/div>\n<p><\/p>\n<\/div>\n<\/section>\n<\/div>\n<p><\/p>\t\t\t\t\t\t\t\t<\/div>\n\t\t\t\t<\/div>\n\t\t\t\t\t<\/div>\n\t\t<\/div>\n\t\t\t\t\t<\/div>\n\t\t<\/section>\n\t\t\t\t<\/div>\n\t\t","protected":false},"excerpt":{"rendered":"<p>Virtualizaci\u00f3n de estaciones de trabajo y aplicaciones: \u00bfqu\u00e9 pasar\u00eda si los usuarios finales no recibieran estaciones de trabajo f\u00edsicas al comenzar su trabajo? Es algo que he reflexionado a menudo. La mayor\u00eda de las personas suelen tener alg\u00fan tipo de ordenador personal tanto en casa como en el trabajo, pero \u00bfpuede una organizaci\u00f3n exigir o [&hellip;]<\/p>\n","protected":false},"author":3,"featured_media":9465,"comment_status":"closed","ping_status":"closed","sticky":false,"template":"","format":"standard","meta":{"content-type":"","inline_featured_image":false,"footnotes":""},"categories":[298,339,230,316],"tags":[299,232,419],"class_list":["post-9463","post","type-post","status-publish","format-standard","has-post-thumbnail","hentry","category-azure","category-lugar-de-trabajo-funcional","category-microsoft-365","category-servicios-de-plataforma","tag-azure","tag-microsoft365","tag-windows365"],"yoast_head":"<!-- This site is optimized with the Yoast SEO plugin v27.5 - https:\/\/yoast.com\/product\/yoast-seo-wordpress\/ -->\n<title>Virtualizaci\u00f3n de estaciones de trabajo y aplicaciones - Above IT Oy<\/title>\n<meta name=\"description\" content=\"La virtualizaci\u00f3n de estaciones de trabajo y aplicaciones mejora la seguridad al ofrecer la posibilidad de gestionar el trabajo de informaci\u00f3n dentro de la propia organizaci\u00f3n.\" \/>\n<meta name=\"robots\" content=\"index, follow, max-snippet:-1, max-image-preview:large, max-video-preview:-1\" \/>\n<link rel=\"canonical\" href=\"https:\/\/aboveit.fi\/es\/virtualizacion-de-estaciones-de-trabajo-y-aplicaciones\/\" \/>\n<meta property=\"og:locale\" content=\"es_ES\" \/>\n<meta property=\"og:type\" content=\"article\" \/>\n<meta property=\"og:title\" content=\"Virtualizaci\u00f3n de estaciones de trabajo y aplicaciones - Above IT Oy\" \/>\n<meta property=\"og:description\" content=\"La virtualizaci\u00f3n de estaciones de trabajo y aplicaciones mejora la seguridad al ofrecer la posibilidad de gestionar el trabajo de informaci\u00f3n dentro de la propia organizaci\u00f3n.\" \/>\n<meta property=\"og:url\" content=\"https:\/\/aboveit.fi\/es\/virtualizacion-de-estaciones-de-trabajo-y-aplicaciones\/\" \/>\n<meta property=\"og:site_name\" content=\"Above IT Oy\" \/>\n<meta property=\"article:publisher\" content=\"https:\/\/www.facebook.com\/aboveitfi\" \/>\n<meta property=\"article:published_time\" content=\"2024-09-02T18:02:54+00:00\" \/>\n<meta property=\"article:modified_time\" content=\"2025-11-27T12:04:17+00:00\" \/>\n<meta property=\"og:image\" content=\"https:\/\/aboveit.fi\/wp-content\/uploads\/2024\/09\/pexels-flodahm-699459-scaled-e1725298731323.jpg\" \/>\n\t<meta property=\"og:image:width\" content=\"1920\" \/>\n\t<meta property=\"og:image:height\" content=\"1920\" \/>\n\t<meta property=\"og:image:type\" content=\"image\/jpeg\" \/>\n<meta name=\"author\" content=\"Juha Kari\" \/>\n<meta name=\"twitter:card\" content=\"summary_large_image\" \/>\n<meta name=\"twitter:label1\" content=\"Escrito por\" \/>\n\t<meta name=\"twitter:data1\" content=\"Juha Kari\" \/>\n\t<meta name=\"twitter:label2\" content=\"Tiempo de lectura\" \/>\n\t<meta name=\"twitter:data2\" content=\"7 minutos\" \/>\n<script type=\"application\/ld+json\" class=\"yoast-schema-graph\">{\"@context\":\"https:\\\/\\\/schema.org\",\"@graph\":[{\"@type\":\"Article\",\"@id\":\"https:\\\/\\\/aboveit.fi\\\/es\\\/virtualizacion-de-estaciones-de-trabajo-y-aplicaciones\\\/#article\",\"isPartOf\":{\"@id\":\"https:\\\/\\\/aboveit.fi\\\/es\\\/virtualizacion-de-estaciones-de-trabajo-y-aplicaciones\\\/\"},\"author\":{\"name\":\"Juha Kari\",\"@id\":\"https:\\\/\\\/aboveit.fi\\\/es\\\/#\\\/schema\\\/person\\\/8b6b16ca2927e8021cd0a2fc2a09ce5d\"},\"headline\":\"Virtualizaci\u00f3n de estaciones de trabajo y aplicaciones\",\"datePublished\":\"2024-09-02T18:02:54+00:00\",\"dateModified\":\"2025-11-27T12:04:17+00:00\",\"mainEntityOfPage\":{\"@id\":\"https:\\\/\\\/aboveit.fi\\\/es\\\/virtualizacion-de-estaciones-de-trabajo-y-aplicaciones\\\/\"},\"wordCount\":1453,\"publisher\":{\"@id\":\"https:\\\/\\\/aboveit.fi\\\/es\\\/#organization\"},\"image\":{\"@id\":\"https:\\\/\\\/aboveit.fi\\\/es\\\/virtualizacion-de-estaciones-de-trabajo-y-aplicaciones\\\/#primaryimage\"},\"thumbnailUrl\":\"https:\\\/\\\/aboveit.fi\\\/wp-content\\\/uploads\\\/2024\\\/09\\\/pexels-flodahm-699459-scaled-e1725298731323.jpg\",\"keywords\":[\"Azure\",\"microsoft365\",\"windows365\"],\"articleSection\":[\"Azure\",\"Lugar de trabajo funcional\",\"Microsoft 365\",\"Servicios de plataforma\"],\"inLanguage\":\"es\"},{\"@type\":\"WebPage\",\"@id\":\"https:\\\/\\\/aboveit.fi\\\/es\\\/virtualizacion-de-estaciones-de-trabajo-y-aplicaciones\\\/\",\"url\":\"https:\\\/\\\/aboveit.fi\\\/es\\\/virtualizacion-de-estaciones-de-trabajo-y-aplicaciones\\\/\",\"name\":\"Virtualizaci\u00f3n de estaciones de trabajo y aplicaciones - Above IT Oy\",\"isPartOf\":{\"@id\":\"https:\\\/\\\/aboveit.fi\\\/es\\\/#website\"},\"primaryImageOfPage\":{\"@id\":\"https:\\\/\\\/aboveit.fi\\\/es\\\/virtualizacion-de-estaciones-de-trabajo-y-aplicaciones\\\/#primaryimage\"},\"image\":{\"@id\":\"https:\\\/\\\/aboveit.fi\\\/es\\\/virtualizacion-de-estaciones-de-trabajo-y-aplicaciones\\\/#primaryimage\"},\"thumbnailUrl\":\"https:\\\/\\\/aboveit.fi\\\/wp-content\\\/uploads\\\/2024\\\/09\\\/pexels-flodahm-699459-scaled-e1725298731323.jpg\",\"datePublished\":\"2024-09-02T18:02:54+00:00\",\"dateModified\":\"2025-11-27T12:04:17+00:00\",\"description\":\"La virtualizaci\u00f3n de estaciones de trabajo y aplicaciones mejora la seguridad al ofrecer la posibilidad de gestionar el trabajo de informaci\u00f3n dentro de la propia organizaci\u00f3n.\",\"breadcrumb\":{\"@id\":\"https:\\\/\\\/aboveit.fi\\\/es\\\/virtualizacion-de-estaciones-de-trabajo-y-aplicaciones\\\/#breadcrumb\"},\"inLanguage\":\"es\",\"potentialAction\":[{\"@type\":\"ReadAction\",\"target\":[\"https:\\\/\\\/aboveit.fi\\\/es\\\/virtualizacion-de-estaciones-de-trabajo-y-aplicaciones\\\/\"]}]},{\"@type\":\"ImageObject\",\"inLanguage\":\"es\",\"@id\":\"https:\\\/\\\/aboveit.fi\\\/es\\\/virtualizacion-de-estaciones-de-trabajo-y-aplicaciones\\\/#primaryimage\",\"url\":\"https:\\\/\\\/aboveit.fi\\\/wp-content\\\/uploads\\\/2024\\\/09\\\/pexels-flodahm-699459-scaled-e1725298731323.jpg\",\"contentUrl\":\"https:\\\/\\\/aboveit.fi\\\/wp-content\\\/uploads\\\/2024\\\/09\\\/pexels-flodahm-699459-scaled-e1725298731323.jpg\",\"width\":1920,\"height\":1920,\"caption\":\"Office desktop\"},{\"@type\":\"BreadcrumbList\",\"@id\":\"https:\\\/\\\/aboveit.fi\\\/es\\\/virtualizacion-de-estaciones-de-trabajo-y-aplicaciones\\\/#breadcrumb\",\"itemListElement\":[{\"@type\":\"ListItem\",\"position\":1,\"name\":\"Etusivu\",\"item\":\"https:\\\/\\\/aboveit.fi\\\/es\\\/\"},{\"@type\":\"ListItem\",\"position\":2,\"name\":\"Virtualizaci\u00f3n de estaciones de trabajo y aplicaciones\"}]},{\"@type\":\"WebSite\",\"@id\":\"https:\\\/\\\/aboveit.fi\\\/es\\\/#website\",\"url\":\"https:\\\/\\\/aboveit.fi\\\/es\\\/\",\"name\":\"We Are Above IT\",\"description\":\"Tietohallinnon voimavarakumppani\",\"publisher\":{\"@id\":\"https:\\\/\\\/aboveit.fi\\\/es\\\/#organization\"},\"potentialAction\":[{\"@type\":\"SearchAction\",\"target\":{\"@type\":\"EntryPoint\",\"urlTemplate\":\"https:\\\/\\\/aboveit.fi\\\/es\\\/?s={search_term_string}\"},\"query-input\":{\"@type\":\"PropertyValueSpecification\",\"valueRequired\":true,\"valueName\":\"search_term_string\"}}],\"inLanguage\":\"es\"},{\"@type\":\"Organization\",\"@id\":\"https:\\\/\\\/aboveit.fi\\\/es\\\/#organization\",\"name\":\"Above IT Oy\",\"url\":\"https:\\\/\\\/aboveit.fi\\\/es\\\/\",\"logo\":{\"@type\":\"ImageObject\",\"inLanguage\":\"es\",\"@id\":\"https:\\\/\\\/aboveit.fi\\\/es\\\/#\\\/schema\\\/logo\\\/image\\\/\",\"url\":\"https:\\\/\\\/aboveit.fi\\\/wp-content\\\/uploads\\\/2024\\\/10\\\/aboveIT-logo.png\",\"contentUrl\":\"https:\\\/\\\/aboveit.fi\\\/wp-content\\\/uploads\\\/2024\\\/10\\\/aboveIT-logo.png\",\"width\":1613,\"height\":383,\"caption\":\"Above IT Oy\"},\"image\":{\"@id\":\"https:\\\/\\\/aboveit.fi\\\/es\\\/#\\\/schema\\\/logo\\\/image\\\/\"},\"sameAs\":[\"https:\\\/\\\/www.facebook.com\\\/aboveitfi\",\"https:\\\/\\\/www.linkedin.com\\\/company\\\/aboveitfi\",\"https:\\\/\\\/instagram.com\\\/aboveitfi\"]},{\"@type\":\"Person\",\"@id\":\"https:\\\/\\\/aboveit.fi\\\/es\\\/#\\\/schema\\\/person\\\/8b6b16ca2927e8021cd0a2fc2a09ce5d\",\"name\":\"Juha Kari\",\"image\":{\"@type\":\"ImageObject\",\"inLanguage\":\"es\",\"@id\":\"https:\\\/\\\/secure.gravatar.com\\\/avatar\\\/3673353ef8de813771f6c6e6251f2a017a8167d2b4f9e43ac0692cc89ce69aeb?s=96&d=mm&r=g\",\"url\":\"https:\\\/\\\/secure.gravatar.com\\\/avatar\\\/3673353ef8de813771f6c6e6251f2a017a8167d2b4f9e43ac0692cc89ce69aeb?s=96&d=mm&r=g\",\"contentUrl\":\"https:\\\/\\\/secure.gravatar.com\\\/avatar\\\/3673353ef8de813771f6c6e6251f2a017a8167d2b4f9e43ac0692cc89ce69aeb?s=96&d=mm&r=g\",\"caption\":\"Juha Kari\"},\"sameAs\":[\"https:\\\/\\\/aboveit.fi\"],\"url\":\"https:\\\/\\\/aboveit.fi\\\/es\\\/author\\\/juha-kariaboveit-fi\\\/\"}]}<\/script>\n<!-- \/ Yoast SEO plugin. -->","yoast_head_json":{"title":"Virtualizaci\u00f3n de estaciones de trabajo y aplicaciones - Above IT Oy","description":"La virtualizaci\u00f3n de estaciones de trabajo y aplicaciones mejora la seguridad al ofrecer la posibilidad de gestionar el trabajo de informaci\u00f3n dentro de la propia organizaci\u00f3n.","robots":{"index":"index","follow":"follow","max-snippet":"max-snippet:-1","max-image-preview":"max-image-preview:large","max-video-preview":"max-video-preview:-1"},"canonical":"https:\/\/aboveit.fi\/es\/virtualizacion-de-estaciones-de-trabajo-y-aplicaciones\/","og_locale":"es_ES","og_type":"article","og_title":"Virtualizaci\u00f3n de estaciones de trabajo y aplicaciones - Above IT Oy","og_description":"La virtualizaci\u00f3n de estaciones de trabajo y aplicaciones mejora la seguridad al ofrecer la posibilidad de gestionar el trabajo de informaci\u00f3n dentro de la propia organizaci\u00f3n.","og_url":"https:\/\/aboveit.fi\/es\/virtualizacion-de-estaciones-de-trabajo-y-aplicaciones\/","og_site_name":"Above IT Oy","article_publisher":"https:\/\/www.facebook.com\/aboveitfi","article_published_time":"2024-09-02T18:02:54+00:00","article_modified_time":"2025-11-27T12:04:17+00:00","og_image":[{"width":1920,"height":1920,"url":"https:\/\/aboveit.fi\/wp-content\/uploads\/2024\/09\/pexels-flodahm-699459-scaled-e1725298731323.jpg","type":"image\/jpeg"}],"author":"Juha Kari","twitter_card":"summary_large_image","twitter_misc":{"Escrito por":"Juha Kari","Tiempo de lectura":"7 minutos"},"schema":{"@context":"https:\/\/schema.org","@graph":[{"@type":"Article","@id":"https:\/\/aboveit.fi\/es\/virtualizacion-de-estaciones-de-trabajo-y-aplicaciones\/#article","isPartOf":{"@id":"https:\/\/aboveit.fi\/es\/virtualizacion-de-estaciones-de-trabajo-y-aplicaciones\/"},"author":{"name":"Juha Kari","@id":"https:\/\/aboveit.fi\/es\/#\/schema\/person\/8b6b16ca2927e8021cd0a2fc2a09ce5d"},"headline":"Virtualizaci\u00f3n de estaciones de trabajo y aplicaciones","datePublished":"2024-09-02T18:02:54+00:00","dateModified":"2025-11-27T12:04:17+00:00","mainEntityOfPage":{"@id":"https:\/\/aboveit.fi\/es\/virtualizacion-de-estaciones-de-trabajo-y-aplicaciones\/"},"wordCount":1453,"publisher":{"@id":"https:\/\/aboveit.fi\/es\/#organization"},"image":{"@id":"https:\/\/aboveit.fi\/es\/virtualizacion-de-estaciones-de-trabajo-y-aplicaciones\/#primaryimage"},"thumbnailUrl":"https:\/\/aboveit.fi\/wp-content\/uploads\/2024\/09\/pexels-flodahm-699459-scaled-e1725298731323.jpg","keywords":["Azure","microsoft365","windows365"],"articleSection":["Azure","Lugar de trabajo funcional","Microsoft 365","Servicios de plataforma"],"inLanguage":"es"},{"@type":"WebPage","@id":"https:\/\/aboveit.fi\/es\/virtualizacion-de-estaciones-de-trabajo-y-aplicaciones\/","url":"https:\/\/aboveit.fi\/es\/virtualizacion-de-estaciones-de-trabajo-y-aplicaciones\/","name":"Virtualizaci\u00f3n de estaciones de trabajo y aplicaciones - Above IT Oy","isPartOf":{"@id":"https:\/\/aboveit.fi\/es\/#website"},"primaryImageOfPage":{"@id":"https:\/\/aboveit.fi\/es\/virtualizacion-de-estaciones-de-trabajo-y-aplicaciones\/#primaryimage"},"image":{"@id":"https:\/\/aboveit.fi\/es\/virtualizacion-de-estaciones-de-trabajo-y-aplicaciones\/#primaryimage"},"thumbnailUrl":"https:\/\/aboveit.fi\/wp-content\/uploads\/2024\/09\/pexels-flodahm-699459-scaled-e1725298731323.jpg","datePublished":"2024-09-02T18:02:54+00:00","dateModified":"2025-11-27T12:04:17+00:00","description":"La virtualizaci\u00f3n de estaciones de trabajo y aplicaciones mejora la seguridad al ofrecer la posibilidad de gestionar el trabajo de informaci\u00f3n dentro de la propia organizaci\u00f3n.","breadcrumb":{"@id":"https:\/\/aboveit.fi\/es\/virtualizacion-de-estaciones-de-trabajo-y-aplicaciones\/#breadcrumb"},"inLanguage":"es","potentialAction":[{"@type":"ReadAction","target":["https:\/\/aboveit.fi\/es\/virtualizacion-de-estaciones-de-trabajo-y-aplicaciones\/"]}]},{"@type":"ImageObject","inLanguage":"es","@id":"https:\/\/aboveit.fi\/es\/virtualizacion-de-estaciones-de-trabajo-y-aplicaciones\/#primaryimage","url":"https:\/\/aboveit.fi\/wp-content\/uploads\/2024\/09\/pexels-flodahm-699459-scaled-e1725298731323.jpg","contentUrl":"https:\/\/aboveit.fi\/wp-content\/uploads\/2024\/09\/pexels-flodahm-699459-scaled-e1725298731323.jpg","width":1920,"height":1920,"caption":"Office desktop"},{"@type":"BreadcrumbList","@id":"https:\/\/aboveit.fi\/es\/virtualizacion-de-estaciones-de-trabajo-y-aplicaciones\/#breadcrumb","itemListElement":[{"@type":"ListItem","position":1,"name":"Etusivu","item":"https:\/\/aboveit.fi\/es\/"},{"@type":"ListItem","position":2,"name":"Virtualizaci\u00f3n de estaciones de trabajo y aplicaciones"}]},{"@type":"WebSite","@id":"https:\/\/aboveit.fi\/es\/#website","url":"https:\/\/aboveit.fi\/es\/","name":"We Are Above IT","description":"Tietohallinnon voimavarakumppani","publisher":{"@id":"https:\/\/aboveit.fi\/es\/#organization"},"potentialAction":[{"@type":"SearchAction","target":{"@type":"EntryPoint","urlTemplate":"https:\/\/aboveit.fi\/es\/?s={search_term_string}"},"query-input":{"@type":"PropertyValueSpecification","valueRequired":true,"valueName":"search_term_string"}}],"inLanguage":"es"},{"@type":"Organization","@id":"https:\/\/aboveit.fi\/es\/#organization","name":"Above IT Oy","url":"https:\/\/aboveit.fi\/es\/","logo":{"@type":"ImageObject","inLanguage":"es","@id":"https:\/\/aboveit.fi\/es\/#\/schema\/logo\/image\/","url":"https:\/\/aboveit.fi\/wp-content\/uploads\/2024\/10\/aboveIT-logo.png","contentUrl":"https:\/\/aboveit.fi\/wp-content\/uploads\/2024\/10\/aboveIT-logo.png","width":1613,"height":383,"caption":"Above IT Oy"},"image":{"@id":"https:\/\/aboveit.fi\/es\/#\/schema\/logo\/image\/"},"sameAs":["https:\/\/www.facebook.com\/aboveitfi","https:\/\/www.linkedin.com\/company\/aboveitfi","https:\/\/instagram.com\/aboveitfi"]},{"@type":"Person","@id":"https:\/\/aboveit.fi\/es\/#\/schema\/person\/8b6b16ca2927e8021cd0a2fc2a09ce5d","name":"Juha Kari","image":{"@type":"ImageObject","inLanguage":"es","@id":"https:\/\/secure.gravatar.com\/avatar\/3673353ef8de813771f6c6e6251f2a017a8167d2b4f9e43ac0692cc89ce69aeb?s=96&d=mm&r=g","url":"https:\/\/secure.gravatar.com\/avatar\/3673353ef8de813771f6c6e6251f2a017a8167d2b4f9e43ac0692cc89ce69aeb?s=96&d=mm&r=g","contentUrl":"https:\/\/secure.gravatar.com\/avatar\/3673353ef8de813771f6c6e6251f2a017a8167d2b4f9e43ac0692cc89ce69aeb?s=96&d=mm&r=g","caption":"Juha Kari"},"sameAs":["https:\/\/aboveit.fi"],"url":"https:\/\/aboveit.fi\/es\/author\/juha-kariaboveit-fi\/"}]}},"_links":{"self":[{"href":"https:\/\/aboveit.fi\/es\/wp-json\/wp\/v2\/posts\/9463","targetHints":{"allow":["GET"]}}],"collection":[{"href":"https:\/\/aboveit.fi\/es\/wp-json\/wp\/v2\/posts"}],"about":[{"href":"https:\/\/aboveit.fi\/es\/wp-json\/wp\/v2\/types\/post"}],"author":[{"embeddable":true,"href":"https:\/\/aboveit.fi\/es\/wp-json\/wp\/v2\/users\/3"}],"replies":[{"embeddable":true,"href":"https:\/\/aboveit.fi\/es\/wp-json\/wp\/v2\/comments?post=9463"}],"version-history":[{"count":5,"href":"https:\/\/aboveit.fi\/es\/wp-json\/wp\/v2\/posts\/9463\/revisions"}],"predecessor-version":[{"id":9498,"href":"https:\/\/aboveit.fi\/es\/wp-json\/wp\/v2\/posts\/9463\/revisions\/9498"}],"wp:featuredmedia":[{"embeddable":true,"href":"https:\/\/aboveit.fi\/es\/wp-json\/wp\/v2\/media\/9465"}],"wp:attachment":[{"href":"https:\/\/aboveit.fi\/es\/wp-json\/wp\/v2\/media?parent=9463"}],"wp:term":[{"taxonomy":"category","embeddable":true,"href":"https:\/\/aboveit.fi\/es\/wp-json\/wp\/v2\/categories?post=9463"},{"taxonomy":"post_tag","embeddable":true,"href":"https:\/\/aboveit.fi\/es\/wp-json\/wp\/v2\/tags?post=9463"}],"curies":[{"name":"wp","href":"https:\/\/api.w.org\/{rel}","templated":true}]}}