{"id":9304,"date":"2024-06-04T08:47:18","date_gmt":"2024-06-04T06:47:18","guid":{"rendered":"https:\/\/aboveit.fi\/gestion-de-impresion-desde-la-nube\/"},"modified":"2025-11-27T14:03:50","modified_gmt":"2025-11-27T12:03:50","slug":"gestion-de-impresion-desde-la-nube","status":"publish","type":"post","link":"https:\/\/aboveit.fi\/es\/gestion-de-impresion-desde-la-nube\/","title":{"rendered":"\u00a1Gesti\u00f3n de impresi\u00f3n desde la nube!"},"content":{"rendered":"\t\t<div data-elementor-type=\"wp-post\" data-elementor-id=\"9304\" class=\"elementor elementor-9304 elementor-1840\" data-elementor-post-type=\"post\">\n\t\t\t\t\t\t<section class=\"elementor-section elementor-top-section elementor-element elementor-element-6cd027f elementor-section-boxed elementor-section-height-default elementor-section-height-default\" data-id=\"6cd027f\" data-element_type=\"section\" data-e-type=\"section\">\n\t\t\t\t\t\t<div class=\"elementor-container elementor-column-gap-default\">\n\t\t\t\t\t<div class=\"elementor-column elementor-col-100 elementor-top-column elementor-element elementor-element-fcfce7f\" data-id=\"fcfce7f\" data-element_type=\"column\" data-e-type=\"column\">\n\t\t\t<div class=\"elementor-widget-wrap elementor-element-populated\">\n\t\t\t\t\t\t<div class=\"elementor-element elementor-element-127c791 elementor-widget elementor-widget-heading\" data-id=\"127c791\" data-element_type=\"widget\" data-e-type=\"widget\" data-widget_type=\"heading.default\">\n\t\t\t\t<div class=\"elementor-widget-container\">\n\t\t\t\t\t<h2 class=\"elementor-heading-title elementor-size-default\">\u00bfLe gustar\u00eda tambi\u00e9n deshacerse de los servidores de impresi\u00f3n?<\/h2>\t\t\t\t<\/div>\n\t\t\t\t<\/div>\n\t\t\t\t\t<\/div>\n\t\t<\/div>\n\t\t\t\t\t<\/div>\n\t\t<\/section>\n\t\t\t\t<section class=\"elementor-section elementor-top-section elementor-element elementor-element-6b771d5 elementor-section-boxed elementor-section-height-default elementor-section-height-default\" data-id=\"6b771d5\" data-element_type=\"section\" data-e-type=\"section\">\n\t\t\t\t\t\t<div class=\"elementor-container elementor-column-gap-default\">\n\t\t\t\t\t<div class=\"elementor-column elementor-col-100 elementor-top-column elementor-element elementor-element-010f7cf\" data-id=\"010f7cf\" data-element_type=\"column\" data-e-type=\"column\">\n\t\t\t<div class=\"elementor-widget-wrap elementor-element-populated\">\n\t\t\t\t\t\t<div class=\"elementor-element elementor-element-a2653c9 elementor-widget elementor-widget-text-editor\" data-id=\"a2653c9\" data-element_type=\"widget\" data-e-type=\"widget\" data-widget_type=\"text-editor.default\">\n\t\t\t\t<div class=\"elementor-widget-container\">\n\t\t\t\t\t\t\t\t\t<p class=\"wp-block-heading\">\u00bfGesti\u00f3n de impresi\u00f3n desde la nube? He estado llevando a mis clientes hacia los servicios en la nube SaaS durante m\u00e1s de una d\u00e9cada. Recuerdo en los primeros d\u00edas de los servicios de Office 365, cuando mi empleador de entonces pregunt\u00f3 si ya se pod\u00edan construir los servicios b\u00e1sicos de oficina de la empresa completamente en la nube como servicios SaaS, sin servidores en absoluto. Creo que entonces todav\u00eda dud\u00e9 un poco, ya que las soluciones relacionadas con la seguridad y la gesti\u00f3n centralizada, por ejemplo, estaban a\u00fan en pa\u00f1ales. Sin embargo, como visi\u00f3n, la idea era interesante y empec\u00e9 a considerarla. Y esta visi\u00f3n se hizo realidad en gran medida en los a\u00f1os siguientes.     <\/p>\n<div class=\"section-wrapper\" data-id=\"Cs3QKe\">\n<section class=\"wp-block-gutenverse-section guten-element guten-section guten-Cs3QKe layout-boxed align-stretch\">\n<div class=\"guten-container guten-column-gap-default\">\n<div class=\"wp-block-gutenverse-column guten-element guten-column guten-4wDKgO\">\n<div class=\"sticky-wrapper\" data-id=\"4wDKgO\">\n<div class=\"guten-column-wrapper\">\n<p>Sin embargo, uno de los \u00faltimos bastiones en el viaje a la nube de las empresas parece haber sido la gesti\u00f3n de impresoras, las colas de impresi\u00f3n y las aplicaciones relacionadas con el mantenimiento de suministros. Afortunadamente, el mercado ha recibido soluciones SaaS de terceros y Microsoft tambi\u00e9n ha ofrecido su modelo Universal Print basado en Entra ID como soluci\u00f3n para gestionar las colas de impresi\u00f3n en el mundo de la nube. Pero, \u00bfc\u00f3mo deber\u00eda abordarse el asunto cuando los requisitos de impresi\u00f3n aumentan, por ejemplo, desde el punto de vista de las impresiones seguras?  <\/p>\n<\/div>\n<\/div>\n<\/div>\n<\/div>\n<\/section>\n<\/div>\t\t\t\t\t\t\t\t<\/div>\n\t\t\t\t<\/div>\n\t\t\t\t\t<\/div>\n\t\t<\/div>\n\t\t\t\t\t<\/div>\n\t\t<\/section>\n\t\t\t\t<section class=\"elementor-section elementor-top-section elementor-element elementor-element-6b53384 elementor-section-boxed elementor-section-height-default elementor-section-height-default\" data-id=\"6b53384\" data-element_type=\"section\" data-e-type=\"section\">\n\t\t\t\t\t\t<div class=\"elementor-container elementor-column-gap-default\">\n\t\t\t\t\t<div class=\"elementor-column elementor-col-100 elementor-top-column elementor-element elementor-element-42a5071\" data-id=\"42a5071\" data-element_type=\"column\" data-e-type=\"column\">\n\t\t\t<div class=\"elementor-widget-wrap elementor-element-populated\">\n\t\t\t\t\t\t<div class=\"elementor-element elementor-element-c679863 elementor-widget elementor-widget-heading\" data-id=\"c679863\" data-element_type=\"widget\" data-e-type=\"widget\" data-widget_type=\"heading.default\">\n\t\t\t\t<div class=\"elementor-widget-container\">\n\t\t\t\t\t<h2 class=\"elementor-heading-title elementor-size-default\">Impresi\u00f3n local<\/h2>\t\t\t\t<\/div>\n\t\t\t\t<\/div>\n\t\t\t\t\t<\/div>\n\t\t<\/div>\n\t\t\t\t\t<\/div>\n\t\t<\/section>\n\t\t\t\t<section class=\"elementor-section elementor-top-section elementor-element elementor-element-e12a077 elementor-section-boxed elementor-section-height-default elementor-section-height-default\" data-id=\"e12a077\" data-element_type=\"section\" data-e-type=\"section\">\n\t\t\t\t\t\t<div class=\"elementor-container elementor-column-gap-default\">\n\t\t\t\t\t<div class=\"elementor-column elementor-col-100 elementor-top-column elementor-element elementor-element-e54ba58\" data-id=\"e54ba58\" data-element_type=\"column\" data-e-type=\"column\">\n\t\t\t<div class=\"elementor-widget-wrap elementor-element-populated\">\n\t\t\t\t\t\t<div class=\"elementor-element elementor-element-61bd25a elementor-widget elementor-widget-text-editor\" data-id=\"61bd25a\" data-element_type=\"widget\" data-e-type=\"widget\" data-widget_type=\"text-editor.default\">\n\t\t\t\t<div class=\"elementor-widget-container\">\n\t\t\t\t\t\t\t\t\t<p>Para los entornos de TI de peque\u00f1as empresas, no conviene complicar demasiado las cosas. Las impresoras y las estaciones de trabajo son en su mayor\u00eda dispositivos que se utilizan durante bastante tiempo y el entorno suele ser muy estable. En entornos peque\u00f1os, las colas de impresi\u00f3n se pueden instalar f\u00e1cilmente de forma manual y local, ya que no ocupa mucho tiempo de trabajo de nadie.  <\/p>\n<p><\/p>\n<p>Y esto es lo que el modelo de nube es en la pr\u00e1ctica: Cuando las estaciones de trabajo no est\u00e1n vinculadas a servidores, las colas de impresi\u00f3n tambi\u00e9n se tratan como colas locales en las estaciones de trabajo. Es decir, cuando hablamos de gesti\u00f3n de impresi\u00f3n basada en SaaS, las colas de impresi\u00f3n se suelen traer a las estaciones de trabajo como colas locales a trav\u00e9s de la gesti\u00f3n centralizada y las estaciones de trabajo se comunican directamente con las impresoras en su red local. <\/p>\t\t\t\t\t\t\t\t<\/div>\n\t\t\t\t<\/div>\n\t\t\t\t\t<\/div>\n\t\t<\/div>\n\t\t\t\t\t<\/div>\n\t\t<\/section>\n\t\t\t\t<section class=\"elementor-section elementor-top-section elementor-element elementor-element-d33c3d6 elementor-section-boxed elementor-section-height-default elementor-section-height-default\" data-id=\"d33c3d6\" data-element_type=\"section\" data-e-type=\"section\">\n\t\t\t\t\t\t<div class=\"elementor-container elementor-column-gap-default\">\n\t\t\t\t\t<div class=\"elementor-column elementor-col-100 elementor-top-column elementor-element elementor-element-ab7ae28\" data-id=\"ab7ae28\" data-element_type=\"column\" data-e-type=\"column\">\n\t\t\t<div class=\"elementor-widget-wrap elementor-element-populated\">\n\t\t\t\t\t\t<div class=\"elementor-element elementor-element-c90124e elementor-widget elementor-widget-heading\" data-id=\"c90124e\" data-element_type=\"widget\" data-e-type=\"widget\" data-widget_type=\"heading.default\">\n\t\t\t\t<div class=\"elementor-widget-container\">\n\t\t\t\t\t<h2 class=\"elementor-heading-title elementor-size-default\">La impresi\u00f3n universal de Microsoft impulsa el modelo de nube<\/h2>\t\t\t\t<\/div>\n\t\t\t\t<\/div>\n\t\t\t\t\t<\/div>\n\t\t<\/div>\n\t\t\t\t\t<\/div>\n\t\t<\/section>\n\t\t\t\t<section class=\"elementor-section elementor-top-section elementor-element elementor-element-50e8d31 elementor-section-boxed elementor-section-height-default elementor-section-height-default\" data-id=\"50e8d31\" data-element_type=\"section\" data-e-type=\"section\">\n\t\t\t\t\t\t<div class=\"elementor-container elementor-column-gap-default\">\n\t\t\t\t\t<div class=\"elementor-column elementor-col-100 elementor-top-column elementor-element elementor-element-96cfe41\" data-id=\"96cfe41\" data-element_type=\"column\" data-e-type=\"column\">\n\t\t\t<div class=\"elementor-widget-wrap elementor-element-populated\">\n\t\t\t\t\t\t<div class=\"elementor-element elementor-element-9f87d95 elementor-widget elementor-widget-text-editor\" data-id=\"9f87d95\" data-element_type=\"widget\" data-e-type=\"widget\" data-widget_type=\"text-editor.default\">\n\t\t\t\t<div class=\"elementor-widget-container\">\n\t\t\t\t\t\t\t\t\t<div class=\"section-wrapper\" data-id=\"Cs3QKe\">\n<section class=\"wp-block-gutenverse-section guten-element guten-section guten-Cs3QKe layout-boxed align-stretch\">\n<div class=\"guten-container guten-column-gap-default\">\n<div class=\"wp-block-gutenverse-column guten-element guten-column guten-4wDKgO\">\n<div class=\"sticky-wrapper\" data-id=\"4wDKgO\">\n<div class=\"guten-column-wrapper\">Microsoft introdujo su propia impresi\u00f3n universal en la nube para apoyar las versiones empresariales de Windows, permitiendo la gesti\u00f3n de la impresi\u00f3n y la distribuci\u00f3n de impresoras desde la nube. Ha sido un placer ver c\u00f3mo este aspecto se ha desarrollado en los \u00faltimos a\u00f1os, con Microsoft permitiendo ahora tambi\u00e9n soluciones ligeras para <a href=\"https:\/\/learn.microsoft.com\/fi-fi\/universal-print\/fundamentals\/universal-print-qrcode\">una impresi\u00f3n m\u00e1s segura<\/a> y tambi\u00e9n para <a href=\"https:\/\/learn.microsoft.com\/en-us\/universal-print\/portal\/view-print-usage\">informes de impresi\u00f3n<\/a>. <\/div>\n<div> <\/div>\n<div class=\"guten-column-wrapper\">Sin embargo, una de las \u00e1reas grises ha sido que todav\u00eda hay muy pocas impresoras compatibles con Universal Print. Las impresoras antiguas no tan compatibles se pueden hacer funcionar con la impresi\u00f3n universal instalando un conector en el servidor de impresi\u00f3n que permite la funcionalidad para las impresoras m\u00e1s antiguas. Pero esto sigue requiriendo un servidor. Otra opci\u00f3n ha sido utilizar soluciones de impresi\u00f3n SaaS de terceros que se integran con la impresi\u00f3n universal de Microsoft, y as\u00ed el enlace entre la impresi\u00f3n universal y las impresoras antiguas se obtiene a trav\u00e9s de la nube.   <\/div>\n<div> <\/div>\n<div class=\"guten-column-wrapper\">Sin embargo, diferentes fabricantes han lanzado a un ritmo acelerado nuevos modelos que son directamente compatibles con la impresi\u00f3n universal de Microsoft. En el mejor de los casos, bastar\u00eda con que el fabricante publicara un firmware compatible a nivel de dispositivo que permitiera conectar la impresora a la nube, pero por alguna raz\u00f3n parecen preferir publicar y vender nuevos dispositivos. <\/div>\n<\/div>\n<\/div>\n<\/div>\n<\/section>\n<\/div>\t\t\t\t\t\t\t\t<\/div>\n\t\t\t\t<\/div>\n\t\t\t\t\t<\/div>\n\t\t<\/div>\n\t\t\t\t\t<\/div>\n\t\t<\/section>\n\t\t\t\t<section class=\"elementor-section elementor-top-section elementor-element elementor-element-1a36f84 elementor-section-boxed elementor-section-height-default elementor-section-height-default\" data-id=\"1a36f84\" data-element_type=\"section\" data-e-type=\"section\">\n\t\t\t\t\t\t<div class=\"elementor-container elementor-column-gap-default\">\n\t\t\t\t\t<div class=\"elementor-column elementor-col-100 elementor-top-column elementor-element elementor-element-60e8d5c\" data-id=\"60e8d5c\" data-element_type=\"column\" data-e-type=\"column\">\n\t\t\t<div class=\"elementor-widget-wrap elementor-element-populated\">\n\t\t\t\t\t\t<div class=\"elementor-element elementor-element-01ab31f elementor-widget elementor-widget-heading\" data-id=\"01ab31f\" data-element_type=\"widget\" data-e-type=\"widget\" data-widget_type=\"heading.default\">\n\t\t\t\t<div class=\"elementor-widget-container\">\n\t\t\t\t\t<h2 class=\"elementor-heading-title elementor-size-default\">Mejor gesti\u00f3n y seguridad con soluciones SaaS<\/h2>\t\t\t\t<\/div>\n\t\t\t\t<\/div>\n\t\t\t\t\t<\/div>\n\t\t<\/div>\n\t\t\t\t\t<\/div>\n\t\t<\/section>\n\t\t\t\t<section class=\"elementor-section elementor-top-section elementor-element elementor-element-04f4893 elementor-section-boxed elementor-section-height-default elementor-section-height-default\" data-id=\"04f4893\" data-element_type=\"section\" data-e-type=\"section\">\n\t\t\t\t\t\t<div class=\"elementor-container elementor-column-gap-default\">\n\t\t\t\t\t<div class=\"elementor-column elementor-col-100 elementor-top-column elementor-element elementor-element-42495e8\" data-id=\"42495e8\" data-element_type=\"column\" data-e-type=\"column\">\n\t\t\t<div class=\"elementor-widget-wrap elementor-element-populated\">\n\t\t\t\t\t\t<div class=\"elementor-element elementor-element-f806cbe elementor-widget elementor-widget-text-editor\" data-id=\"f806cbe\" data-element_type=\"widget\" data-e-type=\"widget\" data-widget_type=\"text-editor.default\">\n\t\t\t\t<div class=\"elementor-widget-container\">\n\t\t\t\t\t\t\t\t\t<div class=\"section-wrapper\" data-id=\"Cs3QKe\">\n<section class=\"wp-block-gutenverse-section guten-element guten-section guten-Cs3QKe layout-boxed align-stretch\">\n<div class=\"guten-container guten-column-gap-default\">\n<div class=\"wp-block-gutenverse-column guten-element guten-column guten-4wDKgO\">\n<div class=\"sticky-wrapper\" data-id=\"4wDKgO\">Muchos ya se estar\u00e1n preguntando por qu\u00e9 necesitar\u00edamos soluciones SaaS de terceros para gestionar las impresoras. La respuesta es sencilla: las soluciones deben reflejar las necesidades propias de la organizaci\u00f3n. Above IT ofrece como soluciones de impresi\u00f3n SaaS de terceros el servicio <a href=\"https:\/\/printix.net\/\">Printix<\/a>, originalmente dan\u00e9s, que se desarroll\u00f3 inicialmente para atender las necesidades de impresi\u00f3n del campus de una universidad local. Printix es una gesti\u00f3n centralizada basada en la nube e independiente del fabricante para la impresi\u00f3n, que sirve mejor a las organizaciones con m\u00faltiples ubicaciones, permitiendo la ligereza y la automatizaci\u00f3n de la impresi\u00f3n para las necesidades de diferentes negocios, y tambi\u00e9n admite, por ejemplo, las impresoras de etiquetas m\u00e1s comunes.   <\/div>\n<div data-id=\"4wDKgO\"> <\/div>\n<div class=\"sticky-wrapper\" data-id=\"4wDKgO\">Printix se integra con los entornos Microsoft365 y Google, permitiendo la integraci\u00f3n, por ejemplo, con la impresi\u00f3n universal de Microsoft, lo que significa que incluso las impresoras antiguas pueden integrarse en la impresi\u00f3n universal de Microsoft puramente a trav\u00e9s de la nube, sin servidores. Y lo mejor de todo es que existe soporte nativo para la impresi\u00f3n en todos los tipos comunes de dispositivos finales y sistemas operativos, incluso de forma m\u00f3vil. <\/div>\n<div data-id=\"4wDKgO\"> <\/div>\n<div class=\"sticky-wrapper\" data-id=\"4wDKgO\">La impresi\u00f3n segura tambi\u00e9n puede ser una necesidad en la que la organizaci\u00f3n no quiera hacer concesiones. \u00a1Esto puede ser importante para la <a href=\"https:\/\/aboveit.fi\/es\/proteccion-de-datos-en-la-nube-de-microsoft\/\">protecci\u00f3n de datos<\/a> de la organizaci\u00f3n! Printix permite el uso de lectores de tarjetas de seguridad espec\u00edficos del dispositivo en la gesti\u00f3n de la impresi\u00f3n segura de forma totalmente basada en la nube, autenticando a los usuarios de Entra ID. Los informes relacionados con la impresi\u00f3n se pueden realizar de forma segura a trav\u00e9s de su propia base de datos Azure utilizando informes PowerBI altamente personalizables.   <\/div>\n<div data-id=\"4wDKgO\"> <\/div>\n<div class=\"sticky-wrapper\" data-id=\"4wDKgO\">Yo mismo conoc\u00ed las soluciones Printix hace a\u00f1os y he consultado con \u00e9xito esta impresi\u00f3n en la nube para su uso en varias organizaciones diferentes en el pasado. Por supuesto, muchos fabricantes de impresoras empiezan a tener sus propias soluciones SaaS similares, pero cuando quiera hacer las cosas de forma independiente del fabricante y con ligereza, creo que deber\u00eda dirigir su atenci\u00f3n a esto. <\/div>\n<\/div>\n<\/div>\n<\/section>\n<\/div>\t\t\t\t\t\t\t\t<\/div>\n\t\t\t\t<\/div>\n\t\t\t\t\t<\/div>\n\t\t<\/div>\n\t\t\t\t\t<\/div>\n\t\t<\/section>\n\t\t\t\t<section class=\"elementor-section elementor-top-section elementor-element elementor-element-80b380f elementor-section-boxed elementor-section-height-default elementor-section-height-default\" data-id=\"80b380f\" data-element_type=\"section\" data-e-type=\"section\">\n\t\t\t\t\t\t<div class=\"elementor-container elementor-column-gap-default\">\n\t\t\t\t\t<div class=\"elementor-column elementor-col-100 elementor-top-column elementor-element elementor-element-9bc5e5e\" data-id=\"9bc5e5e\" data-element_type=\"column\" data-e-type=\"column\">\n\t\t\t<div class=\"elementor-widget-wrap elementor-element-populated\">\n\t\t\t\t\t\t<div class=\"elementor-element elementor-element-6ff4527 elementor-widget elementor-widget-heading\" data-id=\"6ff4527\" data-element_type=\"widget\" data-e-type=\"widget\" data-widget_type=\"heading.default\">\n\t\t\t\t<div class=\"elementor-widget-container\">\n\t\t\t\t\t<h2 class=\"elementor-heading-title elementor-size-default\">Pero, \u00bfqu\u00e9 pasa con el mantenimiento de los suministros?<\/h2>\t\t\t\t<\/div>\n\t\t\t\t<\/div>\n\t\t\t\t\t<\/div>\n\t\t<\/div>\n\t\t\t\t\t<\/div>\n\t\t<\/section>\n\t\t\t\t<section class=\"elementor-section elementor-top-section elementor-element elementor-element-502d61a6 elementor-section-boxed elementor-section-height-default elementor-section-height-default\" data-id=\"502d61a6\" data-element_type=\"section\" data-e-type=\"section\">\n\t\t\t\t\t\t<div class=\"elementor-container elementor-column-gap-default\">\n\t\t\t\t\t<div class=\"elementor-column elementor-col-100 elementor-top-column elementor-element elementor-element-3e0e84c\" data-id=\"3e0e84c\" data-element_type=\"column\" data-e-type=\"column\">\n\t\t\t<div class=\"elementor-widget-wrap elementor-element-populated\">\n\t\t\t\t\t\t<div class=\"elementor-element elementor-element-66b39f10 elementor-widget elementor-widget-text-editor\" data-id=\"66b39f10\" data-element_type=\"widget\" data-e-type=\"widget\" data-widget_type=\"text-editor.default\">\n\t\t\t\t<div class=\"elementor-widget-container\">\n\t\t\t\t\t\t\t\t\t\n<div class=\"section-wrapper\" data-id=\"Cs3QKe\">\n<section class=\"wp-block-gutenverse-section guten-element guten-section guten-Cs3QKe layout-boxed align-stretch\">\n<div class=\"guten-container guten-column-gap-default\">\n<div class=\"wp-block-gutenverse-column guten-element guten-column guten-4wDKgO\">Los fabricantes de impresoras suelen tener sus propias aplicaciones para informar sobre el mantenimiento de los suministros, que antes hab\u00eda que instalar en un rinc\u00f3n del servidor para supervisar el estado de los suministros de las impresoras e informar de ello al socio de mantenimiento. Recomiendo encarecidamente a los departamentos de TI que se familiaricen especialmente con este aspecto a la hora de licitar las adquisiciones. De hecho, ya hay varios fabricantes importantes en el mercado que ofrecen un enfoque puramente basado en la nube para los informes de suministros, porque \u00bfqui\u00e9n echar\u00eda de menos un servidor que mantener para esta tarea?  <\/div>\n<div> <\/div>\n<div class=\"wp-block-gutenverse-column guten-element guten-column guten-4wDKgO\">Above IT ha acordado un modelo de cooperaci\u00f3n con una empresa que ofrece impresoras y servicios de mantenimiento, y podemos ayudar al departamento de TI en sus consideraciones en este \u00e1mbito si es necesario. Cuando se combina un enfoque basado en la nube para el mantenimiento de los suministros con una impresi\u00f3n totalmente basada en la nube, empezamos a estar ante soluciones en las que su departamento de TI puede considerar realmente deshacerse de ese \u00faltimo basti\u00f3n de servidores y llevar a la nube toda la impresi\u00f3n de su organizaci\u00f3n. \u00a1Y esto es una verdadera gesti\u00f3n de la impresi\u00f3n desde la nube!  <\/div>\n<\/div>\n<\/section>\n<\/div>\n\t\t\t\t\t\t\t\t<\/div>\n\t\t\t\t<\/div>\n\t\t\t\t<div class=\"elementor-element elementor-element-cfbc9ca elementor-widget elementor-widget-text-editor\" data-id=\"cfbc9ca\" data-element_type=\"widget\" data-e-type=\"widget\" data-widget_type=\"text-editor.default\">\n\t\t\t\t<div class=\"elementor-widget-container\">\n\t\t\t\t\t\t\t\t\t<p><em>Above IT es el socio y el recurso de su departamento de TI. Si necesita ayuda para llevar sus soluciones de impresi\u00f3n a la nube, \u00a1podemos ayudar a su departamento de TI a elegir soluciones sostenibles para las necesidades de su organizaci\u00f3n! As\u00ed que no dude en reservar una cita en el enlace de abajo, \u00a1y nos conoceremos!  <\/em><\/p>\t\t\t\t\t\t\t\t<\/div>\n\t\t\t\t<\/div>\n\t\t\t\t\t<\/div>\n\t\t<\/div>\n\t\t\t\t\t<\/div>\n\t\t<\/section>\n\t\t\t\t<\/div>\n\t\t","protected":false},"excerpt":{"rendered":"<p>\u00bfLe gustar\u00eda tambi\u00e9n deshacerse de los servidores de impresi\u00f3n? \u00bfGesti\u00f3n de impresi\u00f3n desde la nube? He estado llevando a mis clientes hacia los servicios en la nube SaaS durante m\u00e1s de una d\u00e9cada. Recuerdo en los primeros d\u00edas de los servicios de Office 365, cuando mi empleador de entonces pregunt\u00f3 si ya se pod\u00edan construir [&hellip;]<\/p>\n","protected":false},"author":3,"featured_media":9305,"comment_status":"closed","ping_status":"closed","sticky":false,"template":"","format":"standard","meta":{"content-type":"","inline_featured_image":false,"footnotes":""},"categories":[339,230,228],"tags":[308,392,391,393],"class_list":["post-9304","post","type-post","status-publish","format-standard","has-post-thumbnail","hentry","category-lugar-de-trabajo-funcional","category-microsoft-365","category-tecnologias","tag-gestion-en-la-nube","tag-impresion","tag-printix","tag-universal-print"],"yoast_head":"<!-- This site is optimized with the Yoast SEO plugin v27.5 - https:\/\/yoast.com\/product\/yoast-seo-wordpress\/ -->\n<title>\u00a1Gesti\u00f3n de impresi\u00f3n desde la nube! - Above IT Oy<\/title>\n<meta name=\"description\" content=\"\u00a1Gesti\u00f3n de impresi\u00f3n desde la nube! \u00bfLe gustar\u00eda tambi\u00e9n deshacerse de los servidores de impresi\u00f3n? \u00a1Lea nuestro art\u00edculo del blog sobre el tema!\" \/>\n<meta name=\"robots\" content=\"index, follow, max-snippet:-1, max-image-preview:large, max-video-preview:-1\" \/>\n<link rel=\"canonical\" href=\"https:\/\/aboveit.fi\/es\/gestion-de-impresion-desde-la-nube\/\" \/>\n<meta property=\"og:locale\" content=\"es_ES\" \/>\n<meta property=\"og:type\" content=\"article\" \/>\n<meta property=\"og:title\" content=\"\u00a1Gesti\u00f3n de impresi\u00f3n desde la nube! - Above IT Oy\" \/>\n<meta property=\"og:description\" content=\"\u00a1Gesti\u00f3n de impresi\u00f3n desde la nube! \u00bfLe gustar\u00eda tambi\u00e9n deshacerse de los servidores de impresi\u00f3n? \u00a1Lea nuestro art\u00edculo del blog sobre el tema!\" \/>\n<meta property=\"og:url\" content=\"https:\/\/aboveit.fi\/es\/gestion-de-impresion-desde-la-nube\/\" \/>\n<meta property=\"og:site_name\" content=\"Above IT Oy\" \/>\n<meta property=\"article:publisher\" content=\"https:\/\/www.facebook.com\/aboveitfi\" \/>\n<meta property=\"article:published_time\" content=\"2024-06-04T06:47:18+00:00\" \/>\n<meta property=\"article:modified_time\" content=\"2025-11-27T12:03:50+00:00\" \/>\n<meta property=\"og:image\" content=\"https:\/\/aboveit.fi\/wp-content\/uploads\/2024\/06\/pexels-cottonbro-3201783-scaled-e1717436844225.jpg\" \/>\n\t<meta property=\"og:image:width\" content=\"1710\" \/>\n\t<meta property=\"og:image:height\" content=\"1710\" \/>\n\t<meta property=\"og:image:type\" content=\"image\/jpeg\" \/>\n<meta name=\"author\" content=\"Juha Kari\" \/>\n<meta name=\"twitter:card\" content=\"summary_large_image\" \/>\n<meta name=\"twitter:label1\" content=\"Escrito por\" \/>\n\t<meta name=\"twitter:data1\" content=\"Juha Kari\" \/>\n\t<meta name=\"twitter:label2\" content=\"Tiempo de lectura\" \/>\n\t<meta name=\"twitter:data2\" content=\"7 minutos\" \/>\n<script type=\"application\/ld+json\" class=\"yoast-schema-graph\">{\"@context\":\"https:\\\/\\\/schema.org\",\"@graph\":[{\"@type\":\"Article\",\"@id\":\"https:\\\/\\\/aboveit.fi\\\/es\\\/gestion-de-impresion-desde-la-nube\\\/#article\",\"isPartOf\":{\"@id\":\"https:\\\/\\\/aboveit.fi\\\/es\\\/gestion-de-impresion-desde-la-nube\\\/\"},\"author\":{\"name\":\"Juha Kari\",\"@id\":\"https:\\\/\\\/aboveit.fi\\\/es\\\/#\\\/schema\\\/person\\\/8b6b16ca2927e8021cd0a2fc2a09ce5d\"},\"headline\":\"\u00a1Gesti\u00f3n de impresi\u00f3n desde la nube!\",\"datePublished\":\"2024-06-04T06:47:18+00:00\",\"dateModified\":\"2025-11-27T12:03:50+00:00\",\"mainEntityOfPage\":{\"@id\":\"https:\\\/\\\/aboveit.fi\\\/es\\\/gestion-de-impresion-desde-la-nube\\\/\"},\"wordCount\":1332,\"publisher\":{\"@id\":\"https:\\\/\\\/aboveit.fi\\\/es\\\/#organization\"},\"image\":{\"@id\":\"https:\\\/\\\/aboveit.fi\\\/es\\\/gestion-de-impresion-desde-la-nube\\\/#primaryimage\"},\"thumbnailUrl\":\"https:\\\/\\\/aboveit.fi\\\/wp-content\\\/uploads\\\/2024\\\/06\\\/pexels-cottonbro-3201783-scaled-e1717436844225.jpg\",\"keywords\":[\"gesti\u00f3n en la nube\",\"impresi\u00f3n\",\"printix\",\"universal print\"],\"articleSection\":[\"Lugar de trabajo funcional\",\"Microsoft 365\",\"Tecnolog\u00edas\"],\"inLanguage\":\"es\"},{\"@type\":\"WebPage\",\"@id\":\"https:\\\/\\\/aboveit.fi\\\/es\\\/gestion-de-impresion-desde-la-nube\\\/\",\"url\":\"https:\\\/\\\/aboveit.fi\\\/es\\\/gestion-de-impresion-desde-la-nube\\\/\",\"name\":\"\u00a1Gesti\u00f3n de impresi\u00f3n desde la nube! - Above IT Oy\",\"isPartOf\":{\"@id\":\"https:\\\/\\\/aboveit.fi\\\/es\\\/#website\"},\"primaryImageOfPage\":{\"@id\":\"https:\\\/\\\/aboveit.fi\\\/es\\\/gestion-de-impresion-desde-la-nube\\\/#primaryimage\"},\"image\":{\"@id\":\"https:\\\/\\\/aboveit.fi\\\/es\\\/gestion-de-impresion-desde-la-nube\\\/#primaryimage\"},\"thumbnailUrl\":\"https:\\\/\\\/aboveit.fi\\\/wp-content\\\/uploads\\\/2024\\\/06\\\/pexels-cottonbro-3201783-scaled-e1717436844225.jpg\",\"datePublished\":\"2024-06-04T06:47:18+00:00\",\"dateModified\":\"2025-11-27T12:03:50+00:00\",\"description\":\"\u00a1Gesti\u00f3n de impresi\u00f3n desde la nube! \u00bfLe gustar\u00eda tambi\u00e9n deshacerse de los servidores de impresi\u00f3n? \u00a1Lea nuestro art\u00edculo del blog sobre el tema!\",\"breadcrumb\":{\"@id\":\"https:\\\/\\\/aboveit.fi\\\/es\\\/gestion-de-impresion-desde-la-nube\\\/#breadcrumb\"},\"inLanguage\":\"es\",\"potentialAction\":[{\"@type\":\"ReadAction\",\"target\":[\"https:\\\/\\\/aboveit.fi\\\/es\\\/gestion-de-impresion-desde-la-nube\\\/\"]}]},{\"@type\":\"ImageObject\",\"inLanguage\":\"es\",\"@id\":\"https:\\\/\\\/aboveit.fi\\\/es\\\/gestion-de-impresion-desde-la-nube\\\/#primaryimage\",\"url\":\"https:\\\/\\\/aboveit.fi\\\/wp-content\\\/uploads\\\/2024\\\/06\\\/pexels-cottonbro-3201783-scaled-e1717436844225.jpg\",\"contentUrl\":\"https:\\\/\\\/aboveit.fi\\\/wp-content\\\/uploads\\\/2024\\\/06\\\/pexels-cottonbro-3201783-scaled-e1717436844225.jpg\",\"width\":1710,\"height\":1710,\"caption\":\"Gesti\u00f3n de impresi\u00f3n desde la nube\"},{\"@type\":\"BreadcrumbList\",\"@id\":\"https:\\\/\\\/aboveit.fi\\\/es\\\/gestion-de-impresion-desde-la-nube\\\/#breadcrumb\",\"itemListElement\":[{\"@type\":\"ListItem\",\"position\":1,\"name\":\"Etusivu\",\"item\":\"https:\\\/\\\/aboveit.fi\\\/es\\\/\"},{\"@type\":\"ListItem\",\"position\":2,\"name\":\"\u00a1Gesti\u00f3n de impresi\u00f3n desde la nube!\"}]},{\"@type\":\"WebSite\",\"@id\":\"https:\\\/\\\/aboveit.fi\\\/es\\\/#website\",\"url\":\"https:\\\/\\\/aboveit.fi\\\/es\\\/\",\"name\":\"We Are Above IT\",\"description\":\"Tietohallinnon voimavarakumppani\",\"publisher\":{\"@id\":\"https:\\\/\\\/aboveit.fi\\\/es\\\/#organization\"},\"potentialAction\":[{\"@type\":\"SearchAction\",\"target\":{\"@type\":\"EntryPoint\",\"urlTemplate\":\"https:\\\/\\\/aboveit.fi\\\/es\\\/?s={search_term_string}\"},\"query-input\":{\"@type\":\"PropertyValueSpecification\",\"valueRequired\":true,\"valueName\":\"search_term_string\"}}],\"inLanguage\":\"es\"},{\"@type\":\"Organization\",\"@id\":\"https:\\\/\\\/aboveit.fi\\\/es\\\/#organization\",\"name\":\"Above IT Oy\",\"url\":\"https:\\\/\\\/aboveit.fi\\\/es\\\/\",\"logo\":{\"@type\":\"ImageObject\",\"inLanguage\":\"es\",\"@id\":\"https:\\\/\\\/aboveit.fi\\\/es\\\/#\\\/schema\\\/logo\\\/image\\\/\",\"url\":\"https:\\\/\\\/aboveit.fi\\\/wp-content\\\/uploads\\\/2024\\\/10\\\/aboveIT-logo.png\",\"contentUrl\":\"https:\\\/\\\/aboveit.fi\\\/wp-content\\\/uploads\\\/2024\\\/10\\\/aboveIT-logo.png\",\"width\":1613,\"height\":383,\"caption\":\"Above IT Oy\"},\"image\":{\"@id\":\"https:\\\/\\\/aboveit.fi\\\/es\\\/#\\\/schema\\\/logo\\\/image\\\/\"},\"sameAs\":[\"https:\\\/\\\/www.facebook.com\\\/aboveitfi\",\"https:\\\/\\\/www.linkedin.com\\\/company\\\/aboveitfi\",\"https:\\\/\\\/instagram.com\\\/aboveitfi\"]},{\"@type\":\"Person\",\"@id\":\"https:\\\/\\\/aboveit.fi\\\/es\\\/#\\\/schema\\\/person\\\/8b6b16ca2927e8021cd0a2fc2a09ce5d\",\"name\":\"Juha Kari\",\"image\":{\"@type\":\"ImageObject\",\"inLanguage\":\"es\",\"@id\":\"https:\\\/\\\/secure.gravatar.com\\\/avatar\\\/3673353ef8de813771f6c6e6251f2a017a8167d2b4f9e43ac0692cc89ce69aeb?s=96&d=mm&r=g\",\"url\":\"https:\\\/\\\/secure.gravatar.com\\\/avatar\\\/3673353ef8de813771f6c6e6251f2a017a8167d2b4f9e43ac0692cc89ce69aeb?s=96&d=mm&r=g\",\"contentUrl\":\"https:\\\/\\\/secure.gravatar.com\\\/avatar\\\/3673353ef8de813771f6c6e6251f2a017a8167d2b4f9e43ac0692cc89ce69aeb?s=96&d=mm&r=g\",\"caption\":\"Juha Kari\"},\"sameAs\":[\"https:\\\/\\\/aboveit.fi\"],\"url\":\"https:\\\/\\\/aboveit.fi\\\/es\\\/author\\\/juha-kariaboveit-fi\\\/\"}]}<\/script>\n<!-- \/ Yoast SEO plugin. -->","yoast_head_json":{"title":"\u00a1Gesti\u00f3n de impresi\u00f3n desde la nube! - Above IT Oy","description":"\u00a1Gesti\u00f3n de impresi\u00f3n desde la nube! \u00bfLe gustar\u00eda tambi\u00e9n deshacerse de los servidores de impresi\u00f3n? \u00a1Lea nuestro art\u00edculo del blog sobre el tema!","robots":{"index":"index","follow":"follow","max-snippet":"max-snippet:-1","max-image-preview":"max-image-preview:large","max-video-preview":"max-video-preview:-1"},"canonical":"https:\/\/aboveit.fi\/es\/gestion-de-impresion-desde-la-nube\/","og_locale":"es_ES","og_type":"article","og_title":"\u00a1Gesti\u00f3n de impresi\u00f3n desde la nube! - Above IT Oy","og_description":"\u00a1Gesti\u00f3n de impresi\u00f3n desde la nube! \u00bfLe gustar\u00eda tambi\u00e9n deshacerse de los servidores de impresi\u00f3n? \u00a1Lea nuestro art\u00edculo del blog sobre el tema!","og_url":"https:\/\/aboveit.fi\/es\/gestion-de-impresion-desde-la-nube\/","og_site_name":"Above IT Oy","article_publisher":"https:\/\/www.facebook.com\/aboveitfi","article_published_time":"2024-06-04T06:47:18+00:00","article_modified_time":"2025-11-27T12:03:50+00:00","og_image":[{"width":1710,"height":1710,"url":"https:\/\/aboveit.fi\/wp-content\/uploads\/2024\/06\/pexels-cottonbro-3201783-scaled-e1717436844225.jpg","type":"image\/jpeg"}],"author":"Juha Kari","twitter_card":"summary_large_image","twitter_misc":{"Escrito por":"Juha Kari","Tiempo de lectura":"7 minutos"},"schema":{"@context":"https:\/\/schema.org","@graph":[{"@type":"Article","@id":"https:\/\/aboveit.fi\/es\/gestion-de-impresion-desde-la-nube\/#article","isPartOf":{"@id":"https:\/\/aboveit.fi\/es\/gestion-de-impresion-desde-la-nube\/"},"author":{"name":"Juha Kari","@id":"https:\/\/aboveit.fi\/es\/#\/schema\/person\/8b6b16ca2927e8021cd0a2fc2a09ce5d"},"headline":"\u00a1Gesti\u00f3n de impresi\u00f3n desde la nube!","datePublished":"2024-06-04T06:47:18+00:00","dateModified":"2025-11-27T12:03:50+00:00","mainEntityOfPage":{"@id":"https:\/\/aboveit.fi\/es\/gestion-de-impresion-desde-la-nube\/"},"wordCount":1332,"publisher":{"@id":"https:\/\/aboveit.fi\/es\/#organization"},"image":{"@id":"https:\/\/aboveit.fi\/es\/gestion-de-impresion-desde-la-nube\/#primaryimage"},"thumbnailUrl":"https:\/\/aboveit.fi\/wp-content\/uploads\/2024\/06\/pexels-cottonbro-3201783-scaled-e1717436844225.jpg","keywords":["gesti\u00f3n en la nube","impresi\u00f3n","printix","universal print"],"articleSection":["Lugar de trabajo funcional","Microsoft 365","Tecnolog\u00edas"],"inLanguage":"es"},{"@type":"WebPage","@id":"https:\/\/aboveit.fi\/es\/gestion-de-impresion-desde-la-nube\/","url":"https:\/\/aboveit.fi\/es\/gestion-de-impresion-desde-la-nube\/","name":"\u00a1Gesti\u00f3n de impresi\u00f3n desde la nube! - Above IT Oy","isPartOf":{"@id":"https:\/\/aboveit.fi\/es\/#website"},"primaryImageOfPage":{"@id":"https:\/\/aboveit.fi\/es\/gestion-de-impresion-desde-la-nube\/#primaryimage"},"image":{"@id":"https:\/\/aboveit.fi\/es\/gestion-de-impresion-desde-la-nube\/#primaryimage"},"thumbnailUrl":"https:\/\/aboveit.fi\/wp-content\/uploads\/2024\/06\/pexels-cottonbro-3201783-scaled-e1717436844225.jpg","datePublished":"2024-06-04T06:47:18+00:00","dateModified":"2025-11-27T12:03:50+00:00","description":"\u00a1Gesti\u00f3n de impresi\u00f3n desde la nube! \u00bfLe gustar\u00eda tambi\u00e9n deshacerse de los servidores de impresi\u00f3n? \u00a1Lea nuestro art\u00edculo del blog sobre el tema!","breadcrumb":{"@id":"https:\/\/aboveit.fi\/es\/gestion-de-impresion-desde-la-nube\/#breadcrumb"},"inLanguage":"es","potentialAction":[{"@type":"ReadAction","target":["https:\/\/aboveit.fi\/es\/gestion-de-impresion-desde-la-nube\/"]}]},{"@type":"ImageObject","inLanguage":"es","@id":"https:\/\/aboveit.fi\/es\/gestion-de-impresion-desde-la-nube\/#primaryimage","url":"https:\/\/aboveit.fi\/wp-content\/uploads\/2024\/06\/pexels-cottonbro-3201783-scaled-e1717436844225.jpg","contentUrl":"https:\/\/aboveit.fi\/wp-content\/uploads\/2024\/06\/pexels-cottonbro-3201783-scaled-e1717436844225.jpg","width":1710,"height":1710,"caption":"Gesti\u00f3n de impresi\u00f3n desde la nube"},{"@type":"BreadcrumbList","@id":"https:\/\/aboveit.fi\/es\/gestion-de-impresion-desde-la-nube\/#breadcrumb","itemListElement":[{"@type":"ListItem","position":1,"name":"Etusivu","item":"https:\/\/aboveit.fi\/es\/"},{"@type":"ListItem","position":2,"name":"\u00a1Gesti\u00f3n de impresi\u00f3n desde la nube!"}]},{"@type":"WebSite","@id":"https:\/\/aboveit.fi\/es\/#website","url":"https:\/\/aboveit.fi\/es\/","name":"We Are Above IT","description":"Tietohallinnon voimavarakumppani","publisher":{"@id":"https:\/\/aboveit.fi\/es\/#organization"},"potentialAction":[{"@type":"SearchAction","target":{"@type":"EntryPoint","urlTemplate":"https:\/\/aboveit.fi\/es\/?s={search_term_string}"},"query-input":{"@type":"PropertyValueSpecification","valueRequired":true,"valueName":"search_term_string"}}],"inLanguage":"es"},{"@type":"Organization","@id":"https:\/\/aboveit.fi\/es\/#organization","name":"Above IT Oy","url":"https:\/\/aboveit.fi\/es\/","logo":{"@type":"ImageObject","inLanguage":"es","@id":"https:\/\/aboveit.fi\/es\/#\/schema\/logo\/image\/","url":"https:\/\/aboveit.fi\/wp-content\/uploads\/2024\/10\/aboveIT-logo.png","contentUrl":"https:\/\/aboveit.fi\/wp-content\/uploads\/2024\/10\/aboveIT-logo.png","width":1613,"height":383,"caption":"Above IT Oy"},"image":{"@id":"https:\/\/aboveit.fi\/es\/#\/schema\/logo\/image\/"},"sameAs":["https:\/\/www.facebook.com\/aboveitfi","https:\/\/www.linkedin.com\/company\/aboveitfi","https:\/\/instagram.com\/aboveitfi"]},{"@type":"Person","@id":"https:\/\/aboveit.fi\/es\/#\/schema\/person\/8b6b16ca2927e8021cd0a2fc2a09ce5d","name":"Juha Kari","image":{"@type":"ImageObject","inLanguage":"es","@id":"https:\/\/secure.gravatar.com\/avatar\/3673353ef8de813771f6c6e6251f2a017a8167d2b4f9e43ac0692cc89ce69aeb?s=96&d=mm&r=g","url":"https:\/\/secure.gravatar.com\/avatar\/3673353ef8de813771f6c6e6251f2a017a8167d2b4f9e43ac0692cc89ce69aeb?s=96&d=mm&r=g","contentUrl":"https:\/\/secure.gravatar.com\/avatar\/3673353ef8de813771f6c6e6251f2a017a8167d2b4f9e43ac0692cc89ce69aeb?s=96&d=mm&r=g","caption":"Juha Kari"},"sameAs":["https:\/\/aboveit.fi"],"url":"https:\/\/aboveit.fi\/es\/author\/juha-kariaboveit-fi\/"}]}},"_links":{"self":[{"href":"https:\/\/aboveit.fi\/es\/wp-json\/wp\/v2\/posts\/9304","targetHints":{"allow":["GET"]}}],"collection":[{"href":"https:\/\/aboveit.fi\/es\/wp-json\/wp\/v2\/posts"}],"about":[{"href":"https:\/\/aboveit.fi\/es\/wp-json\/wp\/v2\/types\/post"}],"author":[{"embeddable":true,"href":"https:\/\/aboveit.fi\/es\/wp-json\/wp\/v2\/users\/3"}],"replies":[{"embeddable":true,"href":"https:\/\/aboveit.fi\/es\/wp-json\/wp\/v2\/comments?post=9304"}],"version-history":[{"count":7,"href":"https:\/\/aboveit.fi\/es\/wp-json\/wp\/v2\/posts\/9304\/revisions"}],"predecessor-version":[{"id":9337,"href":"https:\/\/aboveit.fi\/es\/wp-json\/wp\/v2\/posts\/9304\/revisions\/9337"}],"wp:featuredmedia":[{"embeddable":true,"href":"https:\/\/aboveit.fi\/es\/wp-json\/wp\/v2\/media\/9305"}],"wp:attachment":[{"href":"https:\/\/aboveit.fi\/es\/wp-json\/wp\/v2\/media?parent=9304"}],"wp:term":[{"taxonomy":"category","embeddable":true,"href":"https:\/\/aboveit.fi\/es\/wp-json\/wp\/v2\/categories?post=9304"},{"taxonomy":"post_tag","embeddable":true,"href":"https:\/\/aboveit.fi\/es\/wp-json\/wp\/v2\/tags?post=9304"}],"curies":[{"name":"wp","href":"https:\/\/api.w.org\/{rel}","templated":true}]}}