{"id":9173,"date":"2024-04-26T07:41:48","date_gmt":"2024-04-26T05:41:48","guid":{"rendered":"https:\/\/aboveit.fi\/grabacion-webinar-sobre-costes-de-azure-cloud\/"},"modified":"2025-11-27T14:03:31","modified_gmt":"2025-11-27T12:03:31","slug":"grabacion-webinar-sobre-costes-de-azure-cloud","status":"publish","type":"post","link":"https:\/\/aboveit.fi\/es\/grabacion-webinar-sobre-costes-de-azure-cloud\/","title":{"rendered":"Grabaci\u00f3n: Webinar sobre costes de Azure Cloud"},"content":{"rendered":"\t\t<div data-elementor-type=\"wp-post\" data-elementor-id=\"9173\" class=\"elementor elementor-9173 elementor-1683\" data-elementor-post-type=\"post\">\n\t\t\t\t\t\t<section class=\"elementor-section elementor-top-section elementor-element elementor-element-7de0dec elementor-section-boxed elementor-section-height-default elementor-section-height-default\" data-id=\"7de0dec\" data-element_type=\"section\" data-e-type=\"section\">\n\t\t\t\t\t\t<div class=\"elementor-container elementor-column-gap-default\">\n\t\t\t\t\t<div class=\"elementor-column elementor-col-100 elementor-top-column elementor-element elementor-element-8cee0a6\" data-id=\"8cee0a6\" data-element_type=\"column\" data-e-type=\"column\">\n\t\t\t<div class=\"elementor-widget-wrap elementor-element-populated\">\n\t\t\t\t\t\t<div class=\"elementor-element elementor-element-3c8ebb5 elementor-widget elementor-widget-text-editor\" data-id=\"3c8ebb5\" data-element_type=\"widget\" data-e-type=\"widget\" data-widget_type=\"text-editor.default\">\n\t\t\t\t<div class=\"elementor-widget-container\">\n\t\t\t\t\t\t\t\t\t<p><em>El 25\/04\/2024 por la tarde organizamos un webinar sobre los costes de Azure Cloud y tambi\u00e9n sobre aspectos de seguridad. El marco de referencia FinOps y el seguimiento de costes atrajeron a un buen n\u00famero de asistentes, siendo este el primer webinar de Above IT. \u00bfSe perdi\u00f3 el webinar? No se preocupe, est\u00e1 en la p\u00e1gina correcta. Siga leyendo.    <\/em><\/p>\t\t\t\t\t\t\t\t<\/div>\n\t\t\t\t<\/div>\n\t\t\t\t\t<\/div>\n\t\t<\/div>\n\t\t\t\t\t<\/div>\n\t\t<\/section>\n\t\t\t\t<section class=\"elementor-section elementor-top-section elementor-element elementor-element-f098cfa elementor-section-boxed elementor-section-height-default elementor-section-height-default\" data-id=\"f098cfa\" data-element_type=\"section\" data-e-type=\"section\">\n\t\t\t\t\t\t<div class=\"elementor-container elementor-column-gap-default\">\n\t\t\t\t\t<div class=\"elementor-column elementor-col-100 elementor-top-column elementor-element elementor-element-52d7253\" data-id=\"52d7253\" data-element_type=\"column\" data-e-type=\"column\">\n\t\t\t<div class=\"elementor-widget-wrap elementor-element-populated\">\n\t\t\t\t\t\t<div class=\"elementor-element elementor-element-909380e elementor-widget elementor-widget-heading\" data-id=\"909380e\" data-element_type=\"widget\" data-e-type=\"widget\" data-widget_type=\"heading.default\">\n\t\t\t\t<div class=\"elementor-widget-container\">\n\t\t\t\t\t<h2 class=\"elementor-heading-title elementor-size-default\">\u00bfC\u00f3mo gestionar los costes y la seguridad en Azure Cloud?<\/h2>\t\t\t\t<\/div>\n\t\t\t\t<\/div>\n\t\t\t\t\t<\/div>\n\t\t<\/div>\n\t\t\t\t\t<\/div>\n\t\t<\/section>\n\t\t\t\t<section class=\"elementor-section elementor-top-section elementor-element elementor-element-5aa596f elementor-section-boxed elementor-section-height-default elementor-section-height-default\" data-id=\"5aa596f\" data-element_type=\"section\" data-e-type=\"section\">\n\t\t\t\t\t\t<div class=\"elementor-container elementor-column-gap-default\">\n\t\t\t\t\t<div class=\"elementor-column elementor-col-100 elementor-top-column elementor-element elementor-element-f6f7947\" data-id=\"f6f7947\" data-element_type=\"column\" data-e-type=\"column\">\n\t\t\t<div class=\"elementor-widget-wrap elementor-element-populated\">\n\t\t\t\t\t\t<div class=\"elementor-element elementor-element-754c712 elementor-widget elementor-widget-text-editor\" data-id=\"754c712\" data-element_type=\"widget\" data-e-type=\"widget\" data-widget_type=\"text-editor.default\">\n\t\t\t\t<div class=\"elementor-widget-container\">\n\t\t\t\t\t\t\t\t\t<p>La situaci\u00f3n mundial y el entorno operativo econ\u00f3micamente inestable est\u00e1n ejerciendo presi\u00f3n sobre todas nuestras organizaciones para que examinen su propia estructura de costes. La tendencia general parece ser invertir en poner en orden la casa.  Las presiones para reducir costes tambi\u00e9n afectan a los entornos de TI, y una de las \u00e1reas donde los costes pueden dispararse f\u00e1cilmente son los servicios de la nube p\u00fablica y su aprovisionamiento de recursos.<\/p>\n<p>Por ejemplo, en Azure Cloud, las organizaciones suelen trabajar con varios partners diferentes, y el proveedor de aplicaciones no siempre considera su soluci\u00f3n desde el punto de vista de los costes de los recursos, ni siquiera recuerda considerar la seguridad al nivel adecuado. La responsabilidad principal de estos aspectos recae siempre en el propio departamento de TI. <\/p>\n<p>Los ponentes en este seminario web fueron los &#8216;consiglieri&#8217; y fundadores de Above IT <strong>Mika Hakkarainen<\/strong> y <strong>Juha Kari<\/strong>. Si se perdi\u00f3 el seminario web, complete el formulario a continuaci\u00f3n y deje sus datos de contacto, \u00a1y recibir\u00e1 por correo de vuelta un enlace directo a la grabaci\u00f3n del seminario web! <\/p>\n<p>Y por otro lado, \u00bfpara qu\u00e9 dar rodeos? Si el tema es actual en su empresa y necesitan ayuda, debajo del formulario tambi\u00e9n hay un enlace desde donde puede reservar una cita con nosotros directamente en el calendario. <\/p>\t\t\t\t\t\t\t\t<\/div>\n\t\t\t\t<\/div>\n\t\t\t\t\t<\/div>\n\t\t<\/div>\n\t\t\t\t\t<\/div>\n\t\t<\/section>\n\t\t\t\t<section class=\"elementor-section elementor-top-section elementor-element elementor-element-7ebff43 elementor-section-boxed elementor-section-height-default elementor-section-height-default\" data-id=\"7ebff43\" data-element_type=\"section\" data-e-type=\"section\">\n\t\t\t\t\t\t<div class=\"elementor-container elementor-column-gap-default\">\n\t\t\t\t\t<div class=\"elementor-column elementor-col-100 elementor-top-column elementor-element elementor-element-2fb3624\" data-id=\"2fb3624\" data-element_type=\"column\" data-e-type=\"column\">\n\t\t\t<div class=\"elementor-widget-wrap elementor-element-populated\">\n\t\t\t\t\t\t<div class=\"elementor-element elementor-element-f69c4d7 elementor-button-align-stretch elementor-widget elementor-widget-form\" data-id=\"f69c4d7\" data-element_type=\"widget\" data-e-type=\"widget\" data-settings=\"{&quot;step_next_label&quot;:&quot;Siguiente&quot;,&quot;step_previous_label&quot;:&quot;Anterior&quot;,&quot;button_width&quot;:&quot;100&quot;,&quot;step_type&quot;:&quot;number_text&quot;,&quot;step_icon_shape&quot;:&quot;circle&quot;}\" data-widget_type=\"form.default\">\n\t\t\t\t<div class=\"elementor-widget-container\">\n\t\t\t\t\t\t\t<form class=\"elementor-form\" method=\"post\" name=\"Nuevo formulario\" aria-label=\"Nuevo formulario\">\n\t\t\t<input type=\"hidden\" name=\"post_id\" value=\"9173\"\/>\n\t\t\t<input type=\"hidden\" name=\"form_id\" value=\"f69c4d7\"\/>\n\t\t\t<input type=\"hidden\" name=\"referer_title\" value=\"Grabaci\u00f3n: Webinar sobre costes de Azure Cloud - Above IT Oy\" \/>\n\n\t\t\t\t\t\t\t<input type=\"hidden\" name=\"queried_id\" value=\"9173\"\/>\n\t\t\t\n\t\t\t<div class=\"elementor-form-fields-wrapper elementor-labels-above\">\n\t\t\t\t\t\t\t\t<div class=\"elementor-field-type-text elementor-field-group elementor-column elementor-field-group-name elementor-col-100\">\n\t\t\t\t\t\t\t\t\t\t\t\t<label for=\"form-field-name\" class=\"elementor-field-label\">\n\t\t\t\t\t\t\t\tNombre\t\t\t\t\t\t\t<\/label>\n\t\t\t\t\t\t\t\t\t\t\t\t\t\t<input size=\"1\" type=\"text\" name=\"form_fields[name]\" id=\"form-field-name\" class=\"elementor-field elementor-size-sm  elementor-field-textual\" placeholder=\"Nombre\">\n\t\t\t\t\t\t\t\t\t\t\t<\/div>\n\t\t\t\t\t\t\t\t<div class=\"elementor-field-type-text elementor-field-group elementor-column elementor-field-group-field_8af6f3f elementor-col-100\">\n\t\t\t\t\t\t\t\t\t\t\t\t<label for=\"form-field-field_8af6f3f\" class=\"elementor-field-label\">\n\t\t\t\t\t\t\t\tEmpresa\t\t\t\t\t\t\t<\/label>\n\t\t\t\t\t\t\t\t\t\t\t\t\t\t<input size=\"1\" type=\"text\" name=\"form_fields[field_8af6f3f]\" id=\"form-field-field_8af6f3f\" class=\"elementor-field elementor-size-sm  elementor-field-textual\" placeholder=\"Empresa\">\n\t\t\t\t\t\t\t\t\t\t\t<\/div>\n\t\t\t\t\t\t\t\t<div class=\"elementor-field-type-email elementor-field-group elementor-column elementor-field-group-email elementor-col-100 elementor-field-required\">\n\t\t\t\t\t\t\t\t\t\t\t\t<label for=\"form-field-email\" class=\"elementor-field-label\">\n\t\t\t\t\t\t\t\tEmail\t\t\t\t\t\t\t<\/label>\n\t\t\t\t\t\t\t\t\t\t\t\t\t\t<input size=\"1\" type=\"email\" name=\"form_fields[email]\" id=\"form-field-email\" class=\"elementor-field elementor-size-sm  elementor-field-textual\" placeholder=\"Email\" required=\"required\">\n\t\t\t\t\t\t\t\t\t\t\t<\/div>\n\t\t\t\t\t\t\t\t<div class=\"elementor-field-type-tel elementor-field-group elementor-column elementor-field-group-message elementor-col-100\">\n\t\t\t\t\t\t\t\t\t\t\t\t<label for=\"form-field-message\" class=\"elementor-field-label\">\n\t\t\t\t\t\t\t\tTel\u00e9fono\t\t\t\t\t\t\t<\/label>\n\t\t\t\t\t\t\t\t<input size=\"1\" type=\"tel\" name=\"form_fields[message]\" id=\"form-field-message\" class=\"elementor-field elementor-size-sm  elementor-field-textual\" placeholder=\"Tel\u00e9fono\" pattern=\"[0-9()#&amp;+*-=.]+\" title=\"Solo se aceptan n\u00fameros y caracteres de tel\u00e9fono (#,-,*,etc).\">\n\n\t\t\t\t\t\t<\/div>\n\t\t\t\t\t\t\t\t<div class=\"elementor-field-type-recaptcha elementor-field-group elementor-column elementor-field-group-field_f2812bf elementor-col-100\">\n\t\t\t\t\t<div class=\"elementor-field\" id=\"form-field-field_f2812bf\"><div class=\"elementor-g-recaptcha\" data-sitekey=\"6LeL9mQqAAAAAK8J4afptjKs6MwUI6Sy5y3l8tLX\" data-type=\"v2_checkbox\" data-theme=\"light\" data-size=\"normal\"><\/div><\/div>\t\t\t\t<\/div>\n\t\t\t\t\t\t\t\t<div class=\"elementor-field-group elementor-column elementor-field-type-submit elementor-col-100 e-form__buttons\">\n\t\t\t\t\t<button class=\"elementor-button elementor-size-sm\" type=\"submit\">\n\t\t\t\t\t\t<span class=\"elementor-button-content-wrapper\">\n\t\t\t\t\t\t\t\t\t\t\t\t\t\t\t\t\t\t\t\t\t\t<span class=\"elementor-button-text\">Enviar<\/span>\n\t\t\t\t\t\t\t\t\t\t\t\t\t<\/span>\n\t\t\t\t\t<\/button>\n\t\t\t\t<\/div>\n\t\t\t<\/div>\n\t\t<\/form>\n\t\t\t\t\t\t<\/div>\n\t\t\t\t<\/div>\n\t\t\t\t\t<\/div>\n\t\t<\/div>\n\t\t\t\t\t<\/div>\n\t\t<\/section>\n\t\t\t\t<section class=\"elementor-section elementor-top-section elementor-element elementor-element-369c8efa elementor-section-boxed elementor-section-height-default elementor-section-height-default\" data-id=\"369c8efa\" data-element_type=\"section\" data-e-type=\"section\">\n\t\t\t\t\t\t<div class=\"elementor-container elementor-column-gap-default\">\n\t\t\t\t\t<div class=\"elementor-column elementor-col-100 elementor-top-column elementor-element elementor-element-7d8127af\" data-id=\"7d8127af\" data-element_type=\"column\" data-e-type=\"column\">\n\t\t\t<div class=\"elementor-widget-wrap elementor-element-populated\">\n\t\t\t\t\t\t<div class=\"elementor-element elementor-element-ec047a5 elementor-widget elementor-widget-text-editor\" data-id=\"ec047a5\" data-element_type=\"widget\" data-e-type=\"widget\" data-widget_type=\"text-editor.default\">\n\t\t\t\t<div class=\"elementor-widget-container\">\n\t\t\t\t\t\t\t\t\t<p><\/p>\n<p><span style=\"color: var( --e-global-color-text ); font-family: var( --e-global-typography-text-font-family ), Sans-serif; font-weight: var( --e-global-typography-text-font-weight ); font-size: 1rem;\"> <\/span><\/p>\n<div class=\"section-wrapper\" data-id=\"2cw8B7\">\n<section class=\"wp-block-gutenverse-section guten-element guten-section guten-2cw8B7 layout-boxed align-stretch\">\n<div class=\"guten-shape-divider guten-shape-divider-top\"> <\/div>\n<div class=\"guten-shape-divider guten-shape-divider-bottom\"> <\/div>\n<div class=\"guten-container guten-column-gap-default\">\n<p><\/p>\n<div class=\"wp-block-gutenverse-column guten-element guten-column guten-CWslS9 animated guten-element-hide desktop-fadeInLeft\">\n<div class=\"guten-background-overlay\"> <\/div>\n<div class=\"sticky-wrapper\" data-id=\"CWslS9\">\n<div class=\"guten-column-wrapper\">\n<p><\/p>\n<form class=\"guten-element guten-form-builder guten-TZtAs1\" style=\"display: none;\" data-form-id=\"1810\" data-hide-after=\"true\" data-redirect=\"https:\/\/bit.ly\/azurewebinaari\">\n<p><\/p>\n<div class=\"guten-element guten-form-input-text guten-form-input guten-input-position-top guten-3bX8Ol hide-label hide-helper\">\n<div class=\"label-wrapper\"><span class=\"required-badge\">*<\/span><\/div>\n<div class=\"main-wrapper\">\n<p><input class=\"gutenverse-input gutenverse-input-text\" name=\"input-text-name\" type=\"text\" placeholder=\"Nombre\" data-validation=\"{\"type\":\"text\",\"required\":true,\"validationType\":\"none\",\"validationWarning\":\"Input Invalid\"}\"><\/p>\n<div class=\"validation-error\">Entrada no v\u00e1lida<\/div>\n<\/div>\n<\/div>\n<p><\/p>\n<p><\/p>\n<div class=\"guten-element guten-form-input-text guten-form-input guten-input-position-top guten-pK01mc hide-label hide-helper\">\n<div class=\"label-wrapper\"><span class=\"required-badge\">*<\/span><\/div>\n<div class=\"main-wrapper\">\n<p><input class=\"gutenverse-input gutenverse-input-text\" name=\"input-text-name\" type=\"text\" placeholder=\"Organizaci\u00f3n\" data-validation=\"{\"type\":\"text\",\"required\":true,\"validationType\":\"none\",\"validationWarning\":\"Input Invalid\"}\"><\/p>\n<div class=\"validation-error\">Entrada no v\u00e1lida<\/div>\n<\/div>\n<\/div>\n<p><\/p>\n<p><\/p>\n<div class=\"guten-element guten-form-input-text guten-form-input guten-input-position-top guten-TQrULS hide-label hide-helper\">\n<div class=\"label-wrapper\"><span class=\"required-badge\">*<\/span><\/div>\n<div class=\"main-wrapper\">\n<p><input class=\"gutenverse-input gutenverse-input-text\" name=\"input-text-name\" type=\"text\" placeholder=\"N\u00famero de tel\u00e9fono\" data-validation=\"{\"type\":\"text\",\"required\":true,\"validationType\":\"none\",\"validationWarning\":\"Input Invalid\"}\"><\/p>\n<div class=\"validation-error\">Entrada no v\u00e1lida<\/div>\n<\/div>\n<\/div>\n<p><\/p>\n<p><\/p>\n<div class=\"guten-element guten-form-input-email guten-form-input guten-input-position-top guten-oXyIca hide-label hide-helper\">\n<div class=\"label-wrapper\"><span class=\"required-badge\">*<\/span><\/div>\n<div class=\"main-wrapper\">\n<p><input class=\"gutenverse-input gutenverse-input-email\" name=\"input-email\" type=\"email\" placeholder=\"Correo electr\u00f3nico\" data-validation=\"{\"type\":\"email\",\"required\":true,\"validationType\":\"none\",\"validationWarning\":\"Input Invalid\"}\"><\/p>\n<div class=\"validation-error\">Entrada no v\u00e1lida<\/div>\n<\/div>\n<\/div>\n<p><\/p>\n<p><\/p>\n<div class=\"guten-element guten-button-wrapper guten-submit-wrapper guten-8fxoMT\">\n<div class=\"form-notification\"> <\/div>\n<p><button class=\"guten-button gutenverse-input-submit guten-button-sm\" type=\"submit\">\u00a1Quiero la grabaci\u00f3n!<\/button><\/p>\n<div class=\"gutenverse-input-submit-loader\"> <\/div>\n<\/div>\n<p><\/p>\n<\/form>\n<p><\/p>\n<\/div>\n<\/div>\n<\/div>\n<p><\/p>\n<\/div>\n<\/section>\n<\/div>\n<p><\/p>\t\t\t\t\t\t\t\t<\/div>\n\t\t\t\t<\/div>\n\t\t\t\t\t<\/div>\n\t\t<\/div>\n\t\t\t\t\t<\/div>\n\t\t<\/section>\n\t\t\t\t<\/div>\n\t\t","protected":false},"excerpt":{"rendered":"<p>El 25\/04\/2024 por la tarde organizamos un webinar sobre los costes de Azure Cloud y tambi\u00e9n sobre aspectos de seguridad. El marco de referencia FinOps y el seguimiento de costes atrajeron a un buen n\u00famero de asistentes, siendo este el primer webinar de Above IT. \u00bfSe perdi\u00f3 el webinar? No se preocupe, est\u00e1 en la [&hellip;]<\/p>\n","protected":false},"author":3,"featured_media":9174,"comment_status":"closed","ping_status":"closed","sticky":false,"template":"","format":"standard","meta":{"content-type":"","inline_featured_image":false,"footnotes":""},"categories":[298,316,336],"tags":[299,382],"class_list":["post-9173","post","type-post","status-publish","format-standard","has-post-thumbnail","hentry","category-azure","category-servicios-de-plataforma","category-webinar","tag-azure","tag-finops"],"yoast_head":"<!-- This site is optimized with the Yoast SEO plugin v27.5 - https:\/\/yoast.com\/product\/yoast-seo-wordpress\/ -->\n<title>Grabaci\u00f3n: Webinar sobre costes de Azure Cloud - Above IT Oy<\/title>\n<meta name=\"description\" content=\"El 25\/04\/2024 organizamos un webinar sobre la gesti\u00f3n de costes en Azure Cloud. Si se lo perdi\u00f3, \u00a1no se preocupe! \u00a1Descargue la grabaci\u00f3n aqu\u00ed!\" \/>\n<meta name=\"robots\" content=\"index, follow, max-snippet:-1, max-image-preview:large, max-video-preview:-1\" \/>\n<link rel=\"canonical\" href=\"https:\/\/aboveit.fi\/es\/grabacion-webinar-sobre-costes-de-azure-cloud\/\" \/>\n<meta property=\"og:locale\" content=\"es_ES\" \/>\n<meta property=\"og:type\" content=\"article\" \/>\n<meta property=\"og:title\" content=\"Grabaci\u00f3n: Webinar sobre costes de Azure Cloud - Above IT Oy\" \/>\n<meta property=\"og:description\" content=\"El 25\/04\/2024 organizamos un webinar sobre la gesti\u00f3n de costes en Azure Cloud. Si se lo perdi\u00f3, \u00a1no se preocupe! \u00a1Descargue la grabaci\u00f3n aqu\u00ed!\" \/>\n<meta property=\"og:url\" content=\"https:\/\/aboveit.fi\/es\/grabacion-webinar-sobre-costes-de-azure-cloud\/\" \/>\n<meta property=\"og:site_name\" content=\"Above IT Oy\" \/>\n<meta property=\"article:publisher\" content=\"https:\/\/www.facebook.com\/aboveitfi\" \/>\n<meta property=\"article:published_time\" content=\"2024-04-26T05:41:48+00:00\" \/>\n<meta property=\"article:modified_time\" content=\"2025-11-27T12:03:31+00:00\" \/>\n<meta property=\"og:image\" content=\"https:\/\/aboveit.fi\/wp-content\/uploads\/2024\/04\/pexels-maitree-rimthong-1602726-edited-scaled-1.jpg\" \/>\n\t<meta property=\"og:image:width\" content=\"1920\" \/>\n\t<meta property=\"og:image:height\" content=\"1920\" \/>\n\t<meta property=\"og:image:type\" content=\"image\/jpeg\" \/>\n<meta name=\"author\" content=\"Juha Kari\" \/>\n<meta name=\"twitter:card\" content=\"summary_large_image\" \/>\n<meta name=\"twitter:label1\" content=\"Escrito por\" \/>\n\t<meta name=\"twitter:data1\" content=\"Juha Kari\" \/>\n\t<meta name=\"twitter:label2\" content=\"Tiempo de lectura\" \/>\n\t<meta name=\"twitter:data2\" content=\"2 minutos\" \/>\n<script type=\"application\/ld+json\" class=\"yoast-schema-graph\">{\"@context\":\"https:\\\/\\\/schema.org\",\"@graph\":[{\"@type\":\"Article\",\"@id\":\"https:\\\/\\\/aboveit.fi\\\/es\\\/grabacion-webinar-sobre-costes-de-azure-cloud\\\/#article\",\"isPartOf\":{\"@id\":\"https:\\\/\\\/aboveit.fi\\\/es\\\/grabacion-webinar-sobre-costes-de-azure-cloud\\\/\"},\"author\":{\"name\":\"Juha Kari\",\"@id\":\"https:\\\/\\\/aboveit.fi\\\/es\\\/#\\\/schema\\\/person\\\/8b6b16ca2927e8021cd0a2fc2a09ce5d\"},\"headline\":\"Grabaci\u00f3n: Webinar sobre costes de Azure Cloud\",\"datePublished\":\"2024-04-26T05:41:48+00:00\",\"dateModified\":\"2025-11-27T12:03:31+00:00\",\"mainEntityOfPage\":{\"@id\":\"https:\\\/\\\/aboveit.fi\\\/es\\\/grabacion-webinar-sobre-costes-de-azure-cloud\\\/\"},\"wordCount\":328,\"publisher\":{\"@id\":\"https:\\\/\\\/aboveit.fi\\\/es\\\/#organization\"},\"image\":{\"@id\":\"https:\\\/\\\/aboveit.fi\\\/es\\\/grabacion-webinar-sobre-costes-de-azure-cloud\\\/#primaryimage\"},\"thumbnailUrl\":\"https:\\\/\\\/aboveit.fi\\\/wp-content\\\/uploads\\\/2024\\\/04\\\/pexels-maitree-rimthong-1602726-edited-scaled-1.jpg\",\"keywords\":[\"Azure\",\"FinOps\"],\"articleSection\":[\"Azure\",\"Servicios de plataforma\",\"Webinar\"],\"inLanguage\":\"es\"},{\"@type\":\"WebPage\",\"@id\":\"https:\\\/\\\/aboveit.fi\\\/es\\\/grabacion-webinar-sobre-costes-de-azure-cloud\\\/\",\"url\":\"https:\\\/\\\/aboveit.fi\\\/es\\\/grabacion-webinar-sobre-costes-de-azure-cloud\\\/\",\"name\":\"Grabaci\u00f3n: Webinar sobre costes de Azure Cloud - Above IT Oy\",\"isPartOf\":{\"@id\":\"https:\\\/\\\/aboveit.fi\\\/es\\\/#website\"},\"primaryImageOfPage\":{\"@id\":\"https:\\\/\\\/aboveit.fi\\\/es\\\/grabacion-webinar-sobre-costes-de-azure-cloud\\\/#primaryimage\"},\"image\":{\"@id\":\"https:\\\/\\\/aboveit.fi\\\/es\\\/grabacion-webinar-sobre-costes-de-azure-cloud\\\/#primaryimage\"},\"thumbnailUrl\":\"https:\\\/\\\/aboveit.fi\\\/wp-content\\\/uploads\\\/2024\\\/04\\\/pexels-maitree-rimthong-1602726-edited-scaled-1.jpg\",\"datePublished\":\"2024-04-26T05:41:48+00:00\",\"dateModified\":\"2025-11-27T12:03:31+00:00\",\"description\":\"El 25\\\/04\\\/2024 organizamos un webinar sobre la gesti\u00f3n de costes en Azure Cloud. Si se lo perdi\u00f3, \u00a1no se preocupe! \u00a1Descargue la grabaci\u00f3n aqu\u00ed!\",\"breadcrumb\":{\"@id\":\"https:\\\/\\\/aboveit.fi\\\/es\\\/grabacion-webinar-sobre-costes-de-azure-cloud\\\/#breadcrumb\"},\"inLanguage\":\"es\",\"potentialAction\":[{\"@type\":\"ReadAction\",\"target\":[\"https:\\\/\\\/aboveit.fi\\\/es\\\/grabacion-webinar-sobre-costes-de-azure-cloud\\\/\"]}]},{\"@type\":\"ImageObject\",\"inLanguage\":\"es\",\"@id\":\"https:\\\/\\\/aboveit.fi\\\/es\\\/grabacion-webinar-sobre-costes-de-azure-cloud\\\/#primaryimage\",\"url\":\"https:\\\/\\\/aboveit.fi\\\/wp-content\\\/uploads\\\/2024\\\/04\\\/pexels-maitree-rimthong-1602726-edited-scaled-1.jpg\",\"contentUrl\":\"https:\\\/\\\/aboveit.fi\\\/wp-content\\\/uploads\\\/2024\\\/04\\\/pexels-maitree-rimthong-1602726-edited-scaled-1.jpg\",\"width\":1920,\"height\":1920},{\"@type\":\"BreadcrumbList\",\"@id\":\"https:\\\/\\\/aboveit.fi\\\/es\\\/grabacion-webinar-sobre-costes-de-azure-cloud\\\/#breadcrumb\",\"itemListElement\":[{\"@type\":\"ListItem\",\"position\":1,\"name\":\"Etusivu\",\"item\":\"https:\\\/\\\/aboveit.fi\\\/es\\\/\"},{\"@type\":\"ListItem\",\"position\":2,\"name\":\"Grabaci\u00f3n: Webinar sobre costes de Azure Cloud\"}]},{\"@type\":\"WebSite\",\"@id\":\"https:\\\/\\\/aboveit.fi\\\/es\\\/#website\",\"url\":\"https:\\\/\\\/aboveit.fi\\\/es\\\/\",\"name\":\"We Are Above IT\",\"description\":\"Tietohallinnon voimavarakumppani\",\"publisher\":{\"@id\":\"https:\\\/\\\/aboveit.fi\\\/es\\\/#organization\"},\"potentialAction\":[{\"@type\":\"SearchAction\",\"target\":{\"@type\":\"EntryPoint\",\"urlTemplate\":\"https:\\\/\\\/aboveit.fi\\\/es\\\/?s={search_term_string}\"},\"query-input\":{\"@type\":\"PropertyValueSpecification\",\"valueRequired\":true,\"valueName\":\"search_term_string\"}}],\"inLanguage\":\"es\"},{\"@type\":\"Organization\",\"@id\":\"https:\\\/\\\/aboveit.fi\\\/es\\\/#organization\",\"name\":\"Above IT Oy\",\"url\":\"https:\\\/\\\/aboveit.fi\\\/es\\\/\",\"logo\":{\"@type\":\"ImageObject\",\"inLanguage\":\"es\",\"@id\":\"https:\\\/\\\/aboveit.fi\\\/es\\\/#\\\/schema\\\/logo\\\/image\\\/\",\"url\":\"https:\\\/\\\/aboveit.fi\\\/wp-content\\\/uploads\\\/2024\\\/10\\\/aboveIT-logo.png\",\"contentUrl\":\"https:\\\/\\\/aboveit.fi\\\/wp-content\\\/uploads\\\/2024\\\/10\\\/aboveIT-logo.png\",\"width\":1613,\"height\":383,\"caption\":\"Above IT Oy\"},\"image\":{\"@id\":\"https:\\\/\\\/aboveit.fi\\\/es\\\/#\\\/schema\\\/logo\\\/image\\\/\"},\"sameAs\":[\"https:\\\/\\\/www.facebook.com\\\/aboveitfi\",\"https:\\\/\\\/www.linkedin.com\\\/company\\\/aboveitfi\",\"https:\\\/\\\/instagram.com\\\/aboveitfi\"]},{\"@type\":\"Person\",\"@id\":\"https:\\\/\\\/aboveit.fi\\\/es\\\/#\\\/schema\\\/person\\\/8b6b16ca2927e8021cd0a2fc2a09ce5d\",\"name\":\"Juha Kari\",\"image\":{\"@type\":\"ImageObject\",\"inLanguage\":\"es\",\"@id\":\"https:\\\/\\\/secure.gravatar.com\\\/avatar\\\/3673353ef8de813771f6c6e6251f2a017a8167d2b4f9e43ac0692cc89ce69aeb?s=96&d=mm&r=g\",\"url\":\"https:\\\/\\\/secure.gravatar.com\\\/avatar\\\/3673353ef8de813771f6c6e6251f2a017a8167d2b4f9e43ac0692cc89ce69aeb?s=96&d=mm&r=g\",\"contentUrl\":\"https:\\\/\\\/secure.gravatar.com\\\/avatar\\\/3673353ef8de813771f6c6e6251f2a017a8167d2b4f9e43ac0692cc89ce69aeb?s=96&d=mm&r=g\",\"caption\":\"Juha Kari\"},\"sameAs\":[\"https:\\\/\\\/aboveit.fi\"],\"url\":\"https:\\\/\\\/aboveit.fi\\\/es\\\/author\\\/juha-kariaboveit-fi\\\/\"}]}<\/script>\n<!-- \/ Yoast SEO plugin. -->","yoast_head_json":{"title":"Grabaci\u00f3n: Webinar sobre costes de Azure Cloud - Above IT Oy","description":"El 25\/04\/2024 organizamos un webinar sobre la gesti\u00f3n de costes en Azure Cloud. Si se lo perdi\u00f3, \u00a1no se preocupe! \u00a1Descargue la grabaci\u00f3n aqu\u00ed!","robots":{"index":"index","follow":"follow","max-snippet":"max-snippet:-1","max-image-preview":"max-image-preview:large","max-video-preview":"max-video-preview:-1"},"canonical":"https:\/\/aboveit.fi\/es\/grabacion-webinar-sobre-costes-de-azure-cloud\/","og_locale":"es_ES","og_type":"article","og_title":"Grabaci\u00f3n: Webinar sobre costes de Azure Cloud - Above IT Oy","og_description":"El 25\/04\/2024 organizamos un webinar sobre la gesti\u00f3n de costes en Azure Cloud. Si se lo perdi\u00f3, \u00a1no se preocupe! \u00a1Descargue la grabaci\u00f3n aqu\u00ed!","og_url":"https:\/\/aboveit.fi\/es\/grabacion-webinar-sobre-costes-de-azure-cloud\/","og_site_name":"Above IT Oy","article_publisher":"https:\/\/www.facebook.com\/aboveitfi","article_published_time":"2024-04-26T05:41:48+00:00","article_modified_time":"2025-11-27T12:03:31+00:00","og_image":[{"width":1920,"height":1920,"url":"https:\/\/aboveit.fi\/wp-content\/uploads\/2024\/04\/pexels-maitree-rimthong-1602726-edited-scaled-1.jpg","type":"image\/jpeg"}],"author":"Juha Kari","twitter_card":"summary_large_image","twitter_misc":{"Escrito por":"Juha Kari","Tiempo de lectura":"2 minutos"},"schema":{"@context":"https:\/\/schema.org","@graph":[{"@type":"Article","@id":"https:\/\/aboveit.fi\/es\/grabacion-webinar-sobre-costes-de-azure-cloud\/#article","isPartOf":{"@id":"https:\/\/aboveit.fi\/es\/grabacion-webinar-sobre-costes-de-azure-cloud\/"},"author":{"name":"Juha Kari","@id":"https:\/\/aboveit.fi\/es\/#\/schema\/person\/8b6b16ca2927e8021cd0a2fc2a09ce5d"},"headline":"Grabaci\u00f3n: Webinar sobre costes de Azure Cloud","datePublished":"2024-04-26T05:41:48+00:00","dateModified":"2025-11-27T12:03:31+00:00","mainEntityOfPage":{"@id":"https:\/\/aboveit.fi\/es\/grabacion-webinar-sobre-costes-de-azure-cloud\/"},"wordCount":328,"publisher":{"@id":"https:\/\/aboveit.fi\/es\/#organization"},"image":{"@id":"https:\/\/aboveit.fi\/es\/grabacion-webinar-sobre-costes-de-azure-cloud\/#primaryimage"},"thumbnailUrl":"https:\/\/aboveit.fi\/wp-content\/uploads\/2024\/04\/pexels-maitree-rimthong-1602726-edited-scaled-1.jpg","keywords":["Azure","FinOps"],"articleSection":["Azure","Servicios de plataforma","Webinar"],"inLanguage":"es"},{"@type":"WebPage","@id":"https:\/\/aboveit.fi\/es\/grabacion-webinar-sobre-costes-de-azure-cloud\/","url":"https:\/\/aboveit.fi\/es\/grabacion-webinar-sobre-costes-de-azure-cloud\/","name":"Grabaci\u00f3n: Webinar sobre costes de Azure Cloud - Above IT Oy","isPartOf":{"@id":"https:\/\/aboveit.fi\/es\/#website"},"primaryImageOfPage":{"@id":"https:\/\/aboveit.fi\/es\/grabacion-webinar-sobre-costes-de-azure-cloud\/#primaryimage"},"image":{"@id":"https:\/\/aboveit.fi\/es\/grabacion-webinar-sobre-costes-de-azure-cloud\/#primaryimage"},"thumbnailUrl":"https:\/\/aboveit.fi\/wp-content\/uploads\/2024\/04\/pexels-maitree-rimthong-1602726-edited-scaled-1.jpg","datePublished":"2024-04-26T05:41:48+00:00","dateModified":"2025-11-27T12:03:31+00:00","description":"El 25\/04\/2024 organizamos un webinar sobre la gesti\u00f3n de costes en Azure Cloud. Si se lo perdi\u00f3, \u00a1no se preocupe! \u00a1Descargue la grabaci\u00f3n aqu\u00ed!","breadcrumb":{"@id":"https:\/\/aboveit.fi\/es\/grabacion-webinar-sobre-costes-de-azure-cloud\/#breadcrumb"},"inLanguage":"es","potentialAction":[{"@type":"ReadAction","target":["https:\/\/aboveit.fi\/es\/grabacion-webinar-sobre-costes-de-azure-cloud\/"]}]},{"@type":"ImageObject","inLanguage":"es","@id":"https:\/\/aboveit.fi\/es\/grabacion-webinar-sobre-costes-de-azure-cloud\/#primaryimage","url":"https:\/\/aboveit.fi\/wp-content\/uploads\/2024\/04\/pexels-maitree-rimthong-1602726-edited-scaled-1.jpg","contentUrl":"https:\/\/aboveit.fi\/wp-content\/uploads\/2024\/04\/pexels-maitree-rimthong-1602726-edited-scaled-1.jpg","width":1920,"height":1920},{"@type":"BreadcrumbList","@id":"https:\/\/aboveit.fi\/es\/grabacion-webinar-sobre-costes-de-azure-cloud\/#breadcrumb","itemListElement":[{"@type":"ListItem","position":1,"name":"Etusivu","item":"https:\/\/aboveit.fi\/es\/"},{"@type":"ListItem","position":2,"name":"Grabaci\u00f3n: Webinar sobre costes de Azure Cloud"}]},{"@type":"WebSite","@id":"https:\/\/aboveit.fi\/es\/#website","url":"https:\/\/aboveit.fi\/es\/","name":"We Are Above IT","description":"Tietohallinnon voimavarakumppani","publisher":{"@id":"https:\/\/aboveit.fi\/es\/#organization"},"potentialAction":[{"@type":"SearchAction","target":{"@type":"EntryPoint","urlTemplate":"https:\/\/aboveit.fi\/es\/?s={search_term_string}"},"query-input":{"@type":"PropertyValueSpecification","valueRequired":true,"valueName":"search_term_string"}}],"inLanguage":"es"},{"@type":"Organization","@id":"https:\/\/aboveit.fi\/es\/#organization","name":"Above IT Oy","url":"https:\/\/aboveit.fi\/es\/","logo":{"@type":"ImageObject","inLanguage":"es","@id":"https:\/\/aboveit.fi\/es\/#\/schema\/logo\/image\/","url":"https:\/\/aboveit.fi\/wp-content\/uploads\/2024\/10\/aboveIT-logo.png","contentUrl":"https:\/\/aboveit.fi\/wp-content\/uploads\/2024\/10\/aboveIT-logo.png","width":1613,"height":383,"caption":"Above IT Oy"},"image":{"@id":"https:\/\/aboveit.fi\/es\/#\/schema\/logo\/image\/"},"sameAs":["https:\/\/www.facebook.com\/aboveitfi","https:\/\/www.linkedin.com\/company\/aboveitfi","https:\/\/instagram.com\/aboveitfi"]},{"@type":"Person","@id":"https:\/\/aboveit.fi\/es\/#\/schema\/person\/8b6b16ca2927e8021cd0a2fc2a09ce5d","name":"Juha Kari","image":{"@type":"ImageObject","inLanguage":"es","@id":"https:\/\/secure.gravatar.com\/avatar\/3673353ef8de813771f6c6e6251f2a017a8167d2b4f9e43ac0692cc89ce69aeb?s=96&d=mm&r=g","url":"https:\/\/secure.gravatar.com\/avatar\/3673353ef8de813771f6c6e6251f2a017a8167d2b4f9e43ac0692cc89ce69aeb?s=96&d=mm&r=g","contentUrl":"https:\/\/secure.gravatar.com\/avatar\/3673353ef8de813771f6c6e6251f2a017a8167d2b4f9e43ac0692cc89ce69aeb?s=96&d=mm&r=g","caption":"Juha Kari"},"sameAs":["https:\/\/aboveit.fi"],"url":"https:\/\/aboveit.fi\/es\/author\/juha-kariaboveit-fi\/"}]}},"_links":{"self":[{"href":"https:\/\/aboveit.fi\/es\/wp-json\/wp\/v2\/posts\/9173","targetHints":{"allow":["GET"]}}],"collection":[{"href":"https:\/\/aboveit.fi\/es\/wp-json\/wp\/v2\/posts"}],"about":[{"href":"https:\/\/aboveit.fi\/es\/wp-json\/wp\/v2\/types\/post"}],"author":[{"embeddable":true,"href":"https:\/\/aboveit.fi\/es\/wp-json\/wp\/v2\/users\/3"}],"replies":[{"embeddable":true,"href":"https:\/\/aboveit.fi\/es\/wp-json\/wp\/v2\/comments?post=9173"}],"version-history":[{"count":7,"href":"https:\/\/aboveit.fi\/es\/wp-json\/wp\/v2\/posts\/9173\/revisions"}],"predecessor-version":[{"id":9197,"href":"https:\/\/aboveit.fi\/es\/wp-json\/wp\/v2\/posts\/9173\/revisions\/9197"}],"wp:featuredmedia":[{"embeddable":true,"href":"https:\/\/aboveit.fi\/es\/wp-json\/wp\/v2\/media\/9174"}],"wp:attachment":[{"href":"https:\/\/aboveit.fi\/es\/wp-json\/wp\/v2\/media?parent=9173"}],"wp:term":[{"taxonomy":"category","embeddable":true,"href":"https:\/\/aboveit.fi\/es\/wp-json\/wp\/v2\/categories?post=9173"},{"taxonomy":"post_tag","embeddable":true,"href":"https:\/\/aboveit.fi\/es\/wp-json\/wp\/v2\/tags?post=9173"}],"curies":[{"name":"wp","href":"https:\/\/api.w.org\/{rel}","templated":true}]}}