{"id":9868,"date":"2025-05-20T11:00:03","date_gmt":"2025-05-20T09:00:03","guid":{"rendered":"https:\/\/aboveit.fi\/microsoft-365-schulungsvideo-teil-2-defender-for-cloud-apps\/"},"modified":"2025-12-01T15:05:37","modified_gmt":"2025-12-01T13:05:37","slug":"microsoft-365-schulungsvideo-teil-2-defender-for-cloud-apps","status":"publish","type":"post","link":"https:\/\/aboveit.fi\/de\/microsoft-365-schulungsvideo-teil-2-defender-for-cloud-apps\/","title":{"rendered":"Microsoft 365 Schulungsvideo \u2013 Teil 2. \u2013 Defender for Cloud Apps"},"content":{"rendered":"\t\t<div data-elementor-type=\"wp-post\" data-elementor-id=\"9868\" class=\"elementor elementor-9868 elementor-6814\" data-elementor-post-type=\"post\">\n\t\t\t\t\t\t<section class=\"elementor-section elementor-top-section elementor-element elementor-element-969d0b0 elementor-section-boxed elementor-section-height-default elementor-section-height-default\" data-id=\"969d0b0\" data-element_type=\"section\" data-e-type=\"section\">\n\t\t\t\t\t\t<div class=\"elementor-container elementor-column-gap-default\">\n\t\t\t\t\t<div class=\"elementor-column elementor-col-100 elementor-top-column elementor-element elementor-element-462aa62\" data-id=\"462aa62\" data-element_type=\"column\" data-e-type=\"column\">\n\t\t\t<div class=\"elementor-widget-wrap elementor-element-populated\">\n\t\t\t\t\t\t<div class=\"elementor-element elementor-element-ea8adac elementor-widget elementor-widget-text-editor\" data-id=\"ea8adac\" data-element_type=\"widget\" data-e-type=\"widget\" data-widget_type=\"text-editor.default\">\n\t\t\t\t<div class=\"elementor-widget-container\">\n\t\t\t\t\t\t\t\t\t<p><em>Im Fr\u00fchjahr 2025 wird Above IT eine Reihe von Schulungsvideos zu Microsoft 365 Technologien ver\u00f6ffentlichen. Im zweiten Teil dieser Schulungsvideoserie erl\u00e4utert Above IT \u201eConsigliere\u201c Lauri Haveri die Defender for Cloud Apps-Technologie \u2013 einen von der Microsoft 365-Umgebung erm\u00f6glichten Cloud-Broker-Dienst, mit dem Sie die Nutzung verschiedener Cloud-Dienste in Ihrer Unternehmensumgebung verwalten und sch\u00fctzen k\u00f6nnen. \u00c4hnliche Schulungsvideos werden wir monatlich ver\u00f6ffentlichen \u2013 zur Freude Ihrer IT-Abteilung!  <\/em><\/p>\t\t\t\t\t\t\t\t<\/div>\n\t\t\t\t<\/div>\n\t\t\t\t\t<\/div>\n\t\t<\/div>\n\t\t\t\t\t<\/div>\n\t\t<\/section>\n\t\t\t\t<section class=\"elementor-section elementor-top-section elementor-element elementor-element-761b42a elementor-section-boxed elementor-section-height-default elementor-section-height-default\" data-id=\"761b42a\" data-element_type=\"section\" data-e-type=\"section\">\n\t\t\t\t\t\t<div class=\"elementor-container elementor-column-gap-default\">\n\t\t\t\t\t<div class=\"elementor-column elementor-col-100 elementor-top-column elementor-element elementor-element-657741f\" data-id=\"657741f\" data-element_type=\"column\" data-e-type=\"column\">\n\t\t\t<div class=\"elementor-widget-wrap elementor-element-populated\">\n\t\t\t\t\t\t<div class=\"elementor-element elementor-element-e283046 elementor-widget elementor-widget-heading\" data-id=\"e283046\" data-element_type=\"widget\" data-e-type=\"widget\" data-widget_type=\"heading.default\">\n\t\t\t\t<div class=\"elementor-widget-container\">\n\t\t\t\t\t<h2 class=\"elementor-heading-title elementor-size-default\">Defender f\u00fcr Cloud Apps<\/h2>\t\t\t\t<\/div>\n\t\t\t\t<\/div>\n\t\t\t\t\t<\/div>\n\t\t<\/div>\n\t\t\t\t\t<\/div>\n\t\t<\/section>\n\t\t\t\t<section class=\"elementor-section elementor-top-section elementor-element elementor-element-185e5a72 elementor-section-boxed elementor-section-height-default elementor-section-height-default\" data-id=\"185e5a72\" data-element_type=\"section\" data-e-type=\"section\">\n\t\t\t\t\t\t<div class=\"elementor-container elementor-column-gap-default\">\n\t\t\t\t\t<div class=\"elementor-column elementor-col-100 elementor-top-column elementor-element elementor-element-62d26a1f\" data-id=\"62d26a1f\" data-element_type=\"column\" data-e-type=\"column\">\n\t\t\t<div class=\"elementor-widget-wrap elementor-element-populated\">\n\t\t\t\t\t\t<div class=\"elementor-element elementor-element-76b6f24d elementor-widget elementor-widget-text-editor\" data-id=\"76b6f24d\" data-element_type=\"widget\" data-e-type=\"widget\" data-widget_type=\"text-editor.default\">\n\t\t\t\t<div class=\"elementor-widget-container\">\n\t\t\t\t\t\t\t\t\t<p>Die Wissensarbeit ist in die Cloud gewandert und die Endnutzer sind am Ruder \u2013 und es l\u00e4sst sich nicht leugnen, dass es f\u00fcr Unternehmensumgebungen immer schwieriger wird, zu kontrollieren, welche verschiedenen Internetdienste die Endnutzer verwenden. Endnutzer sind heutzutage auch technisch versiert, und wenn die IT-Richtlinien der Organisation nicht gefallen, werden proaktiv neue Wege zur Arbeitserledigung gefunden, wodurch oft auch \u201eSchatten-IT\u201c entsteht. Ist es jedoch richtig, dass Unternehmensdaten in unz\u00e4hlige verschiedene Cloud-Dienste gelangen, deren Datenschutzpraktiken nicht immer gew\u00e4hrleistet sind? Ein Beispiel hierf\u00fcr ist das st\u00e4ndig wachsende Portfolio verschiedener KI-Tools von heute!   <\/p>\n<p>Wenn verschiedene Sicherheitstechnologien <a href=\"https:\/\/aboveit.fi\/de\/alle-it-sicherheits-eier-in-einen-korb\/\">nahtlos miteinander kommunizieren<\/a>, ergeben sich f\u00fcr die IT-Umgebung hinsichtlich Sicherheit und Datenschutz ungeahnte Vorteile. Ein gutes Beispiel hierf\u00fcr ist Microsofts <a href=\"https:\/\/www.microsoft.com\/fi-fi\/security\/business\/siem-and-xdr\/microsoft-defender-cloud-apps\">Defender for Cloud Apps<\/a>, das, integriert in den Defender-Endpunktschutz, die IT-Verwaltung dabei unterst\u00fctzt, sogar die Nutzung verschiedener Cloud-Dienste von den Arbeitsstationen der Endnutzer aus zu steuern. <\/p>\n<p>IT-Abteilungen k\u00f6nnte es also interessieren, wie man verwaltet, dass Endnutzer keine Unternehmensdaten beispielsweise an die Deepseek KI weiterleiten. Und dazu hat unser \u201eConsigliere\u201c Lauri Haveri ein Schulungsvideo f\u00fcr uns erstellt. <\/p>\n<p>P.S. Wenn Sie das Thema umfassender interessiert, <a href=\"https:\/\/aboveit.fi\/de\/aufzeichnung-webinar-zu-holistischer-cybersicherheit\/\">sehen Sie sich unser kommendes Webinar zu diesem Thema an!<\/a> <\/p>\t\t\t\t\t\t\t\t<\/div>\n\t\t\t\t<\/div>\n\t\t\t\t\t<\/div>\n\t\t<\/div>\n\t\t\t\t\t<\/div>\n\t\t<\/section>\n\t\t\t\t<section class=\"elementor-section elementor-top-section elementor-element elementor-element-05ee321 elementor-section-boxed elementor-section-height-default elementor-section-height-default\" data-id=\"05ee321\" data-element_type=\"section\" data-e-type=\"section\">\n\t\t\t\t\t\t<div class=\"elementor-container elementor-column-gap-default\">\n\t\t\t\t\t<div class=\"elementor-column elementor-col-100 elementor-top-column elementor-element elementor-element-70fc777\" data-id=\"70fc777\" data-element_type=\"column\" data-e-type=\"column\">\n\t\t\t<div class=\"elementor-widget-wrap elementor-element-populated\">\n\t\t\t\t\t\t<div class=\"elementor-element elementor-element-4b729dd elementor-widget elementor-widget-video\" data-id=\"4b729dd\" data-element_type=\"widget\" data-e-type=\"widget\" data-settings=\"{&quot;youtube_url&quot;:&quot;https:\\\/\\\/youtu.be\\\/HmL37c0QDXQ&quot;,&quot;video_type&quot;:&quot;youtube&quot;,&quot;controls&quot;:&quot;yes&quot;}\" data-widget_type=\"video.default\">\n\t\t\t\t<div class=\"elementor-widget-container\">\n\t\t\t\t\t\t\t<div class=\"elementor-wrapper elementor-open-inline\">\n\t\t\t<div class=\"elementor-video\"><\/div>\t\t<\/div>\n\t\t\t\t\t\t<\/div>\n\t\t\t\t<\/div>\n\t\t\t\t\t<\/div>\n\t\t<\/div>\n\t\t\t\t\t<\/div>\n\t\t<\/section>\n\t\t\t\t<section class=\"elementor-section elementor-top-section elementor-element elementor-element-c2b7adb elementor-section-boxed elementor-section-height-default elementor-section-height-default\" data-id=\"c2b7adb\" data-element_type=\"section\" data-e-type=\"section\">\n\t\t\t\t\t\t<div class=\"elementor-container elementor-column-gap-default\">\n\t\t\t\t\t<div class=\"elementor-column elementor-col-100 elementor-top-column elementor-element elementor-element-59ce4e7\" data-id=\"59ce4e7\" data-element_type=\"column\" data-e-type=\"column\">\n\t\t\t<div class=\"elementor-widget-wrap elementor-element-populated\">\n\t\t\t\t\t\t<div class=\"elementor-element elementor-element-b06d303 elementor-widget elementor-widget-text-editor\" data-id=\"b06d303\" data-element_type=\"widget\" data-e-type=\"widget\" data-widget_type=\"text-editor.default\">\n\t\t\t\t<div class=\"elementor-widget-container\">\n\t\t\t\t\t\t\t\t\t<p><em>Above IT ist Ihr IT-Partner. Wenn Ihre Datensicherheit verbessert werden muss und Sie die vorhandenen Lizenzen Ihrer Microsoft 365 Umgebung noch effizienter nutzen m\u00f6chten, sind wir der richtige Partner, um Ihre IT-Abteilung auf diesem Weg zu unterst\u00fctzen. Buchen Sie also unten einen Termin f\u00fcr ein kurzes Treffen, damit wir gemeinsam den Bedarf Ihrer Organisation ermitteln k\u00f6nnen!  <\/em><\/p>\t\t\t\t\t\t\t\t<\/div>\n\t\t\t\t<\/div>\n\t\t\t\t\t<\/div>\n\t\t<\/div>\n\t\t\t\t\t<\/div>\n\t\t<\/section>\n\t\t\t\t<\/div>\n\t\t","protected":false},"excerpt":{"rendered":"<p>Im Fr\u00fchjahr 2025 wird Above IT eine Reihe von Schulungsvideos zu Microsoft 365 Technologien ver\u00f6ffentlichen. Im zweiten Teil dieser Schulungsvideoserie erl\u00e4utert Above IT \u201eConsigliere\u201c Lauri Haveri die Defender for Cloud Apps-Technologie \u2013 einen von der Microsoft 365-Umgebung erm\u00f6glichten Cloud-Broker-Dienst, mit dem Sie die Nutzung verschiedener Cloud-Dienste in Ihrer Unternehmensumgebung verwalten und sch\u00fctzen k\u00f6nnen. \u00c4hnliche Schulungsvideos [&hellip;]<\/p>\n","protected":false},"author":7,"featured_media":8407,"comment_status":"closed","ping_status":"closed","sticky":false,"template":"","format":"standard","meta":{"content-type":"","inline_featured_image":false,"footnotes":""},"categories":[222,224],"tags":[484,223,225,226],"class_list":["post-9868","post","type-post","status-publish","format-standard","has-post-thumbnail","hentry","category-it-sicherheit","category-microsoft-365","tag-defender","tag-it-sicherheit","tag-microsoft-365","tag-schulungsvideo"],"yoast_head":"<!-- This site is optimized with the Yoast SEO plugin v27.5 - https:\/\/yoast.com\/product\/yoast-seo-wordpress\/ -->\n<title>Microsoft 365 Schulungsvideo \u2013 Teil 2. \u2013 Defender for Cloud Apps - Above IT Oy<\/title>\n<meta name=\"description\" content=\"Ist Defender for Cloud Apps bereits bei Ihnen im Einsatz? In unserem zweiten Microsoft 365 Schulungsvideo enth\u00fcllt Lauri die Geheimnisse von Defender for Cloud Apps!\" \/>\n<meta name=\"robots\" content=\"index, follow, max-snippet:-1, max-image-preview:large, max-video-preview:-1\" \/>\n<link rel=\"canonical\" href=\"https:\/\/aboveit.fi\/de\/microsoft-365-schulungsvideo-teil-2-defender-for-cloud-apps\/\" \/>\n<meta property=\"og:locale\" content=\"de_DE\" \/>\n<meta property=\"og:type\" content=\"article\" \/>\n<meta property=\"og:title\" content=\"Microsoft 365 Schulungsvideo \u2013 Teil 2. \u2013 Defender for Cloud Apps - Above IT Oy\" \/>\n<meta property=\"og:description\" content=\"Ist Defender for Cloud Apps bereits bei Ihnen im Einsatz? In unserem zweiten Microsoft 365 Schulungsvideo enth\u00fcllt Lauri die Geheimnisse von Defender for Cloud Apps!\" \/>\n<meta property=\"og:url\" content=\"https:\/\/aboveit.fi\/de\/microsoft-365-schulungsvideo-teil-2-defender-for-cloud-apps\/\" \/>\n<meta property=\"og:site_name\" content=\"Above IT Oy\" \/>\n<meta property=\"article:publisher\" content=\"https:\/\/www.facebook.com\/aboveitfi\" \/>\n<meta property=\"article:published_time\" content=\"2025-05-20T09:00:03+00:00\" \/>\n<meta property=\"article:modified_time\" content=\"2025-12-01T13:05:37+00:00\" \/>\n<meta property=\"og:image\" content=\"https:\/\/aboveit.fi\/wp-content\/uploads\/2025\/01\/AboveIT-45-Edit.jpg\" \/>\n\t<meta property=\"og:image:width\" content=\"1920\" \/>\n\t<meta property=\"og:image:height\" content=\"1280\" \/>\n\t<meta property=\"og:image:type\" content=\"image\/jpeg\" \/>\n<meta name=\"author\" content=\"Lauri Haveri\" \/>\n<meta name=\"twitter:card\" content=\"summary_large_image\" \/>\n<meta name=\"twitter:label1\" content=\"Verfasst von\" \/>\n\t<meta name=\"twitter:data1\" content=\"Lauri Haveri\" \/>\n\t<meta name=\"twitter:label2\" content=\"Gesch\u00e4tzte Lesezeit\" \/>\n\t<meta name=\"twitter:data2\" content=\"2\u00a0Minuten\" \/>\n<script type=\"application\/ld+json\" class=\"yoast-schema-graph\">{\"@context\":\"https:\\\/\\\/schema.org\",\"@graph\":[{\"@type\":\"Article\",\"@id\":\"https:\\\/\\\/aboveit.fi\\\/de\\\/microsoft-365-schulungsvideo-teil-2-defender-for-cloud-apps\\\/#article\",\"isPartOf\":{\"@id\":\"https:\\\/\\\/aboveit.fi\\\/de\\\/microsoft-365-schulungsvideo-teil-2-defender-for-cloud-apps\\\/\"},\"author\":{\"name\":\"Lauri Haveri\",\"@id\":\"https:\\\/\\\/aboveit.fi\\\/de\\\/#\\\/schema\\\/person\\\/ccab7bbd509a621c3089da04fee079cf\"},\"headline\":\"Microsoft 365 Schulungsvideo \u2013 Teil 2. \u2013 Defender for Cloud Apps\",\"datePublished\":\"2025-05-20T09:00:03+00:00\",\"dateModified\":\"2025-12-01T13:05:37+00:00\",\"mainEntityOfPage\":{\"@id\":\"https:\\\/\\\/aboveit.fi\\\/de\\\/microsoft-365-schulungsvideo-teil-2-defender-for-cloud-apps\\\/\"},\"wordCount\":341,\"publisher\":{\"@id\":\"https:\\\/\\\/aboveit.fi\\\/de\\\/#organization\"},\"image\":{\"@id\":\"https:\\\/\\\/aboveit.fi\\\/de\\\/microsoft-365-schulungsvideo-teil-2-defender-for-cloud-apps\\\/#primaryimage\"},\"thumbnailUrl\":\"https:\\\/\\\/aboveit.fi\\\/wp-content\\\/uploads\\\/2025\\\/01\\\/AboveIT-45-Edit.jpg\",\"keywords\":[\"Defender\",\"IT-Sicherheit\",\"Microsoft 365\",\"Schulungsvideo\"],\"articleSection\":[\"IT-Sicherheit\",\"Microsoft 365\"],\"inLanguage\":\"de\"},{\"@type\":\"WebPage\",\"@id\":\"https:\\\/\\\/aboveit.fi\\\/de\\\/microsoft-365-schulungsvideo-teil-2-defender-for-cloud-apps\\\/\",\"url\":\"https:\\\/\\\/aboveit.fi\\\/de\\\/microsoft-365-schulungsvideo-teil-2-defender-for-cloud-apps\\\/\",\"name\":\"Microsoft 365 Schulungsvideo \u2013 Teil 2. \u2013 Defender for Cloud Apps - Above IT Oy\",\"isPartOf\":{\"@id\":\"https:\\\/\\\/aboveit.fi\\\/de\\\/#website\"},\"primaryImageOfPage\":{\"@id\":\"https:\\\/\\\/aboveit.fi\\\/de\\\/microsoft-365-schulungsvideo-teil-2-defender-for-cloud-apps\\\/#primaryimage\"},\"image\":{\"@id\":\"https:\\\/\\\/aboveit.fi\\\/de\\\/microsoft-365-schulungsvideo-teil-2-defender-for-cloud-apps\\\/#primaryimage\"},\"thumbnailUrl\":\"https:\\\/\\\/aboveit.fi\\\/wp-content\\\/uploads\\\/2025\\\/01\\\/AboveIT-45-Edit.jpg\",\"datePublished\":\"2025-05-20T09:00:03+00:00\",\"dateModified\":\"2025-12-01T13:05:37+00:00\",\"description\":\"Ist Defender for Cloud Apps bereits bei Ihnen im Einsatz? In unserem zweiten Microsoft 365 Schulungsvideo enth\u00fcllt Lauri die Geheimnisse von Defender for Cloud Apps!\",\"breadcrumb\":{\"@id\":\"https:\\\/\\\/aboveit.fi\\\/de\\\/microsoft-365-schulungsvideo-teil-2-defender-for-cloud-apps\\\/#breadcrumb\"},\"inLanguage\":\"de\",\"potentialAction\":[{\"@type\":\"ReadAction\",\"target\":[\"https:\\\/\\\/aboveit.fi\\\/de\\\/microsoft-365-schulungsvideo-teil-2-defender-for-cloud-apps\\\/\"]}]},{\"@type\":\"ImageObject\",\"inLanguage\":\"de\",\"@id\":\"https:\\\/\\\/aboveit.fi\\\/de\\\/microsoft-365-schulungsvideo-teil-2-defender-for-cloud-apps\\\/#primaryimage\",\"url\":\"https:\\\/\\\/aboveit.fi\\\/wp-content\\\/uploads\\\/2025\\\/01\\\/AboveIT-45-Edit.jpg\",\"contentUrl\":\"https:\\\/\\\/aboveit.fi\\\/wp-content\\\/uploads\\\/2025\\\/01\\\/AboveIT-45-Edit.jpg\",\"width\":1920,\"height\":1280},{\"@type\":\"BreadcrumbList\",\"@id\":\"https:\\\/\\\/aboveit.fi\\\/de\\\/microsoft-365-schulungsvideo-teil-2-defender-for-cloud-apps\\\/#breadcrumb\",\"itemListElement\":[{\"@type\":\"ListItem\",\"position\":1,\"name\":\"Etusivu\",\"item\":\"https:\\\/\\\/aboveit.fi\\\/de\\\/\"},{\"@type\":\"ListItem\",\"position\":2,\"name\":\"Microsoft 365 Schulungsvideo \u2013 Teil 2. \u2013 Defender for Cloud Apps\"}]},{\"@type\":\"WebSite\",\"@id\":\"https:\\\/\\\/aboveit.fi\\\/de\\\/#website\",\"url\":\"https:\\\/\\\/aboveit.fi\\\/de\\\/\",\"name\":\"We Are Above IT\",\"description\":\"Tietohallinnon voimavarakumppani\",\"publisher\":{\"@id\":\"https:\\\/\\\/aboveit.fi\\\/de\\\/#organization\"},\"potentialAction\":[{\"@type\":\"SearchAction\",\"target\":{\"@type\":\"EntryPoint\",\"urlTemplate\":\"https:\\\/\\\/aboveit.fi\\\/de\\\/?s={search_term_string}\"},\"query-input\":{\"@type\":\"PropertyValueSpecification\",\"valueRequired\":true,\"valueName\":\"search_term_string\"}}],\"inLanguage\":\"de\"},{\"@type\":\"Organization\",\"@id\":\"https:\\\/\\\/aboveit.fi\\\/de\\\/#organization\",\"name\":\"Above IT Oy\",\"url\":\"https:\\\/\\\/aboveit.fi\\\/de\\\/\",\"logo\":{\"@type\":\"ImageObject\",\"inLanguage\":\"de\",\"@id\":\"https:\\\/\\\/aboveit.fi\\\/de\\\/#\\\/schema\\\/logo\\\/image\\\/\",\"url\":\"https:\\\/\\\/aboveit.fi\\\/wp-content\\\/uploads\\\/2024\\\/10\\\/aboveIT-logo.png\",\"contentUrl\":\"https:\\\/\\\/aboveit.fi\\\/wp-content\\\/uploads\\\/2024\\\/10\\\/aboveIT-logo.png\",\"width\":1613,\"height\":383,\"caption\":\"Above IT Oy\"},\"image\":{\"@id\":\"https:\\\/\\\/aboveit.fi\\\/de\\\/#\\\/schema\\\/logo\\\/image\\\/\"},\"sameAs\":[\"https:\\\/\\\/www.facebook.com\\\/aboveitfi\",\"https:\\\/\\\/www.linkedin.com\\\/company\\\/aboveitfi\",\"https:\\\/\\\/instagram.com\\\/aboveitfi\"]},{\"@type\":\"Person\",\"@id\":\"https:\\\/\\\/aboveit.fi\\\/de\\\/#\\\/schema\\\/person\\\/ccab7bbd509a621c3089da04fee079cf\",\"name\":\"Lauri Haveri\",\"image\":{\"@type\":\"ImageObject\",\"inLanguage\":\"de\",\"@id\":\"https:\\\/\\\/secure.gravatar.com\\\/avatar\\\/bd4f84db64857d6806fe10bff9981a4aa89271293db63f9f36f23ad2fe16f168?s=96&d=mm&r=g\",\"url\":\"https:\\\/\\\/secure.gravatar.com\\\/avatar\\\/bd4f84db64857d6806fe10bff9981a4aa89271293db63f9f36f23ad2fe16f168?s=96&d=mm&r=g\",\"contentUrl\":\"https:\\\/\\\/secure.gravatar.com\\\/avatar\\\/bd4f84db64857d6806fe10bff9981a4aa89271293db63f9f36f23ad2fe16f168?s=96&d=mm&r=g\",\"caption\":\"Lauri Haveri\"},\"url\":\"https:\\\/\\\/aboveit.fi\\\/de\\\/author\\\/lauri-haveriaboveit-fi\\\/\"}]}<\/script>\n<!-- \/ Yoast SEO plugin. -->","yoast_head_json":{"title":"Microsoft 365 Schulungsvideo \u2013 Teil 2. \u2013 Defender for Cloud Apps - Above IT Oy","description":"Ist Defender for Cloud Apps bereits bei Ihnen im Einsatz? In unserem zweiten Microsoft 365 Schulungsvideo enth\u00fcllt Lauri die Geheimnisse von Defender for Cloud Apps!","robots":{"index":"index","follow":"follow","max-snippet":"max-snippet:-1","max-image-preview":"max-image-preview:large","max-video-preview":"max-video-preview:-1"},"canonical":"https:\/\/aboveit.fi\/de\/microsoft-365-schulungsvideo-teil-2-defender-for-cloud-apps\/","og_locale":"de_DE","og_type":"article","og_title":"Microsoft 365 Schulungsvideo \u2013 Teil 2. \u2013 Defender for Cloud Apps - Above IT Oy","og_description":"Ist Defender for Cloud Apps bereits bei Ihnen im Einsatz? In unserem zweiten Microsoft 365 Schulungsvideo enth\u00fcllt Lauri die Geheimnisse von Defender for Cloud Apps!","og_url":"https:\/\/aboveit.fi\/de\/microsoft-365-schulungsvideo-teil-2-defender-for-cloud-apps\/","og_site_name":"Above IT Oy","article_publisher":"https:\/\/www.facebook.com\/aboveitfi","article_published_time":"2025-05-20T09:00:03+00:00","article_modified_time":"2025-12-01T13:05:37+00:00","og_image":[{"width":1920,"height":1280,"url":"https:\/\/aboveit.fi\/wp-content\/uploads\/2025\/01\/AboveIT-45-Edit.jpg","type":"image\/jpeg"}],"author":"Lauri Haveri","twitter_card":"summary_large_image","twitter_misc":{"Verfasst von":"Lauri Haveri","Gesch\u00e4tzte Lesezeit":"2\u00a0Minuten"},"schema":{"@context":"https:\/\/schema.org","@graph":[{"@type":"Article","@id":"https:\/\/aboveit.fi\/de\/microsoft-365-schulungsvideo-teil-2-defender-for-cloud-apps\/#article","isPartOf":{"@id":"https:\/\/aboveit.fi\/de\/microsoft-365-schulungsvideo-teil-2-defender-for-cloud-apps\/"},"author":{"name":"Lauri Haveri","@id":"https:\/\/aboveit.fi\/de\/#\/schema\/person\/ccab7bbd509a621c3089da04fee079cf"},"headline":"Microsoft 365 Schulungsvideo \u2013 Teil 2. \u2013 Defender for Cloud Apps","datePublished":"2025-05-20T09:00:03+00:00","dateModified":"2025-12-01T13:05:37+00:00","mainEntityOfPage":{"@id":"https:\/\/aboveit.fi\/de\/microsoft-365-schulungsvideo-teil-2-defender-for-cloud-apps\/"},"wordCount":341,"publisher":{"@id":"https:\/\/aboveit.fi\/de\/#organization"},"image":{"@id":"https:\/\/aboveit.fi\/de\/microsoft-365-schulungsvideo-teil-2-defender-for-cloud-apps\/#primaryimage"},"thumbnailUrl":"https:\/\/aboveit.fi\/wp-content\/uploads\/2025\/01\/AboveIT-45-Edit.jpg","keywords":["Defender","IT-Sicherheit","Microsoft 365","Schulungsvideo"],"articleSection":["IT-Sicherheit","Microsoft 365"],"inLanguage":"de"},{"@type":"WebPage","@id":"https:\/\/aboveit.fi\/de\/microsoft-365-schulungsvideo-teil-2-defender-for-cloud-apps\/","url":"https:\/\/aboveit.fi\/de\/microsoft-365-schulungsvideo-teil-2-defender-for-cloud-apps\/","name":"Microsoft 365 Schulungsvideo \u2013 Teil 2. \u2013 Defender for Cloud Apps - Above IT Oy","isPartOf":{"@id":"https:\/\/aboveit.fi\/de\/#website"},"primaryImageOfPage":{"@id":"https:\/\/aboveit.fi\/de\/microsoft-365-schulungsvideo-teil-2-defender-for-cloud-apps\/#primaryimage"},"image":{"@id":"https:\/\/aboveit.fi\/de\/microsoft-365-schulungsvideo-teil-2-defender-for-cloud-apps\/#primaryimage"},"thumbnailUrl":"https:\/\/aboveit.fi\/wp-content\/uploads\/2025\/01\/AboveIT-45-Edit.jpg","datePublished":"2025-05-20T09:00:03+00:00","dateModified":"2025-12-01T13:05:37+00:00","description":"Ist Defender for Cloud Apps bereits bei Ihnen im Einsatz? In unserem zweiten Microsoft 365 Schulungsvideo enth\u00fcllt Lauri die Geheimnisse von Defender for Cloud Apps!","breadcrumb":{"@id":"https:\/\/aboveit.fi\/de\/microsoft-365-schulungsvideo-teil-2-defender-for-cloud-apps\/#breadcrumb"},"inLanguage":"de","potentialAction":[{"@type":"ReadAction","target":["https:\/\/aboveit.fi\/de\/microsoft-365-schulungsvideo-teil-2-defender-for-cloud-apps\/"]}]},{"@type":"ImageObject","inLanguage":"de","@id":"https:\/\/aboveit.fi\/de\/microsoft-365-schulungsvideo-teil-2-defender-for-cloud-apps\/#primaryimage","url":"https:\/\/aboveit.fi\/wp-content\/uploads\/2025\/01\/AboveIT-45-Edit.jpg","contentUrl":"https:\/\/aboveit.fi\/wp-content\/uploads\/2025\/01\/AboveIT-45-Edit.jpg","width":1920,"height":1280},{"@type":"BreadcrumbList","@id":"https:\/\/aboveit.fi\/de\/microsoft-365-schulungsvideo-teil-2-defender-for-cloud-apps\/#breadcrumb","itemListElement":[{"@type":"ListItem","position":1,"name":"Etusivu","item":"https:\/\/aboveit.fi\/de\/"},{"@type":"ListItem","position":2,"name":"Microsoft 365 Schulungsvideo \u2013 Teil 2. \u2013 Defender for Cloud Apps"}]},{"@type":"WebSite","@id":"https:\/\/aboveit.fi\/de\/#website","url":"https:\/\/aboveit.fi\/de\/","name":"We Are Above IT","description":"Tietohallinnon voimavarakumppani","publisher":{"@id":"https:\/\/aboveit.fi\/de\/#organization"},"potentialAction":[{"@type":"SearchAction","target":{"@type":"EntryPoint","urlTemplate":"https:\/\/aboveit.fi\/de\/?s={search_term_string}"},"query-input":{"@type":"PropertyValueSpecification","valueRequired":true,"valueName":"search_term_string"}}],"inLanguage":"de"},{"@type":"Organization","@id":"https:\/\/aboveit.fi\/de\/#organization","name":"Above IT Oy","url":"https:\/\/aboveit.fi\/de\/","logo":{"@type":"ImageObject","inLanguage":"de","@id":"https:\/\/aboveit.fi\/de\/#\/schema\/logo\/image\/","url":"https:\/\/aboveit.fi\/wp-content\/uploads\/2024\/10\/aboveIT-logo.png","contentUrl":"https:\/\/aboveit.fi\/wp-content\/uploads\/2024\/10\/aboveIT-logo.png","width":1613,"height":383,"caption":"Above IT Oy"},"image":{"@id":"https:\/\/aboveit.fi\/de\/#\/schema\/logo\/image\/"},"sameAs":["https:\/\/www.facebook.com\/aboveitfi","https:\/\/www.linkedin.com\/company\/aboveitfi","https:\/\/instagram.com\/aboveitfi"]},{"@type":"Person","@id":"https:\/\/aboveit.fi\/de\/#\/schema\/person\/ccab7bbd509a621c3089da04fee079cf","name":"Lauri Haveri","image":{"@type":"ImageObject","inLanguage":"de","@id":"https:\/\/secure.gravatar.com\/avatar\/bd4f84db64857d6806fe10bff9981a4aa89271293db63f9f36f23ad2fe16f168?s=96&d=mm&r=g","url":"https:\/\/secure.gravatar.com\/avatar\/bd4f84db64857d6806fe10bff9981a4aa89271293db63f9f36f23ad2fe16f168?s=96&d=mm&r=g","contentUrl":"https:\/\/secure.gravatar.com\/avatar\/bd4f84db64857d6806fe10bff9981a4aa89271293db63f9f36f23ad2fe16f168?s=96&d=mm&r=g","caption":"Lauri Haveri"},"url":"https:\/\/aboveit.fi\/de\/author\/lauri-haveriaboveit-fi\/"}]}},"_links":{"self":[{"href":"https:\/\/aboveit.fi\/de\/wp-json\/wp\/v2\/posts\/9868","targetHints":{"allow":["GET"]}}],"collection":[{"href":"https:\/\/aboveit.fi\/de\/wp-json\/wp\/v2\/posts"}],"about":[{"href":"https:\/\/aboveit.fi\/de\/wp-json\/wp\/v2\/types\/post"}],"author":[{"embeddable":true,"href":"https:\/\/aboveit.fi\/de\/wp-json\/wp\/v2\/users\/7"}],"replies":[{"embeddable":true,"href":"https:\/\/aboveit.fi\/de\/wp-json\/wp\/v2\/comments?post=9868"}],"version-history":[{"count":1,"href":"https:\/\/aboveit.fi\/de\/wp-json\/wp\/v2\/posts\/9868\/revisions"}],"predecessor-version":[{"id":9870,"href":"https:\/\/aboveit.fi\/de\/wp-json\/wp\/v2\/posts\/9868\/revisions\/9870"}],"wp:featuredmedia":[{"embeddable":true,"href":"https:\/\/aboveit.fi\/de\/wp-json\/wp\/v2\/media\/8407"}],"wp:attachment":[{"href":"https:\/\/aboveit.fi\/de\/wp-json\/wp\/v2\/media?parent=9868"}],"wp:term":[{"taxonomy":"category","embeddable":true,"href":"https:\/\/aboveit.fi\/de\/wp-json\/wp\/v2\/categories?post=9868"},{"taxonomy":"post_tag","embeddable":true,"href":"https:\/\/aboveit.fi\/de\/wp-json\/wp\/v2\/tags?post=9868"}],"curies":[{"name":"wp","href":"https:\/\/api.w.org\/{rel}","templated":true}]}}