{"id":9634,"date":"2025-02-14T09:00:00","date_gmt":"2025-02-14T07:00:00","guid":{"rendered":"https:\/\/aboveit.fi\/alles-gute-zum-valentinstag-2\/"},"modified":"2025-11-27T14:04:45","modified_gmt":"2025-11-27T12:04:45","slug":"alles-gute-zum-valentinstag-2","status":"publish","type":"post","link":"https:\/\/aboveit.fi\/de\/alles-gute-zum-valentinstag-2\/","title":{"rendered":"Alles Gute zum Valentinstag!"},"content":{"rendered":"\t\t<div data-elementor-type=\"wp-post\" data-elementor-id=\"9634\" class=\"elementor elementor-9634 elementor-4817\" data-elementor-post-type=\"post\">\n\t\t\t\t\t\t<section class=\"elementor-section elementor-top-section elementor-element elementor-element-a3f801a elementor-section-boxed elementor-section-height-default elementor-section-height-default\" data-id=\"a3f801a\" data-element_type=\"section\" data-e-type=\"section\">\n\t\t\t\t\t\t<div class=\"elementor-container elementor-column-gap-default\">\n\t\t\t\t\t<div class=\"elementor-column elementor-col-100 elementor-top-column elementor-element elementor-element-6a942e1\" data-id=\"6a942e1\" data-element_type=\"column\" data-e-type=\"column\">\n\t\t\t<div class=\"elementor-widget-wrap elementor-element-populated\">\n\t\t\t\t\t\t<div class=\"elementor-element elementor-element-08d9ffd elementor-widget elementor-widget-text-editor\" data-id=\"08d9ffd\" data-element_type=\"widget\" data-e-type=\"widget\" data-widget_type=\"text-editor.default\">\n\t\t\t\t<div class=\"elementor-widget-container\">\n\t\t\t\t\t\t\t\t\t<p><em><strong>Alles Gute zum Valentinstag!<\/strong> Above IT Oy feiert heute, denn heute ist auch unser offizieller Geburtstag! So verging unser erstes Jahr der Above IT-Geschichte wie im Flug. Das erste Jahr war voller Dynamik und herausfordernder Situationen \u2013 aber auch voller Erfolge. Above IT Oy hat sich als Partner f\u00fcr IT-Abteilungen etabliert. Doch wie sieht das begonnene Jahr aus? Mehr dazu erz\u00e4hle ich in diesem Blogbeitrag.     <\/em><\/p>\t\t\t\t\t\t\t\t<\/div>\n\t\t\t\t<\/div>\n\t\t\t\t\t<\/div>\n\t\t<\/div>\n\t\t\t\t\t<\/div>\n\t\t<\/section>\n\t\t\t\t<section class=\"elementor-section elementor-top-section elementor-element elementor-element-680bf5d elementor-section-boxed elementor-section-height-default elementor-section-height-default\" data-id=\"680bf5d\" data-element_type=\"section\" data-e-type=\"section\">\n\t\t\t\t\t\t<div class=\"elementor-container elementor-column-gap-default\">\n\t\t\t\t\t<div class=\"elementor-column elementor-col-100 elementor-top-column elementor-element elementor-element-a43f738\" data-id=\"a43f738\" data-element_type=\"column\" data-e-type=\"column\">\n\t\t\t<div class=\"elementor-widget-wrap elementor-element-populated\">\n\t\t\t\t\t\t<div class=\"elementor-element elementor-element-a611ca5 elementor-widget elementor-widget-heading\" data-id=\"a611ca5\" data-element_type=\"widget\" data-e-type=\"widget\" data-widget_type=\"heading.default\">\n\t\t\t\t<div class=\"elementor-widget-container\">\n\t\t\t\t\t<h2 class=\"elementor-heading-title elementor-size-default\">Neue Impulse im IT-Management<\/h2>\t\t\t\t<\/div>\n\t\t\t\t<\/div>\n\t\t\t\t\t<\/div>\n\t\t<\/div>\n\t\t\t\t\t<\/div>\n\t\t<\/section>\n\t\t\t\t<section class=\"elementor-section elementor-top-section elementor-element elementor-element-ec643cc elementor-section-boxed elementor-section-height-default elementor-section-height-default\" data-id=\"ec643cc\" data-element_type=\"section\" data-e-type=\"section\">\n\t\t\t\t\t\t<div class=\"elementor-container elementor-column-gap-default\">\n\t\t\t\t\t<div class=\"elementor-column elementor-col-100 elementor-top-column elementor-element elementor-element-58c9be2\" data-id=\"58c9be2\" data-element_type=\"column\" data-e-type=\"column\">\n\t\t\t<div class=\"elementor-widget-wrap elementor-element-populated\">\n\t\t\t\t\t\t<div class=\"elementor-element elementor-element-4776b3a elementor-widget elementor-widget-text-editor\" data-id=\"4776b3a\" data-element_type=\"widget\" data-e-type=\"widget\" data-widget_type=\"text-editor.default\">\n\t\t\t\t<div class=\"elementor-widget-container\">\n\t\t\t\t\t\t\t\t\t<p>R\u00fcckblickend war das vergangene Jahr ein herausforderndes Umfeld f\u00fcr alle Unternehmen und insbesondere f\u00fcr die Mitarbeiter der IT-Abteilungen. Die aktuelle Zeit hat ihre eigenen Herausforderungen auf den Markt gebracht, und viele IT-Abteilungen mussten sich mit ihren Kostenstrukturen auseinandersetzen. <\/p><p>Im vergangenen Jahr traten auf EU-Ebene unter anderem die Sicherheitsanforderungen der NIS2-Richtlinie in Kraft. Dadurch ist die administrative Informationssicherheit dauerhaft etabliert. W\u00e4hrend ein Gro\u00dfteil der Organisationen bisher m\u00f6glicherweise auf Technologien gesetzt hat, lenken die versch\u00e4rften Cybersicherheitsanforderungen auf EU-Ebene die IT-Abteilungen zu einem umfassenderen Vorgehen und einer engeren Zusammenarbeit mit der Gesch\u00e4ftsleitung ihrer eigenen Organisationen. Das Verst\u00e4ndnis f\u00fcr Informationssicherheit und die Sicherung des Gesch\u00e4ftsbetriebs w\u00e4chst auf beiden Seiten. Leider hat unser Heimatland Finnland zum Zeitpunkt der Blogerstellung diese neuen Informationssicherheitsrichtlinien noch nicht in nationales Recht umgesetzt.    <\/p><p>Wenn in den F\u00fchrungsetagen der Unternehmen das Bewusstsein f\u00fcr die Sicherstellung der Gesch\u00e4ftskontinuit\u00e4t w\u00e4chst, wird die Arbeit der IT-Abteilung mit dem Gesch\u00e4ftsbereich noch wichtiger. Wenn verstanden wird, wie die IT-Abteilung zielorientiert gef\u00fchrt und ihre Erfolge und Entwicklungen verfolgt werden k\u00f6nnen, steigt der Wert der IT-Abteilung in den Augen des Gesch\u00e4ftsbetriebs. F\u00fcr diese etwas systematischere Arbeitsweise wird Above IT im begonnenen Jahr den IT-Abteilungen eigene Impulse bieten, aus denen vielleicht sogar Teile der F\u00fchrungsetagen verschiedener Unternehmen in Zukunft lernen k\u00f6nnten.  <\/p>\t\t\t\t\t\t\t\t<\/div>\n\t\t\t\t<\/div>\n\t\t\t\t\t<\/div>\n\t\t<\/div>\n\t\t\t\t\t<\/div>\n\t\t<\/section>\n\t\t\t\t<section class=\"elementor-section elementor-top-section elementor-element elementor-element-cd04c2c elementor-section-boxed elementor-section-height-default elementor-section-height-default\" data-id=\"cd04c2c\" data-element_type=\"section\" data-e-type=\"section\">\n\t\t\t\t\t\t<div class=\"elementor-container elementor-column-gap-default\">\n\t\t\t\t\t<div class=\"elementor-column elementor-col-100 elementor-top-column elementor-element elementor-element-e342937\" data-id=\"e342937\" data-element_type=\"column\" data-e-type=\"column\">\n\t\t\t<div class=\"elementor-widget-wrap elementor-element-populated\">\n\t\t\t\t\t\t<div class=\"elementor-element elementor-element-6e36d05 elementor-widget elementor-widget-heading\" data-id=\"6e36d05\" data-element_type=\"widget\" data-e-type=\"widget\" data-widget_type=\"heading.default\">\n\t\t\t\t<div class=\"elementor-widget-container\">\n\t\t\t\t\t<h2 class=\"elementor-heading-title elementor-size-default\">St\u00e4rke durch die Microsoft-Partnerschaft<\/h2>\t\t\t\t<\/div>\n\t\t\t\t<\/div>\n\t\t\t\t\t<\/div>\n\t\t<\/div>\n\t\t\t\t\t<\/div>\n\t\t<\/section>\n\t\t\t\t<section class=\"elementor-section elementor-top-section elementor-element elementor-element-976934b elementor-section-boxed elementor-section-height-default elementor-section-height-default\" data-id=\"976934b\" data-element_type=\"section\" data-e-type=\"section\">\n\t\t\t\t\t\t<div class=\"elementor-container elementor-column-gap-default\">\n\t\t\t\t\t<div class=\"elementor-column elementor-col-100 elementor-top-column elementor-element elementor-element-6bcf872\" data-id=\"6bcf872\" data-element_type=\"column\" data-e-type=\"column\">\n\t\t\t<div class=\"elementor-widget-wrap elementor-element-populated\">\n\t\t\t\t\t\t<div class=\"elementor-element elementor-element-0ecf683 elementor-widget elementor-widget-text-editor\" data-id=\"0ecf683\" data-element_type=\"widget\" data-e-type=\"widget\" data-widget_type=\"text-editor.default\">\n\t\t\t\t<div class=\"elementor-widget-container\">\n\t\t\t\t\t\t\t\t\t<p>Das erste Jahr war arbeitsreich, da wir unsere Microsoft-Partnerschaft auf die ersten Solution Partner-Status hin aufgebaut haben. Die Partnerschaft mit Microsoft st\u00e4rkt uns und hilft uns, unsere Kunden noch besser zu bedienen. Ein Beispiel hierf\u00fcr sind die verschiedenen Projektmodelle, die uns als Partner unterst\u00fctzen und in Zusammenarbeit mit Microsoft in den Bereichen Informationssicherheit und Azure umgesetzt werden, und die wir bereits vorbildlich realisiert haben.  <\/p>\n<p>Unser Ziel war es, den Solution Partner-Status zuerst im Bereich Azure-Infrastruktur zu erreichen, da dies ein Thema ist, das uns besonders am Herzen liegt \u2013 schlie\u00dflich arbeiten wir sehr aktiv mit den Azure-Clouds unserer Kunden. Diesen Status haben wir nun erreicht. Dies st\u00e4rkt uns auch allm\u00e4hlich, w\u00e4hrend wir uns auf die Ankunft der Microsoft-Rechenzentren in Finnland vorbereiten, deren Gr\u00fcndungsarbeiten angeblich gerade in Kirkkonummi beginnen.  <\/p>\n<p>Microsoft-Technologien stehen im Mittelpunkt unserer Arbeit, und wir m\u00f6chten die Informationssicherheit, den Datenschutz, die Funktionalit\u00e4t der digitalen Arbeit und den Betrieb verschiedener Gesch\u00e4ftsdienste unserer Kundenorganisationen gew\u00e4hrleisten, und f\u00fcr dieses Jahr haben wir insgesamt drei erste Partnerschaftsebenen als erreichbar definiert: Azure Infrastructure, Modern Work und Security. Die ersten davon sind tats\u00e4chlich bereits in Arbeit, und wir werden in den kommenden Wochen detaillierter \u00fcber die \u00c4nderungen des Solution Partner-Status informieren! <\/p>\t\t\t\t\t\t\t\t<\/div>\n\t\t\t\t<\/div>\n\t\t\t\t\t<\/div>\n\t\t<\/div>\n\t\t\t\t\t<\/div>\n\t\t<\/section>\n\t\t\t\t<section class=\"elementor-section elementor-top-section elementor-element elementor-element-0aa8e4c elementor-section-boxed elementor-section-height-default elementor-section-height-default\" data-id=\"0aa8e4c\" data-element_type=\"section\" data-e-type=\"section\">\n\t\t\t\t\t\t<div class=\"elementor-container elementor-column-gap-default\">\n\t\t\t\t\t<div class=\"elementor-column elementor-col-100 elementor-top-column elementor-element elementor-element-bfb292c\" data-id=\"bfb292c\" data-element_type=\"column\" data-e-type=\"column\">\n\t\t\t<div class=\"elementor-widget-wrap elementor-element-populated\">\n\t\t\t\t\t\t<div class=\"elementor-element elementor-element-656f717 elementor-widget elementor-widget-heading\" data-id=\"656f717\" data-element_type=\"widget\" data-e-type=\"widget\" data-widget_type=\"heading.default\">\n\t\t\t\t<div class=\"elementor-widget-container\">\n\t\t\t\t\t<h2 class=\"elementor-heading-title elementor-size-default\">Unsere Kunden im Mittelpunkt<\/h2>\t\t\t\t<\/div>\n\t\t\t\t<\/div>\n\t\t\t\t\t<\/div>\n\t\t<\/div>\n\t\t\t\t\t<\/div>\n\t\t<\/section>\n\t\t\t\t<section class=\"elementor-section elementor-top-section elementor-element elementor-element-af8d955 elementor-section-boxed elementor-section-height-default elementor-section-height-default\" data-id=\"af8d955\" data-element_type=\"section\" data-e-type=\"section\">\n\t\t\t\t\t\t<div class=\"elementor-container elementor-column-gap-default\">\n\t\t\t\t\t<div class=\"elementor-column elementor-col-100 elementor-top-column elementor-element elementor-element-0673479\" data-id=\"0673479\" data-element_type=\"column\" data-e-type=\"column\">\n\t\t\t<div class=\"elementor-widget-wrap elementor-element-populated\">\n\t\t\t\t\t\t<div class=\"elementor-element elementor-element-a8ed158 elementor-widget elementor-widget-text-editor\" data-id=\"a8ed158\" data-element_type=\"widget\" data-e-type=\"widget\" data-widget_type=\"text-editor.default\">\n\t\t\t\t<div class=\"elementor-widget-container\">\n\t\t\t\t\t\t\t\t\t<p>W\u00e4hrend das erste Jahr dem Aufbau unseres Gesch\u00e4fts und der Produktentwicklung unserer Managed Cloud Services gewidmet war (und teilweise etwas zu schnell verlief) \u2013 starteten wir ins neue Jahr, indem wir eine Strategie zur Unterst\u00fctzung eines planvollen Vorgehens entwickelten. Zur Umsetzung der Strategie und zur Unterst\u00fctzung des Wachstums haben wir das OKR-Managementmodell (Objects &amp; Key-Results) eingef\u00fchrt. Wir sind noch ein kleines Unternehmen \u2013 das Unternehmen wuchs im Herbst planm\u00e4\u00dfig auf die Gr\u00f6\u00dfe von vier &#8218;Consiglieri&#8216;. Doch da wir in diesem Jahr weiterhin strategisch wachsen, insbesondere um Ihre IT-Abteilungen besser zu unterst\u00fctzen \u2013 war es klar, dass wir von Anfang an unser eigenes Arbeitsmodell so gestalten, dass es die Umsetzung unserer Strategie f\u00f6rdert.   <\/p><p>Im Mittelpunkt unserer Strategie stehen Sie \u2013 unsere Kunden. Unsere Aufgabe ist es weiterhin, Sie, die IT-Verantwortlichen, zu dem gesch\u00e4tzten &#8218;Don&#8216; zu machen und selbst der bescheidene &#8218;Consigliere&#8216; zu sein, der Ihnen hilft, die Gesch\u00e4ftsziele Ihrer Organisation zu verwirklichen. Dabei unterst\u00fctzen Sie unsere verschiedenen Interim- und Managed Cloud Services, die Ihnen als Ressource dienen.  <\/p><p>Als Gesch\u00e4ftsf\u00fchrer nehme ich dieses Jahr daher mit Freude entgegen, denn Above IT Oy ist mit noch klarerer Planung und systematischerem Vorgehen ins neue Jahr gestartet. M\u00f6ge dieses Jahr besser werden \u2013 besonders f\u00fcr Sie, unsere Kunden. Und hoffentlich wird sich der Markt f\u00fcr alle bald wieder erholen und einen neuen Aufschwung erleben!  <\/p><p><strong>Noch einmal also: Alles Gute zum Valentinstag!<\/strong><\/p>\t\t\t\t\t\t\t\t<\/div>\n\t\t\t\t<\/div>\n\t\t\t\t\t<\/div>\n\t\t<\/div>\n\t\t\t\t\t<\/div>\n\t\t<\/section>\n\t\t\t\t<section class=\"elementor-section elementor-top-section elementor-element elementor-element-056db14 elementor-section-boxed elementor-section-height-default elementor-section-height-default\" data-id=\"056db14\" data-element_type=\"section\" data-e-type=\"section\">\n\t\t\t\t\t\t<div class=\"elementor-container elementor-column-gap-default\">\n\t\t\t\t\t<div class=\"elementor-column elementor-col-100 elementor-top-column elementor-element elementor-element-f383442\" data-id=\"f383442\" data-element_type=\"column\" data-e-type=\"column\">\n\t\t\t<div class=\"elementor-widget-wrap elementor-element-populated\">\n\t\t\t\t\t\t<div class=\"elementor-element elementor-element-8727e5f elementor-widget elementor-widget-text-editor\" data-id=\"8727e5f\" data-element_type=\"widget\" data-e-type=\"widget\" data-widget_type=\"text-editor.default\">\n\t\t\t\t<div class=\"elementor-widget-container\">\n\t\t\t\t\t\t\t\t\t<p>Mit freundlichen Gr\u00fc\u00dfen,<\/p><p><img decoding=\"async\" class=\"alignnone size-medium wp-image-750\" src=\"https:\/\/aboveit.fi\/wp-content\/uploads\/2024\/02\/signature-e1707285301279-300x77.png\" alt=\"\" width=\"300\" height=\"77\" srcset=\"https:\/\/aboveit.fi\/wp-content\/uploads\/2024\/02\/signature-e1707285301279-300x77.png 300w, https:\/\/aboveit.fi\/wp-content\/uploads\/2024\/02\/signature-e1707285301279.png 385w\" sizes=\"(max-width: 300px) 100vw, 300px\" \/><\/p><p>Consigliere, CEO, Mitbegr\u00fcnder<br>Above IT Oy<\/p>\t\t\t\t\t\t\t\t<\/div>\n\t\t\t\t<\/div>\n\t\t\t\t\t<\/div>\n\t\t<\/div>\n\t\t\t\t\t<\/div>\n\t\t<\/section>\n\t\t\t\t<section class=\"elementor-section elementor-top-section elementor-element elementor-element-10900e4 elementor-section-boxed elementor-section-height-default elementor-section-height-default\" data-id=\"10900e4\" data-element_type=\"section\" data-e-type=\"section\">\n\t\t\t\t\t\t<div class=\"elementor-container elementor-column-gap-default\">\n\t\t\t\t\t<div class=\"elementor-column elementor-col-100 elementor-top-column elementor-element elementor-element-c9d27a7\" data-id=\"c9d27a7\" data-element_type=\"column\" data-e-type=\"column\">\n\t\t\t<div class=\"elementor-widget-wrap elementor-element-populated\">\n\t\t\t\t\t\t<div class=\"elementor-element elementor-element-cab5344 elementor-widget elementor-widget-text-editor\" data-id=\"cab5344\" data-element_type=\"widget\" data-e-type=\"widget\" data-widget_type=\"text-editor.default\">\n\t\t\t\t<div class=\"elementor-widget-container\">\n\t\t\t\t\t\t\t\t\t<p><em>Above IT Oy ist ein Partner und eine Ressource f\u00fcr IT-Abteilungen. F\u00fcr unsere Kunden ist Technologie der Treibstoff des Gesch\u00e4fts. Die Sorgen von IT-Abteilungen \u00e4hneln typischerweise denen der Mafia-Bosse von einst, die schon damals ihren eigenen &#8218;Consigliere&#8216; hatten. Als Ihre rechte Hand sorgt der &#8218;Consigliere&#8216; f\u00fcr die Funktionalit\u00e4t und Kontinuit\u00e4t des Gesch\u00e4fts und hebt Ihre IT-Abteilung in die Position, in der sie in den Augen des Gesch\u00e4ftsbetriebs der Organisation immer h\u00e4tte sein sollen!   <\/em><\/p>\t\t\t\t\t\t\t\t<\/div>\n\t\t\t\t<\/div>\n\t\t\t\t\t<\/div>\n\t\t<\/div>\n\t\t\t\t\t<\/div>\n\t\t<\/section>\n\t\t\t\t<\/div>\n\t\t","protected":false},"excerpt":{"rendered":"<p>Alles Gute zum Valentinstag! Above IT Oy feiert heute, denn heute ist auch unser offizieller Geburtstag! So verging unser erstes Jahr der Above IT-Geschichte wie im Flug. Das erste Jahr war voller Dynamik und herausfordernder Situationen \u2013 aber auch voller Erfolge. Above IT Oy hat sich als Partner f\u00fcr IT-Abteilungen etabliert. Doch wie sieht das [&hellip;]<\/p>\n","protected":false},"author":3,"featured_media":9635,"comment_status":"closed","ping_status":"open","sticky":false,"template":"","format":"standard","meta":{"content-type":"","inline_featured_image":false,"footnotes":""},"categories":[265,267,266,264],"tags":[268,437],"class_list":["post-9634","post","type-post","status-publish","format-standard","has-post-thumbnail","hentry","category-above-it","category-allgemein","category-management","category-nachrichten","tag-aboveit","tag-valentinstag"],"yoast_head":"<!-- This site is optimized with the Yoast SEO plugin v27.5 - https:\/\/yoast.com\/product\/yoast-seo-wordpress\/ -->\n<title>Alles Gute zum Valentinstag! - Above IT Oy<\/title>\n<meta name=\"description\" content=\"Alles Gute zum Valentinstag! Above IT feiert heute sein ehrenwertes einj\u00e4hriges Bestehen! Juhas Blog wirft einen Blick zur\u00fcck auf das vergangene Jahr und voraus auf die Zukunft!\" \/>\n<meta name=\"robots\" content=\"index, follow, max-snippet:-1, max-image-preview:large, max-video-preview:-1\" \/>\n<link rel=\"canonical\" href=\"https:\/\/aboveit.fi\/de\/alles-gute-zum-valentinstag-2\/\" \/>\n<meta property=\"og:locale\" content=\"de_DE\" \/>\n<meta property=\"og:type\" content=\"article\" \/>\n<meta property=\"og:title\" content=\"Alles Gute zum Valentinstag! - Above IT Oy\" \/>\n<meta property=\"og:description\" content=\"Alles Gute zum Valentinstag! Above IT feiert heute sein ehrenwertes einj\u00e4hriges Bestehen! Juhas Blog wirft einen Blick zur\u00fcck auf das vergangene Jahr und voraus auf die Zukunft!\" \/>\n<meta property=\"og:url\" content=\"https:\/\/aboveit.fi\/de\/alles-gute-zum-valentinstag-2\/\" \/>\n<meta property=\"og:site_name\" content=\"Above IT Oy\" \/>\n<meta property=\"article:publisher\" content=\"https:\/\/www.facebook.com\/aboveitfi\" \/>\n<meta property=\"article:published_time\" content=\"2025-02-14T07:00:00+00:00\" \/>\n<meta property=\"article:modified_time\" content=\"2025-11-27T12:04:45+00:00\" \/>\n<meta property=\"og:image\" content=\"https:\/\/aboveit.fi\/wp-content\/uploads\/2025\/02\/AboveIT-70.jpg\" \/>\n\t<meta property=\"og:image:width\" content=\"1920\" \/>\n\t<meta property=\"og:image:height\" content=\"1280\" \/>\n\t<meta property=\"og:image:type\" content=\"image\/jpeg\" \/>\n<meta name=\"author\" content=\"Juha Kari\" \/>\n<meta name=\"twitter:card\" content=\"summary_large_image\" \/>\n<meta name=\"twitter:label1\" content=\"Verfasst von\" \/>\n\t<meta name=\"twitter:data1\" content=\"Juha Kari\" \/>\n\t<meta name=\"twitter:label2\" content=\"Gesch\u00e4tzte Lesezeit\" \/>\n\t<meta name=\"twitter:data2\" content=\"4\u00a0Minuten\" \/>\n<script type=\"application\/ld+json\" class=\"yoast-schema-graph\">{\"@context\":\"https:\\\/\\\/schema.org\",\"@graph\":[{\"@type\":\"Article\",\"@id\":\"https:\\\/\\\/aboveit.fi\\\/de\\\/alles-gute-zum-valentinstag-2\\\/#article\",\"isPartOf\":{\"@id\":\"https:\\\/\\\/aboveit.fi\\\/de\\\/alles-gute-zum-valentinstag-2\\\/\"},\"author\":{\"name\":\"Juha Kari\",\"@id\":\"https:\\\/\\\/aboveit.fi\\\/de\\\/#\\\/schema\\\/person\\\/8b6b16ca2927e8021cd0a2fc2a09ce5d\"},\"headline\":\"Alles Gute zum Valentinstag!\",\"datePublished\":\"2025-02-14T07:00:00+00:00\",\"dateModified\":\"2025-11-27T12:04:45+00:00\",\"mainEntityOfPage\":{\"@id\":\"https:\\\/\\\/aboveit.fi\\\/de\\\/alles-gute-zum-valentinstag-2\\\/\"},\"wordCount\":849,\"publisher\":{\"@id\":\"https:\\\/\\\/aboveit.fi\\\/de\\\/#organization\"},\"image\":{\"@id\":\"https:\\\/\\\/aboveit.fi\\\/de\\\/alles-gute-zum-valentinstag-2\\\/#primaryimage\"},\"thumbnailUrl\":\"https:\\\/\\\/aboveit.fi\\\/wp-content\\\/uploads\\\/2025\\\/02\\\/AboveIT-70.jpg\",\"keywords\":[\"aboveit\",\"Valentinstag\"],\"articleSection\":{\"0\":\"Above IT\",\"2\":\"Management\",\"3\":\"Nachrichten\"},\"inLanguage\":\"de\"},{\"@type\":\"WebPage\",\"@id\":\"https:\\\/\\\/aboveit.fi\\\/de\\\/alles-gute-zum-valentinstag-2\\\/\",\"url\":\"https:\\\/\\\/aboveit.fi\\\/de\\\/alles-gute-zum-valentinstag-2\\\/\",\"name\":\"Alles Gute zum Valentinstag! - Above IT Oy\",\"isPartOf\":{\"@id\":\"https:\\\/\\\/aboveit.fi\\\/de\\\/#website\"},\"primaryImageOfPage\":{\"@id\":\"https:\\\/\\\/aboveit.fi\\\/de\\\/alles-gute-zum-valentinstag-2\\\/#primaryimage\"},\"image\":{\"@id\":\"https:\\\/\\\/aboveit.fi\\\/de\\\/alles-gute-zum-valentinstag-2\\\/#primaryimage\"},\"thumbnailUrl\":\"https:\\\/\\\/aboveit.fi\\\/wp-content\\\/uploads\\\/2025\\\/02\\\/AboveIT-70.jpg\",\"datePublished\":\"2025-02-14T07:00:00+00:00\",\"dateModified\":\"2025-11-27T12:04:45+00:00\",\"description\":\"Alles Gute zum Valentinstag! Above IT feiert heute sein ehrenwertes einj\u00e4hriges Bestehen! Juhas Blog wirft einen Blick zur\u00fcck auf das vergangene Jahr und voraus auf die Zukunft!\",\"breadcrumb\":{\"@id\":\"https:\\\/\\\/aboveit.fi\\\/de\\\/alles-gute-zum-valentinstag-2\\\/#breadcrumb\"},\"inLanguage\":\"de\",\"potentialAction\":[{\"@type\":\"ReadAction\",\"target\":[\"https:\\\/\\\/aboveit.fi\\\/de\\\/alles-gute-zum-valentinstag-2\\\/\"]}]},{\"@type\":\"ImageObject\",\"inLanguage\":\"de\",\"@id\":\"https:\\\/\\\/aboveit.fi\\\/de\\\/alles-gute-zum-valentinstag-2\\\/#primaryimage\",\"url\":\"https:\\\/\\\/aboveit.fi\\\/wp-content\\\/uploads\\\/2025\\\/02\\\/AboveIT-70.jpg\",\"contentUrl\":\"https:\\\/\\\/aboveit.fi\\\/wp-content\\\/uploads\\\/2025\\\/02\\\/AboveIT-70.jpg\",\"width\":1920,\"height\":1280},{\"@type\":\"BreadcrumbList\",\"@id\":\"https:\\\/\\\/aboveit.fi\\\/de\\\/alles-gute-zum-valentinstag-2\\\/#breadcrumb\",\"itemListElement\":[{\"@type\":\"ListItem\",\"position\":1,\"name\":\"Etusivu\",\"item\":\"https:\\\/\\\/aboveit.fi\\\/de\\\/\"},{\"@type\":\"ListItem\",\"position\":2,\"name\":\"Alles Gute zum Valentinstag!\"}]},{\"@type\":\"WebSite\",\"@id\":\"https:\\\/\\\/aboveit.fi\\\/de\\\/#website\",\"url\":\"https:\\\/\\\/aboveit.fi\\\/de\\\/\",\"name\":\"We Are Above IT\",\"description\":\"Tietohallinnon voimavarakumppani\",\"publisher\":{\"@id\":\"https:\\\/\\\/aboveit.fi\\\/de\\\/#organization\"},\"potentialAction\":[{\"@type\":\"SearchAction\",\"target\":{\"@type\":\"EntryPoint\",\"urlTemplate\":\"https:\\\/\\\/aboveit.fi\\\/de\\\/?s={search_term_string}\"},\"query-input\":{\"@type\":\"PropertyValueSpecification\",\"valueRequired\":true,\"valueName\":\"search_term_string\"}}],\"inLanguage\":\"de\"},{\"@type\":\"Organization\",\"@id\":\"https:\\\/\\\/aboveit.fi\\\/de\\\/#organization\",\"name\":\"Above IT Oy\",\"url\":\"https:\\\/\\\/aboveit.fi\\\/de\\\/\",\"logo\":{\"@type\":\"ImageObject\",\"inLanguage\":\"de\",\"@id\":\"https:\\\/\\\/aboveit.fi\\\/de\\\/#\\\/schema\\\/logo\\\/image\\\/\",\"url\":\"https:\\\/\\\/aboveit.fi\\\/wp-content\\\/uploads\\\/2024\\\/10\\\/aboveIT-logo.png\",\"contentUrl\":\"https:\\\/\\\/aboveit.fi\\\/wp-content\\\/uploads\\\/2024\\\/10\\\/aboveIT-logo.png\",\"width\":1613,\"height\":383,\"caption\":\"Above IT Oy\"},\"image\":{\"@id\":\"https:\\\/\\\/aboveit.fi\\\/de\\\/#\\\/schema\\\/logo\\\/image\\\/\"},\"sameAs\":[\"https:\\\/\\\/www.facebook.com\\\/aboveitfi\",\"https:\\\/\\\/www.linkedin.com\\\/company\\\/aboveitfi\",\"https:\\\/\\\/instagram.com\\\/aboveitfi\"]},{\"@type\":\"Person\",\"@id\":\"https:\\\/\\\/aboveit.fi\\\/de\\\/#\\\/schema\\\/person\\\/8b6b16ca2927e8021cd0a2fc2a09ce5d\",\"name\":\"Juha Kari\",\"image\":{\"@type\":\"ImageObject\",\"inLanguage\":\"de\",\"@id\":\"https:\\\/\\\/secure.gravatar.com\\\/avatar\\\/3673353ef8de813771f6c6e6251f2a017a8167d2b4f9e43ac0692cc89ce69aeb?s=96&d=mm&r=g\",\"url\":\"https:\\\/\\\/secure.gravatar.com\\\/avatar\\\/3673353ef8de813771f6c6e6251f2a017a8167d2b4f9e43ac0692cc89ce69aeb?s=96&d=mm&r=g\",\"contentUrl\":\"https:\\\/\\\/secure.gravatar.com\\\/avatar\\\/3673353ef8de813771f6c6e6251f2a017a8167d2b4f9e43ac0692cc89ce69aeb?s=96&d=mm&r=g\",\"caption\":\"Juha Kari\"},\"sameAs\":[\"https:\\\/\\\/aboveit.fi\"],\"url\":\"https:\\\/\\\/aboveit.fi\\\/de\\\/author\\\/juha-kariaboveit-fi\\\/\"}]}<\/script>\n<!-- \/ Yoast SEO plugin. -->","yoast_head_json":{"title":"Alles Gute zum Valentinstag! - Above IT Oy","description":"Alles Gute zum Valentinstag! Above IT feiert heute sein ehrenwertes einj\u00e4hriges Bestehen! Juhas Blog wirft einen Blick zur\u00fcck auf das vergangene Jahr und voraus auf die Zukunft!","robots":{"index":"index","follow":"follow","max-snippet":"max-snippet:-1","max-image-preview":"max-image-preview:large","max-video-preview":"max-video-preview:-1"},"canonical":"https:\/\/aboveit.fi\/de\/alles-gute-zum-valentinstag-2\/","og_locale":"de_DE","og_type":"article","og_title":"Alles Gute zum Valentinstag! - Above IT Oy","og_description":"Alles Gute zum Valentinstag! Above IT feiert heute sein ehrenwertes einj\u00e4hriges Bestehen! Juhas Blog wirft einen Blick zur\u00fcck auf das vergangene Jahr und voraus auf die Zukunft!","og_url":"https:\/\/aboveit.fi\/de\/alles-gute-zum-valentinstag-2\/","og_site_name":"Above IT Oy","article_publisher":"https:\/\/www.facebook.com\/aboveitfi","article_published_time":"2025-02-14T07:00:00+00:00","article_modified_time":"2025-11-27T12:04:45+00:00","og_image":[{"width":1920,"height":1280,"url":"https:\/\/aboveit.fi\/wp-content\/uploads\/2025\/02\/AboveIT-70.jpg","type":"image\/jpeg"}],"author":"Juha Kari","twitter_card":"summary_large_image","twitter_misc":{"Verfasst von":"Juha Kari","Gesch\u00e4tzte Lesezeit":"4\u00a0Minuten"},"schema":{"@context":"https:\/\/schema.org","@graph":[{"@type":"Article","@id":"https:\/\/aboveit.fi\/de\/alles-gute-zum-valentinstag-2\/#article","isPartOf":{"@id":"https:\/\/aboveit.fi\/de\/alles-gute-zum-valentinstag-2\/"},"author":{"name":"Juha Kari","@id":"https:\/\/aboveit.fi\/de\/#\/schema\/person\/8b6b16ca2927e8021cd0a2fc2a09ce5d"},"headline":"Alles Gute zum Valentinstag!","datePublished":"2025-02-14T07:00:00+00:00","dateModified":"2025-11-27T12:04:45+00:00","mainEntityOfPage":{"@id":"https:\/\/aboveit.fi\/de\/alles-gute-zum-valentinstag-2\/"},"wordCount":849,"publisher":{"@id":"https:\/\/aboveit.fi\/de\/#organization"},"image":{"@id":"https:\/\/aboveit.fi\/de\/alles-gute-zum-valentinstag-2\/#primaryimage"},"thumbnailUrl":"https:\/\/aboveit.fi\/wp-content\/uploads\/2025\/02\/AboveIT-70.jpg","keywords":["aboveit","Valentinstag"],"articleSection":{"0":"Above IT","2":"Management","3":"Nachrichten"},"inLanguage":"de"},{"@type":"WebPage","@id":"https:\/\/aboveit.fi\/de\/alles-gute-zum-valentinstag-2\/","url":"https:\/\/aboveit.fi\/de\/alles-gute-zum-valentinstag-2\/","name":"Alles Gute zum Valentinstag! - Above IT Oy","isPartOf":{"@id":"https:\/\/aboveit.fi\/de\/#website"},"primaryImageOfPage":{"@id":"https:\/\/aboveit.fi\/de\/alles-gute-zum-valentinstag-2\/#primaryimage"},"image":{"@id":"https:\/\/aboveit.fi\/de\/alles-gute-zum-valentinstag-2\/#primaryimage"},"thumbnailUrl":"https:\/\/aboveit.fi\/wp-content\/uploads\/2025\/02\/AboveIT-70.jpg","datePublished":"2025-02-14T07:00:00+00:00","dateModified":"2025-11-27T12:04:45+00:00","description":"Alles Gute zum Valentinstag! Above IT feiert heute sein ehrenwertes einj\u00e4hriges Bestehen! Juhas Blog wirft einen Blick zur\u00fcck auf das vergangene Jahr und voraus auf die Zukunft!","breadcrumb":{"@id":"https:\/\/aboveit.fi\/de\/alles-gute-zum-valentinstag-2\/#breadcrumb"},"inLanguage":"de","potentialAction":[{"@type":"ReadAction","target":["https:\/\/aboveit.fi\/de\/alles-gute-zum-valentinstag-2\/"]}]},{"@type":"ImageObject","inLanguage":"de","@id":"https:\/\/aboveit.fi\/de\/alles-gute-zum-valentinstag-2\/#primaryimage","url":"https:\/\/aboveit.fi\/wp-content\/uploads\/2025\/02\/AboveIT-70.jpg","contentUrl":"https:\/\/aboveit.fi\/wp-content\/uploads\/2025\/02\/AboveIT-70.jpg","width":1920,"height":1280},{"@type":"BreadcrumbList","@id":"https:\/\/aboveit.fi\/de\/alles-gute-zum-valentinstag-2\/#breadcrumb","itemListElement":[{"@type":"ListItem","position":1,"name":"Etusivu","item":"https:\/\/aboveit.fi\/de\/"},{"@type":"ListItem","position":2,"name":"Alles Gute zum Valentinstag!"}]},{"@type":"WebSite","@id":"https:\/\/aboveit.fi\/de\/#website","url":"https:\/\/aboveit.fi\/de\/","name":"We Are Above IT","description":"Tietohallinnon voimavarakumppani","publisher":{"@id":"https:\/\/aboveit.fi\/de\/#organization"},"potentialAction":[{"@type":"SearchAction","target":{"@type":"EntryPoint","urlTemplate":"https:\/\/aboveit.fi\/de\/?s={search_term_string}"},"query-input":{"@type":"PropertyValueSpecification","valueRequired":true,"valueName":"search_term_string"}}],"inLanguage":"de"},{"@type":"Organization","@id":"https:\/\/aboveit.fi\/de\/#organization","name":"Above IT Oy","url":"https:\/\/aboveit.fi\/de\/","logo":{"@type":"ImageObject","inLanguage":"de","@id":"https:\/\/aboveit.fi\/de\/#\/schema\/logo\/image\/","url":"https:\/\/aboveit.fi\/wp-content\/uploads\/2024\/10\/aboveIT-logo.png","contentUrl":"https:\/\/aboveit.fi\/wp-content\/uploads\/2024\/10\/aboveIT-logo.png","width":1613,"height":383,"caption":"Above IT Oy"},"image":{"@id":"https:\/\/aboveit.fi\/de\/#\/schema\/logo\/image\/"},"sameAs":["https:\/\/www.facebook.com\/aboveitfi","https:\/\/www.linkedin.com\/company\/aboveitfi","https:\/\/instagram.com\/aboveitfi"]},{"@type":"Person","@id":"https:\/\/aboveit.fi\/de\/#\/schema\/person\/8b6b16ca2927e8021cd0a2fc2a09ce5d","name":"Juha Kari","image":{"@type":"ImageObject","inLanguage":"de","@id":"https:\/\/secure.gravatar.com\/avatar\/3673353ef8de813771f6c6e6251f2a017a8167d2b4f9e43ac0692cc89ce69aeb?s=96&d=mm&r=g","url":"https:\/\/secure.gravatar.com\/avatar\/3673353ef8de813771f6c6e6251f2a017a8167d2b4f9e43ac0692cc89ce69aeb?s=96&d=mm&r=g","contentUrl":"https:\/\/secure.gravatar.com\/avatar\/3673353ef8de813771f6c6e6251f2a017a8167d2b4f9e43ac0692cc89ce69aeb?s=96&d=mm&r=g","caption":"Juha Kari"},"sameAs":["https:\/\/aboveit.fi"],"url":"https:\/\/aboveit.fi\/de\/author\/juha-kariaboveit-fi\/"}]}},"_links":{"self":[{"href":"https:\/\/aboveit.fi\/de\/wp-json\/wp\/v2\/posts\/9634","targetHints":{"allow":["GET"]}}],"collection":[{"href":"https:\/\/aboveit.fi\/de\/wp-json\/wp\/v2\/posts"}],"about":[{"href":"https:\/\/aboveit.fi\/de\/wp-json\/wp\/v2\/types\/post"}],"author":[{"embeddable":true,"href":"https:\/\/aboveit.fi\/de\/wp-json\/wp\/v2\/users\/3"}],"replies":[{"embeddable":true,"href":"https:\/\/aboveit.fi\/de\/wp-json\/wp\/v2\/comments?post=9634"}],"version-history":[{"count":1,"href":"https:\/\/aboveit.fi\/de\/wp-json\/wp\/v2\/posts\/9634\/revisions"}],"predecessor-version":[{"id":9637,"href":"https:\/\/aboveit.fi\/de\/wp-json\/wp\/v2\/posts\/9634\/revisions\/9637"}],"wp:featuredmedia":[{"embeddable":true,"href":"https:\/\/aboveit.fi\/de\/wp-json\/wp\/v2\/media\/9635"}],"wp:attachment":[{"href":"https:\/\/aboveit.fi\/de\/wp-json\/wp\/v2\/media?parent=9634"}],"wp:term":[{"taxonomy":"category","embeddable":true,"href":"https:\/\/aboveit.fi\/de\/wp-json\/wp\/v2\/categories?post=9634"},{"taxonomy":"post_tag","embeddable":true,"href":"https:\/\/aboveit.fi\/de\/wp-json\/wp\/v2\/tags?post=9634"}],"curies":[{"name":"wp","href":"https:\/\/api.w.org\/{rel}","templated":true}]}}