{"id":9620,"date":"2025-02-07T10:34:54","date_gmt":"2025-02-07T08:34:54","guid":{"rendered":"https:\/\/aboveit.fi\/aufzeichnung-azure-local-webinar\/"},"modified":"2025-11-27T14:04:45","modified_gmt":"2025-11-27T12:04:45","slug":"aufzeichnung-azure-local-webinar","status":"publish","type":"post","link":"https:\/\/aboveit.fi\/de\/aufzeichnung-azure-local-webinar\/","title":{"rendered":"Aufzeichnung: Azure Local Webinar"},"content":{"rendered":"\t\t<div data-elementor-type=\"wp-post\" data-elementor-id=\"9620\" class=\"elementor elementor-9620 elementor-4798\" data-elementor-post-type=\"post\">\n\t\t\t\t\t\t<section class=\"elementor-section elementor-top-section elementor-element elementor-element-969d0b0 elementor-section-boxed elementor-section-height-default elementor-section-height-default\" data-id=\"969d0b0\" data-element_type=\"section\" data-e-type=\"section\">\n\t\t\t\t\t\t<div class=\"elementor-container elementor-column-gap-default\">\n\t\t\t\t\t<div class=\"elementor-column elementor-col-100 elementor-top-column elementor-element elementor-element-462aa62\" data-id=\"462aa62\" data-element_type=\"column\" data-e-type=\"column\">\n\t\t\t<div class=\"elementor-widget-wrap elementor-element-populated\">\n\t\t\t\t\t\t<div class=\"elementor-element elementor-element-ea8adac elementor-widget elementor-widget-text-editor\" data-id=\"ea8adac\" data-element_type=\"widget\" data-e-type=\"widget\" data-widget_type=\"text-editor.default\">\n\t\t\t\t<div class=\"elementor-widget-container\">\n\t\t\t\t\t\t\t\t\t<p><em>Aufzeichnung: Azure Local Webinar \u2013 Wir haben am 06.02.2025 ein Webinar zur Microsoft Azure Local Technologie sowie zu HPE Servern und Dienstleistungen veranstaltet. Das Thema zog eine gute Anzahl von Zuh\u00f6rern an. Haben Sie das Webinar verpasst? Keine Sorge, Sie sind jetzt genau auf der richtigen Seite. Lesen Sie weiter.    <\/em><\/p>\t\t\t\t\t\t\t\t<\/div>\n\t\t\t\t<\/div>\n\t\t\t\t\t<\/div>\n\t\t<\/div>\n\t\t\t\t\t<\/div>\n\t\t<\/section>\n\t\t\t\t<section class=\"elementor-section elementor-top-section elementor-element elementor-element-761b42a elementor-section-boxed elementor-section-height-default elementor-section-height-default\" data-id=\"761b42a\" data-element_type=\"section\" data-e-type=\"section\">\n\t\t\t\t\t\t<div class=\"elementor-container elementor-column-gap-default\">\n\t\t\t\t\t<div class=\"elementor-column elementor-col-100 elementor-top-column elementor-element elementor-element-657741f\" data-id=\"657741f\" data-element_type=\"column\" data-e-type=\"column\">\n\t\t\t<div class=\"elementor-widget-wrap elementor-element-populated\">\n\t\t\t\t\t\t<div class=\"elementor-element elementor-element-e283046 elementor-widget elementor-widget-heading\" data-id=\"e283046\" data-element_type=\"widget\" data-e-type=\"widget\" data-widget_type=\"heading.default\">\n\t\t\t\t<div class=\"elementor-widget-container\">\n\t\t\t\t\t<h2 class=\"elementor-heading-title elementor-size-default\">Ressourcen der Azure Cloud \u2013 jetzt hybrid in Ihr eigenes Rechenzentrum<\/h2>\t\t\t\t<\/div>\n\t\t\t\t<\/div>\n\t\t\t\t\t<\/div>\n\t\t<\/div>\n\t\t\t\t\t<\/div>\n\t\t<\/section>\n\t\t\t\t<section class=\"elementor-section elementor-top-section elementor-element elementor-element-185e5a72 elementor-section-boxed elementor-section-height-default elementor-section-height-default\" data-id=\"185e5a72\" data-element_type=\"section\" data-e-type=\"section\">\n\t\t\t\t\t\t<div class=\"elementor-container elementor-column-gap-default\">\n\t\t\t\t\t<div class=\"elementor-column elementor-col-100 elementor-top-column elementor-element elementor-element-62d26a1f\" data-id=\"62d26a1f\" data-element_type=\"column\" data-e-type=\"column\">\n\t\t\t<div class=\"elementor-widget-wrap elementor-element-populated\">\n\t\t\t\t\t\t<div class=\"elementor-element elementor-element-76b6f24d elementor-widget elementor-widget-text-editor\" data-id=\"76b6f24d\" data-element_type=\"widget\" data-e-type=\"widget\" data-widget_type=\"text-editor.default\">\n\t\t\t\t<div class=\"elementor-widget-container\">\n\t\t\t\t\t\t\t\t\t<div><p>Erscheint Ihnen die \u00f6ffentliche Azure Cloud weit entfernt? Sind Ihre gesch\u00e4ftlichen Anforderungen so, dass Dienste n\u00e4her oder sogar vollst\u00e4ndig lokal ausgef\u00fchrt werden m\u00fcssen? Suchen Sie nach mehr Flexibilit\u00e4t, Leistung und Sicherheit f\u00fcr Ihre IT-Infrastruktur?  <\/p><p>Microsoft stellte auf der Ignite-Veranstaltung 2024 die Azure Local Technologie vor, die Azure Cloud-Ressourcen noch n\u00e4her bringt \u2013 bis in Ihr eigenes Rechenzentrum. <\/p><\/div><div>H\u00f6ren Sie die Webinar-Aufzeichnung von Above IT und Arrow \u00fcber die Vorteile der Microsoft Azure Local Technologie, die <a href=\"https:\/\/aboveit.fi\/de\/azure-cloud-hybrid-nutzen\/\">Hybrid-Cloud<\/a> und das dadurch erm\u00f6glichte Management sowie \u00fcber Microsofts Virtualisierungstechnologie und Lizenzierungsmodelle. Wir erl\u00e4utern auch, wie die Ger\u00e4te und Dienstleistungen von Hewlett Packard Enterprise in dieses Konzept passen und wie Sie selbst erhebliche Einsparungen bei Ihrer eigenen Virtualisierung erzielen k\u00f6nnen. <\/div><div> <\/div><div>Das Webinar richtete sich an alle, die f\u00fcr die IT-Verwaltung und das Management der IT-Umgebung von Organisationen verantwortlich sind. Hinterlassen Sie daher unten Ihre Kontaktdaten, um die Webinar-Aufzeichnung anzusehen! <\/div>\t\t\t\t\t\t\t\t<\/div>\n\t\t\t\t<\/div>\n\t\t\t\t\t<\/div>\n\t\t<\/div>\n\t\t\t\t\t<\/div>\n\t\t<\/section>\n\t\t\t\t<section class=\"elementor-section elementor-top-section elementor-element elementor-element-1d12bc9 elementor-section-boxed elementor-section-height-default elementor-section-height-default\" data-id=\"1d12bc9\" data-element_type=\"section\" data-e-type=\"section\">\n\t\t\t\t\t\t<div class=\"elementor-container elementor-column-gap-default\">\n\t\t\t\t\t<div class=\"elementor-column elementor-col-100 elementor-top-column elementor-element elementor-element-012721f\" data-id=\"012721f\" data-element_type=\"column\" data-e-type=\"column\">\n\t\t\t<div class=\"elementor-widget-wrap elementor-element-populated\">\n\t\t\t\t\t\t<div class=\"elementor-element elementor-element-0480e14 elementor-button-align-stretch elementor-widget elementor-widget-form\" data-id=\"0480e14\" data-element_type=\"widget\" data-e-type=\"widget\" data-settings=\"{&quot;step_next_label&quot;:&quot;Weiter&quot;,&quot;step_previous_label&quot;:&quot;Zur\\u00fcck&quot;,&quot;button_width&quot;:&quot;100&quot;,&quot;step_type&quot;:&quot;number_text&quot;,&quot;step_icon_shape&quot;:&quot;circle&quot;}\" data-widget_type=\"form.default\">\n\t\t\t\t<div class=\"elementor-widget-container\">\n\t\t\t\t\t\t\t<form class=\"elementor-form\" method=\"post\" id=\"hallintamalli\" name=\"Azure Local Formular\" aria-label=\"Azure Local Formular\">\n\t\t\t<input type=\"hidden\" name=\"post_id\" value=\"9620\"\/>\n\t\t\t<input type=\"hidden\" name=\"form_id\" value=\"0480e14\"\/>\n\t\t\t<input type=\"hidden\" name=\"referer_title\" value=\"Webinar arkistot - Above IT Oy\" \/>\n\n\t\t\t\n\t\t\t<div class=\"elementor-form-fields-wrapper elementor-labels-above\">\n\t\t\t\t\t\t\t\t<div class=\"elementor-field-type-text elementor-field-group elementor-column elementor-field-group-name elementor-col-100 elementor-field-required elementor-mark-required\">\n\t\t\t\t\t\t\t\t\t\t\t\t<label for=\"form-field-name\" class=\"elementor-field-label\">\n\t\t\t\t\t\t\t\tName\t\t\t\t\t\t\t<\/label>\n\t\t\t\t\t\t\t\t\t\t\t\t\t\t<input size=\"1\" type=\"text\" name=\"form_fields[name]\" id=\"form-field-name\" class=\"elementor-field elementor-size-sm  elementor-field-textual\" placeholder=\"Vorname Nachname\" required=\"required\">\n\t\t\t\t\t\t\t\t\t\t\t<\/div>\n\t\t\t\t\t\t\t\t<div class=\"elementor-field-type-text elementor-field-group elementor-column elementor-field-group-field_9b8aaf5 elementor-col-100 elementor-field-required elementor-mark-required\">\n\t\t\t\t\t\t\t\t\t\t\t\t<label for=\"form-field-field_9b8aaf5\" class=\"elementor-field-label\">\n\t\t\t\t\t\t\t\tOrganisation\t\t\t\t\t\t\t<\/label>\n\t\t\t\t\t\t\t\t\t\t\t\t\t\t<input size=\"1\" type=\"text\" name=\"form_fields[field_9b8aaf5]\" id=\"form-field-field_9b8aaf5\" class=\"elementor-field elementor-size-sm  elementor-field-textual\" placeholder=\"Name der Organisation\" required=\"required\">\n\t\t\t\t\t\t\t\t\t\t\t<\/div>\n\t\t\t\t\t\t\t\t<div class=\"elementor-field-type-email elementor-field-group elementor-column elementor-field-group-email elementor-col-100 elementor-field-required elementor-mark-required\">\n\t\t\t\t\t\t\t\t\t\t\t\t<label for=\"form-field-email\" class=\"elementor-field-label\">\n\t\t\t\t\t\t\t\tE-Mail\t\t\t\t\t\t\t<\/label>\n\t\t\t\t\t\t\t\t\t\t\t\t\t\t<input size=\"1\" type=\"email\" name=\"form_fields[email]\" id=\"form-field-email\" class=\"elementor-field elementor-size-sm  elementor-field-textual\" placeholder=\"E-Mail-Adresse\" required=\"required\">\n\t\t\t\t\t\t\t\t\t\t\t<\/div>\n\t\t\t\t\t\t\t\t<div class=\"elementor-field-type-tel elementor-field-group elementor-column elementor-field-group-message elementor-col-100 elementor-field-required elementor-mark-required\">\n\t\t\t\t\t\t\t\t\t\t\t\t<label for=\"form-field-message\" class=\"elementor-field-label\">\n\t\t\t\t\t\t\t\tTelefonnummer\t\t\t\t\t\t\t<\/label>\n\t\t\t\t\t\t\t\t<input size=\"1\" type=\"tel\" name=\"form_fields[message]\" id=\"form-field-message\" class=\"elementor-field elementor-size-sm  elementor-field-textual\" placeholder=\"Telefonnummer\" required=\"required\" pattern=\"[0-9()#&amp;+*-=.]+\" title=\"Nur Nummern oder Telefon-Zeichen (#, -, *, etc) werden akzeptiert.\">\n\n\t\t\t\t\t\t<\/div>\n\t\t\t\t\t\t\t\t<div class=\"elementor-field-group elementor-column elementor-field-type-submit elementor-col-100 e-form__buttons\">\n\t\t\t\t\t<button class=\"elementor-button elementor-size-sm\" type=\"submit\">\n\t\t\t\t\t\t<span class=\"elementor-button-content-wrapper\">\n\t\t\t\t\t\t\t\t\t\t\t\t\t\t\t\t\t\t\t\t\t\t<span class=\"elementor-button-text\">Senden<\/span>\n\t\t\t\t\t\t\t\t\t\t\t\t\t<\/span>\n\t\t\t\t\t<\/button>\n\t\t\t\t<\/div>\n\t\t\t<\/div>\n\t\t<\/form>\n\t\t\t\t\t\t<\/div>\n\t\t\t\t<\/div>\n\t\t\t\t\t<\/div>\n\t\t<\/div>\n\t\t\t\t\t<\/div>\n\t\t<\/section>\n\t\t\t\t<\/div>\n\t\t","protected":false},"excerpt":{"rendered":"<p>Aufzeichnung: Azure Local Webinar \u2013 Wir haben am 06.02.2025 ein Webinar zur Microsoft Azure Local Technologie sowie zu HPE Servern und Dienstleistungen veranstaltet. Das Thema zog eine gute Anzahl von Zuh\u00f6rern an. Haben Sie das Webinar verpasst? Keine Sorge, Sie sind jetzt genau auf der richtigen Seite. Lesen Sie weiter. Ressourcen der Azure Cloud \u2013 [&hellip;]<\/p>\n","protected":false},"author":3,"featured_media":8246,"comment_status":"closed","ping_status":"closed","sticky":false,"template":"","format":"standard","meta":{"content-type":"","inline_featured_image":false,"footnotes":""},"categories":[342,344,346],"tags":[329,311,347],"class_list":["post-9620","post","type-post","status-publish","format-standard","has-post-thumbnail","hentry","category-azure","category-plattformdienste","category-webinar","tag-azure","tag-cloud-management","tag-webinar"],"yoast_head":"<!-- This site is optimized with the Yoast SEO plugin v27.5 - https:\/\/yoast.com\/product\/yoast-seo-wordpress\/ -->\n<title>Aufzeichnung: Azure Local Webinar - Above IT Oy<\/title>\n<meta name=\"description\" content=\"Aufzeichnung: Azure Local Webinar! Wir haben am 06.02.2025 ein Webinar zu dieser Technologie veranstaltet. Falls Sie das Webinar verpasst haben, sehen Sie es sich hier an!\" \/>\n<meta name=\"robots\" content=\"index, follow, max-snippet:-1, max-image-preview:large, max-video-preview:-1\" \/>\n<link rel=\"canonical\" href=\"https:\/\/aboveit.fi\/de\/aufzeichnung-azure-local-webinar\/\" \/>\n<meta property=\"og:locale\" content=\"de_DE\" \/>\n<meta property=\"og:type\" content=\"article\" \/>\n<meta property=\"og:title\" content=\"Aufzeichnung: Azure Local Webinar - Above IT Oy\" \/>\n<meta property=\"og:description\" content=\"Aufzeichnung: Azure Local Webinar! Wir haben am 06.02.2025 ein Webinar zu dieser Technologie veranstaltet. Falls Sie das Webinar verpasst haben, sehen Sie es sich hier an!\" \/>\n<meta property=\"og:url\" content=\"https:\/\/aboveit.fi\/de\/aufzeichnung-azure-local-webinar\/\" \/>\n<meta property=\"og:site_name\" content=\"Above IT Oy\" \/>\n<meta property=\"article:publisher\" content=\"https:\/\/www.facebook.com\/aboveitfi\" \/>\n<meta property=\"article:published_time\" content=\"2025-02-07T08:34:54+00:00\" \/>\n<meta property=\"article:modified_time\" content=\"2025-11-27T12:04:45+00:00\" \/>\n<meta property=\"og:image\" content=\"https:\/\/aboveit.fi\/wp-content\/uploads\/2024\/12\/network-2402637_1280-1-e1734609925526.jpg\" \/>\n\t<meta property=\"og:image:width\" content=\"720\" \/>\n\t<meta property=\"og:image:height\" content=\"720\" \/>\n\t<meta property=\"og:image:type\" content=\"image\/jpeg\" \/>\n<meta name=\"author\" content=\"Juha Kari\" \/>\n<meta name=\"twitter:card\" content=\"summary_large_image\" \/>\n<meta name=\"twitter:label1\" content=\"Verfasst von\" \/>\n\t<meta name=\"twitter:data1\" content=\"Juha Kari\" \/>\n\t<meta name=\"twitter:label2\" content=\"Gesch\u00e4tzte Lesezeit\" \/>\n\t<meta name=\"twitter:data2\" content=\"1\u00a0Minute\" \/>\n<script type=\"application\/ld+json\" class=\"yoast-schema-graph\">{\"@context\":\"https:\\\/\\\/schema.org\",\"@graph\":[{\"@type\":\"Article\",\"@id\":\"https:\\\/\\\/aboveit.fi\\\/de\\\/aufzeichnung-azure-local-webinar\\\/#article\",\"isPartOf\":{\"@id\":\"https:\\\/\\\/aboveit.fi\\\/de\\\/aufzeichnung-azure-local-webinar\\\/\"},\"author\":{\"name\":\"Juha Kari\",\"@id\":\"https:\\\/\\\/aboveit.fi\\\/de\\\/#\\\/schema\\\/person\\\/8b6b16ca2927e8021cd0a2fc2a09ce5d\"},\"headline\":\"Aufzeichnung: Azure Local Webinar\",\"datePublished\":\"2025-02-07T08:34:54+00:00\",\"dateModified\":\"2025-11-27T12:04:45+00:00\",\"mainEntityOfPage\":{\"@id\":\"https:\\\/\\\/aboveit.fi\\\/de\\\/aufzeichnung-azure-local-webinar\\\/\"},\"wordCount\":219,\"publisher\":{\"@id\":\"https:\\\/\\\/aboveit.fi\\\/de\\\/#organization\"},\"image\":{\"@id\":\"https:\\\/\\\/aboveit.fi\\\/de\\\/aufzeichnung-azure-local-webinar\\\/#primaryimage\"},\"thumbnailUrl\":\"https:\\\/\\\/aboveit.fi\\\/wp-content\\\/uploads\\\/2024\\\/12\\\/network-2402637_1280-1-e1734609925526.jpg\",\"keywords\":[\"Azure\",\"Cloud-Management\",\"Webinar\"],\"articleSection\":[\"Azure\",\"Plattformdienste\",\"Webinar\"],\"inLanguage\":\"de\"},{\"@type\":\"WebPage\",\"@id\":\"https:\\\/\\\/aboveit.fi\\\/de\\\/aufzeichnung-azure-local-webinar\\\/\",\"url\":\"https:\\\/\\\/aboveit.fi\\\/de\\\/aufzeichnung-azure-local-webinar\\\/\",\"name\":\"Aufzeichnung: Azure Local Webinar - Above IT Oy\",\"isPartOf\":{\"@id\":\"https:\\\/\\\/aboveit.fi\\\/de\\\/#website\"},\"primaryImageOfPage\":{\"@id\":\"https:\\\/\\\/aboveit.fi\\\/de\\\/aufzeichnung-azure-local-webinar\\\/#primaryimage\"},\"image\":{\"@id\":\"https:\\\/\\\/aboveit.fi\\\/de\\\/aufzeichnung-azure-local-webinar\\\/#primaryimage\"},\"thumbnailUrl\":\"https:\\\/\\\/aboveit.fi\\\/wp-content\\\/uploads\\\/2024\\\/12\\\/network-2402637_1280-1-e1734609925526.jpg\",\"datePublished\":\"2025-02-07T08:34:54+00:00\",\"dateModified\":\"2025-11-27T12:04:45+00:00\",\"description\":\"Aufzeichnung: Azure Local Webinar! Wir haben am 06.02.2025 ein Webinar zu dieser Technologie veranstaltet. Falls Sie das Webinar verpasst haben, sehen Sie es sich hier an!\",\"breadcrumb\":{\"@id\":\"https:\\\/\\\/aboveit.fi\\\/de\\\/aufzeichnung-azure-local-webinar\\\/#breadcrumb\"},\"inLanguage\":\"de\",\"potentialAction\":[{\"@type\":\"ReadAction\",\"target\":[\"https:\\\/\\\/aboveit.fi\\\/de\\\/aufzeichnung-azure-local-webinar\\\/\"]}]},{\"@type\":\"ImageObject\",\"inLanguage\":\"de\",\"@id\":\"https:\\\/\\\/aboveit.fi\\\/de\\\/aufzeichnung-azure-local-webinar\\\/#primaryimage\",\"url\":\"https:\\\/\\\/aboveit.fi\\\/wp-content\\\/uploads\\\/2024\\\/12\\\/network-2402637_1280-1-e1734609925526.jpg\",\"contentUrl\":\"https:\\\/\\\/aboveit.fi\\\/wp-content\\\/uploads\\\/2024\\\/12\\\/network-2402637_1280-1-e1734609925526.jpg\",\"width\":720,\"height\":720,\"caption\":\"Azure Local Cloud-verwalteter Hybrid\"},{\"@type\":\"BreadcrumbList\",\"@id\":\"https:\\\/\\\/aboveit.fi\\\/de\\\/aufzeichnung-azure-local-webinar\\\/#breadcrumb\",\"itemListElement\":[{\"@type\":\"ListItem\",\"position\":1,\"name\":\"Etusivu\",\"item\":\"https:\\\/\\\/aboveit.fi\\\/de\\\/\"},{\"@type\":\"ListItem\",\"position\":2,\"name\":\"Aufzeichnung: Azure Local Webinar\"}]},{\"@type\":\"WebSite\",\"@id\":\"https:\\\/\\\/aboveit.fi\\\/de\\\/#website\",\"url\":\"https:\\\/\\\/aboveit.fi\\\/de\\\/\",\"name\":\"We Are Above IT\",\"description\":\"Tietohallinnon voimavarakumppani\",\"publisher\":{\"@id\":\"https:\\\/\\\/aboveit.fi\\\/de\\\/#organization\"},\"potentialAction\":[{\"@type\":\"SearchAction\",\"target\":{\"@type\":\"EntryPoint\",\"urlTemplate\":\"https:\\\/\\\/aboveit.fi\\\/de\\\/?s={search_term_string}\"},\"query-input\":{\"@type\":\"PropertyValueSpecification\",\"valueRequired\":true,\"valueName\":\"search_term_string\"}}],\"inLanguage\":\"de\"},{\"@type\":\"Organization\",\"@id\":\"https:\\\/\\\/aboveit.fi\\\/de\\\/#organization\",\"name\":\"Above IT Oy\",\"url\":\"https:\\\/\\\/aboveit.fi\\\/de\\\/\",\"logo\":{\"@type\":\"ImageObject\",\"inLanguage\":\"de\",\"@id\":\"https:\\\/\\\/aboveit.fi\\\/de\\\/#\\\/schema\\\/logo\\\/image\\\/\",\"url\":\"https:\\\/\\\/aboveit.fi\\\/wp-content\\\/uploads\\\/2024\\\/10\\\/aboveIT-logo.png\",\"contentUrl\":\"https:\\\/\\\/aboveit.fi\\\/wp-content\\\/uploads\\\/2024\\\/10\\\/aboveIT-logo.png\",\"width\":1613,\"height\":383,\"caption\":\"Above IT Oy\"},\"image\":{\"@id\":\"https:\\\/\\\/aboveit.fi\\\/de\\\/#\\\/schema\\\/logo\\\/image\\\/\"},\"sameAs\":[\"https:\\\/\\\/www.facebook.com\\\/aboveitfi\",\"https:\\\/\\\/www.linkedin.com\\\/company\\\/aboveitfi\",\"https:\\\/\\\/instagram.com\\\/aboveitfi\"]},{\"@type\":\"Person\",\"@id\":\"https:\\\/\\\/aboveit.fi\\\/de\\\/#\\\/schema\\\/person\\\/8b6b16ca2927e8021cd0a2fc2a09ce5d\",\"name\":\"Juha Kari\",\"image\":{\"@type\":\"ImageObject\",\"inLanguage\":\"de\",\"@id\":\"https:\\\/\\\/secure.gravatar.com\\\/avatar\\\/3673353ef8de813771f6c6e6251f2a017a8167d2b4f9e43ac0692cc89ce69aeb?s=96&d=mm&r=g\",\"url\":\"https:\\\/\\\/secure.gravatar.com\\\/avatar\\\/3673353ef8de813771f6c6e6251f2a017a8167d2b4f9e43ac0692cc89ce69aeb?s=96&d=mm&r=g\",\"contentUrl\":\"https:\\\/\\\/secure.gravatar.com\\\/avatar\\\/3673353ef8de813771f6c6e6251f2a017a8167d2b4f9e43ac0692cc89ce69aeb?s=96&d=mm&r=g\",\"caption\":\"Juha Kari\"},\"sameAs\":[\"https:\\\/\\\/aboveit.fi\"],\"url\":\"https:\\\/\\\/aboveit.fi\\\/de\\\/author\\\/juha-kariaboveit-fi\\\/\"}]}<\/script>\n<!-- \/ Yoast SEO plugin. -->","yoast_head_json":{"title":"Aufzeichnung: Azure Local Webinar - Above IT Oy","description":"Aufzeichnung: Azure Local Webinar! Wir haben am 06.02.2025 ein Webinar zu dieser Technologie veranstaltet. Falls Sie das Webinar verpasst haben, sehen Sie es sich hier an!","robots":{"index":"index","follow":"follow","max-snippet":"max-snippet:-1","max-image-preview":"max-image-preview:large","max-video-preview":"max-video-preview:-1"},"canonical":"https:\/\/aboveit.fi\/de\/aufzeichnung-azure-local-webinar\/","og_locale":"de_DE","og_type":"article","og_title":"Aufzeichnung: Azure Local Webinar - Above IT Oy","og_description":"Aufzeichnung: Azure Local Webinar! Wir haben am 06.02.2025 ein Webinar zu dieser Technologie veranstaltet. Falls Sie das Webinar verpasst haben, sehen Sie es sich hier an!","og_url":"https:\/\/aboveit.fi\/de\/aufzeichnung-azure-local-webinar\/","og_site_name":"Above IT Oy","article_publisher":"https:\/\/www.facebook.com\/aboveitfi","article_published_time":"2025-02-07T08:34:54+00:00","article_modified_time":"2025-11-27T12:04:45+00:00","og_image":[{"width":720,"height":720,"url":"https:\/\/aboveit.fi\/wp-content\/uploads\/2024\/12\/network-2402637_1280-1-e1734609925526.jpg","type":"image\/jpeg"}],"author":"Juha Kari","twitter_card":"summary_large_image","twitter_misc":{"Verfasst von":"Juha Kari","Gesch\u00e4tzte Lesezeit":"1\u00a0Minute"},"schema":{"@context":"https:\/\/schema.org","@graph":[{"@type":"Article","@id":"https:\/\/aboveit.fi\/de\/aufzeichnung-azure-local-webinar\/#article","isPartOf":{"@id":"https:\/\/aboveit.fi\/de\/aufzeichnung-azure-local-webinar\/"},"author":{"name":"Juha Kari","@id":"https:\/\/aboveit.fi\/de\/#\/schema\/person\/8b6b16ca2927e8021cd0a2fc2a09ce5d"},"headline":"Aufzeichnung: Azure Local Webinar","datePublished":"2025-02-07T08:34:54+00:00","dateModified":"2025-11-27T12:04:45+00:00","mainEntityOfPage":{"@id":"https:\/\/aboveit.fi\/de\/aufzeichnung-azure-local-webinar\/"},"wordCount":219,"publisher":{"@id":"https:\/\/aboveit.fi\/de\/#organization"},"image":{"@id":"https:\/\/aboveit.fi\/de\/aufzeichnung-azure-local-webinar\/#primaryimage"},"thumbnailUrl":"https:\/\/aboveit.fi\/wp-content\/uploads\/2024\/12\/network-2402637_1280-1-e1734609925526.jpg","keywords":["Azure","Cloud-Management","Webinar"],"articleSection":["Azure","Plattformdienste","Webinar"],"inLanguage":"de"},{"@type":"WebPage","@id":"https:\/\/aboveit.fi\/de\/aufzeichnung-azure-local-webinar\/","url":"https:\/\/aboveit.fi\/de\/aufzeichnung-azure-local-webinar\/","name":"Aufzeichnung: Azure Local Webinar - Above IT Oy","isPartOf":{"@id":"https:\/\/aboveit.fi\/de\/#website"},"primaryImageOfPage":{"@id":"https:\/\/aboveit.fi\/de\/aufzeichnung-azure-local-webinar\/#primaryimage"},"image":{"@id":"https:\/\/aboveit.fi\/de\/aufzeichnung-azure-local-webinar\/#primaryimage"},"thumbnailUrl":"https:\/\/aboveit.fi\/wp-content\/uploads\/2024\/12\/network-2402637_1280-1-e1734609925526.jpg","datePublished":"2025-02-07T08:34:54+00:00","dateModified":"2025-11-27T12:04:45+00:00","description":"Aufzeichnung: Azure Local Webinar! Wir haben am 06.02.2025 ein Webinar zu dieser Technologie veranstaltet. Falls Sie das Webinar verpasst haben, sehen Sie es sich hier an!","breadcrumb":{"@id":"https:\/\/aboveit.fi\/de\/aufzeichnung-azure-local-webinar\/#breadcrumb"},"inLanguage":"de","potentialAction":[{"@type":"ReadAction","target":["https:\/\/aboveit.fi\/de\/aufzeichnung-azure-local-webinar\/"]}]},{"@type":"ImageObject","inLanguage":"de","@id":"https:\/\/aboveit.fi\/de\/aufzeichnung-azure-local-webinar\/#primaryimage","url":"https:\/\/aboveit.fi\/wp-content\/uploads\/2024\/12\/network-2402637_1280-1-e1734609925526.jpg","contentUrl":"https:\/\/aboveit.fi\/wp-content\/uploads\/2024\/12\/network-2402637_1280-1-e1734609925526.jpg","width":720,"height":720,"caption":"Azure Local Cloud-verwalteter Hybrid"},{"@type":"BreadcrumbList","@id":"https:\/\/aboveit.fi\/de\/aufzeichnung-azure-local-webinar\/#breadcrumb","itemListElement":[{"@type":"ListItem","position":1,"name":"Etusivu","item":"https:\/\/aboveit.fi\/de\/"},{"@type":"ListItem","position":2,"name":"Aufzeichnung: Azure Local Webinar"}]},{"@type":"WebSite","@id":"https:\/\/aboveit.fi\/de\/#website","url":"https:\/\/aboveit.fi\/de\/","name":"We Are Above IT","description":"Tietohallinnon voimavarakumppani","publisher":{"@id":"https:\/\/aboveit.fi\/de\/#organization"},"potentialAction":[{"@type":"SearchAction","target":{"@type":"EntryPoint","urlTemplate":"https:\/\/aboveit.fi\/de\/?s={search_term_string}"},"query-input":{"@type":"PropertyValueSpecification","valueRequired":true,"valueName":"search_term_string"}}],"inLanguage":"de"},{"@type":"Organization","@id":"https:\/\/aboveit.fi\/de\/#organization","name":"Above IT Oy","url":"https:\/\/aboveit.fi\/de\/","logo":{"@type":"ImageObject","inLanguage":"de","@id":"https:\/\/aboveit.fi\/de\/#\/schema\/logo\/image\/","url":"https:\/\/aboveit.fi\/wp-content\/uploads\/2024\/10\/aboveIT-logo.png","contentUrl":"https:\/\/aboveit.fi\/wp-content\/uploads\/2024\/10\/aboveIT-logo.png","width":1613,"height":383,"caption":"Above IT Oy"},"image":{"@id":"https:\/\/aboveit.fi\/de\/#\/schema\/logo\/image\/"},"sameAs":["https:\/\/www.facebook.com\/aboveitfi","https:\/\/www.linkedin.com\/company\/aboveitfi","https:\/\/instagram.com\/aboveitfi"]},{"@type":"Person","@id":"https:\/\/aboveit.fi\/de\/#\/schema\/person\/8b6b16ca2927e8021cd0a2fc2a09ce5d","name":"Juha Kari","image":{"@type":"ImageObject","inLanguage":"de","@id":"https:\/\/secure.gravatar.com\/avatar\/3673353ef8de813771f6c6e6251f2a017a8167d2b4f9e43ac0692cc89ce69aeb?s=96&d=mm&r=g","url":"https:\/\/secure.gravatar.com\/avatar\/3673353ef8de813771f6c6e6251f2a017a8167d2b4f9e43ac0692cc89ce69aeb?s=96&d=mm&r=g","contentUrl":"https:\/\/secure.gravatar.com\/avatar\/3673353ef8de813771f6c6e6251f2a017a8167d2b4f9e43ac0692cc89ce69aeb?s=96&d=mm&r=g","caption":"Juha Kari"},"sameAs":["https:\/\/aboveit.fi"],"url":"https:\/\/aboveit.fi\/de\/author\/juha-kariaboveit-fi\/"}]}},"_links":{"self":[{"href":"https:\/\/aboveit.fi\/de\/wp-json\/wp\/v2\/posts\/9620","targetHints":{"allow":["GET"]}}],"collection":[{"href":"https:\/\/aboveit.fi\/de\/wp-json\/wp\/v2\/posts"}],"about":[{"href":"https:\/\/aboveit.fi\/de\/wp-json\/wp\/v2\/types\/post"}],"author":[{"embeddable":true,"href":"https:\/\/aboveit.fi\/de\/wp-json\/wp\/v2\/users\/3"}],"replies":[{"embeddable":true,"href":"https:\/\/aboveit.fi\/de\/wp-json\/wp\/v2\/comments?post=9620"}],"version-history":[{"count":1,"href":"https:\/\/aboveit.fi\/de\/wp-json\/wp\/v2\/posts\/9620\/revisions"}],"predecessor-version":[{"id":9621,"href":"https:\/\/aboveit.fi\/de\/wp-json\/wp\/v2\/posts\/9620\/revisions\/9621"}],"wp:featuredmedia":[{"embeddable":true,"href":"https:\/\/aboveit.fi\/de\/wp-json\/wp\/v2\/media\/8246"}],"wp:attachment":[{"href":"https:\/\/aboveit.fi\/de\/wp-json\/wp\/v2\/media?parent=9620"}],"wp:term":[{"taxonomy":"category","embeddable":true,"href":"https:\/\/aboveit.fi\/de\/wp-json\/wp\/v2\/categories?post=9620"},{"taxonomy":"post_tag","embeddable":true,"href":"https:\/\/aboveit.fi\/de\/wp-json\/wp\/v2\/tags?post=9620"}],"curies":[{"name":"wp","href":"https:\/\/api.w.org\/{rel}","templated":true}]}}