{"id":9430,"date":"2024-08-22T19:20:33","date_gmt":"2024-08-22T17:20:33","guid":{"rendered":"https:\/\/aboveit.fi\/aufzeichnung-nis2-microsoft-365-webinar\/"},"modified":"2025-11-27T14:04:16","modified_gmt":"2025-11-27T12:04:16","slug":"aufzeichnung-nis2-microsoft-365-webinar","status":"publish","type":"post","link":"https:\/\/aboveit.fi\/de\/aufzeichnung-nis2-microsoft-365-webinar\/","title":{"rendered":"Aufzeichnung: NIS2 &amp; Microsoft 365 Webinar"},"content":{"rendered":"\t\t<div data-elementor-type=\"wp-post\" data-elementor-id=\"9430\" class=\"elementor elementor-9430 elementor-2051\" data-elementor-post-type=\"post\">\n\t\t\t\t\t\t<section class=\"elementor-section elementor-top-section elementor-element elementor-element-160cc28e elementor-section-boxed elementor-section-height-default elementor-section-height-default\" data-id=\"160cc28e\" data-element_type=\"section\" data-e-type=\"section\">\n\t\t\t\t\t\t<div class=\"elementor-container elementor-column-gap-default\">\n\t\t\t\t\t<div class=\"elementor-column elementor-col-100 elementor-top-column elementor-element elementor-element-23139bd7\" data-id=\"23139bd7\" data-element_type=\"column\" data-e-type=\"column\">\n\t\t\t<div class=\"elementor-widget-wrap elementor-element-populated\">\n\t\t\t\t\t\t<div class=\"elementor-element elementor-element-2b2901bb elementor-widget elementor-widget-text-editor\" data-id=\"2b2901bb\" data-element_type=\"widget\" data-e-type=\"widget\" data-widget_type=\"text-editor.default\">\n\t\t\t\t<div class=\"elementor-widget-container\">\n\t\t\t\t\t\t\t\t\t\n<p>Wir haben am Vormittag des 22.08.2024 ein Webinar zur NIS2 EU-Richtlinie und Microsoft 365 Umgebungen veranstaltet. Das Thema zog eine gute Anzahl von Zuh\u00f6rern an. Haben Sie das Webinar verpasst? Keine Sorge, Sie sind n\u00e4mlich jetzt genau auf der richtigen Seite. Lesen Sie weiter.    <\/p>\n\n<div class=\"section-wrapper\" data-id=\"NpvmHk\">\n<section class=\"wp-block-gutenverse-section guten-element guten-section guten-NpvmHk layout-boxed align-stretch\">\n<div class=\"guten-container guten-column-gap-default\">\n<div class=\"wp-block-gutenverse-column guten-element guten-column guten-dhuujp\">\n<div class=\"guten-column-wrapper\" data-id=\"dhuujp\">\n<h3 class=\"wp-block-heading\">Welche Anforderungen die NIS2 EU-Richtlinie f\u00fcr Microsoft 365 Dienste in Organisationen mit sich bringt<\/h3>\n\n<p>Die neue EU-Richtlinie NIS2 zur Cybersicherheit tritt im Oktober mit Ablauf der \u00dcbergangsfrist in Kraft. Welche Anforderungen werden an die Cybersicherheit in der Microsoft 365-Umgebung gestellt und wie hat Above IT Oy seine Cybersicherheit im Hinblick auf die NIS2-Anforderungen angepasst? Und was sollte man generell bei der Microsoft 365-Sicherheit und dem Datenschutz beachten?  <\/p>\n\n<p>Referenten dieses Webinars waren die &#8218;Consiglieri&#8216; und Gr\u00fcnder von Above IT <strong>Mika Hakkarainen<\/strong> und <strong>Juha Kari<\/strong>. Falls Sie das Webinar verpasst haben, f\u00fcllen Sie das untenstehende Formular aus und hinterlassen Sie Ihre Kontaktdaten, dann erhalten Sie per E-Mail einen direkten Link zur Webinar-Aufzeichnung! <\/p>\n\n<p>Und andererseits, warum lange reden? Sollte das Thema in Ihrem Unternehmen aktuell sein und Sie Hilfe ben\u00f6tigen, finden Sie unterhalb des Formulars auch einen Link, \u00fcber den Sie direkt einen Termin in unserem Kalender buchen k\u00f6nnen! <\/p>\n<\/div>\n<\/div>\n<\/div>\n<\/section>\n<\/div>\n<hr class=\"wp-block-separator has-alpha-channel-opacity\">\n<div class=\"section-wrapper\" data-id=\"2cw8B7\">\n<section class=\"wp-block-gutenverse-section guten-element guten-section guten-2cw8B7 layout-boxed align-stretch\">\n<div class=\"guten-container guten-column-gap-default\">\n<div class=\"wp-block-gutenverse-column guten-element guten-column guten-CWslS9 animated guten-element-hide desktop-fadeInLeft\">\n<div class=\"guten-column-wrapper\" data-id=\"CWslS9\"><form class=\"guten-element guten-form-builder guten-TZtAs1\" style=\"display: none;\" data-form-id=\"2054\" data-hide-after=\"true\" data-redirect=\"https:\/\/bit.ly\/nis2tallenne\">\n<div class=\"guten-element guten-form-input-text guten-form-input guten-input-position-top guten-3bX8Ol hide-label hide-helper\">\n<div class=\"label-wrapper\"><span class=\"required-badge\">*<\/span><\/div>\n<div class=\"main-wrapper\"><input class=\"gutenverse-input gutenverse-input-text\" name=\"input-text-name\" type=\"text\" placeholder=\"Name\" data-validation=\"{\"type\":\"text\",\"required\":true,\"validationType\":\"none\",\"validationWarning\":\"Input Invalid\"}\">\n<div class=\"validation-error\">Eingabe ung\u00fcltig<\/div>\n<\/div>\n<\/div>\n\n<div class=\"guten-element guten-form-input-text guten-form-input guten-input-position-top guten-pK01mc hide-label hide-helper\">\n<div class=\"label-wrapper\"><span class=\"required-badge\">*<\/span><\/div>\n<div class=\"main-wrapper\"><input class=\"gutenverse-input gutenverse-input-text\" name=\"input-text-name\" type=\"text\" placeholder=\"Organisation\" data-validation=\"{\"type\":\"text\",\"required\":true,\"validationType\":\"none\",\"validationWarning\":\"Input Invalid\"}\">\n<div class=\"validation-error\">Eingabe ung\u00fcltig<\/div>\n<\/div>\n<\/div>\n\n<div class=\"guten-element guten-form-input-text guten-form-input guten-input-position-top guten-TQrULS hide-label hide-helper\">\n<div class=\"label-wrapper\"><span class=\"required-badge\">*<\/span><\/div>\n<div class=\"main-wrapper\"><input class=\"gutenverse-input gutenverse-input-text\" name=\"input-text-name\" type=\"text\" placeholder=\"Telefonnummer\" data-validation=\"{\"type\":\"text\",\"required\":true,\"validationType\":\"none\",\"validationWarning\":\"Input Invalid\"}\">\n<div class=\"validation-error\">Eingabe ung\u00fcltig<\/div>\n<\/div>\n<\/div>\n\n<div class=\"guten-element guten-form-input-email guten-form-input guten-input-position-top guten-oXyIca hide-label hide-helper\">\n<div class=\"label-wrapper\"><span class=\"required-badge\">*<\/span><\/div>\n<div class=\"main-wrapper\"><input class=\"gutenverse-input gutenverse-input-email\" name=\"input-email\" type=\"email\" placeholder=\"E-Mail\" data-validation=\"{\"type\":\"email\",\"required\":true,\"validationType\":\"none\",\"validationWarning\":\"Input Invalid\"}\">\n<div class=\"validation-error\">Eingabe ung\u00fcltig<\/div>\n<\/div>\n<\/div>\n\n<div class=\"guten-element guten-button-wrapper guten-submit-wrapper guten-8fxoMT\">\n<div class=\"form-notification\"> <\/div>\n<button class=\"guten-button gutenverse-input-submit guten-button-sm\" type=\"submit\">Ich m\u00f6chte die Aufzeichnung!<\/button>\n<div class=\"gutenverse-input-submit-loader\"> <\/div>\n<\/div>\n<\/form><\/div>\n<\/div>\n<\/div>\n<\/section>\n<\/div>\n\t\t\t\t\t\t\t\t<\/div>\n\t\t\t\t<\/div>\n\t\t\t\t\t<\/div>\n\t\t<\/div>\n\t\t\t\t\t<\/div>\n\t\t<\/section>\n\t\t\t\t<section class=\"elementor-section elementor-top-section elementor-element elementor-element-ac2baca elementor-section-boxed elementor-section-height-default elementor-section-height-default\" data-id=\"ac2baca\" data-element_type=\"section\" data-e-type=\"section\">\n\t\t\t\t\t\t<div class=\"elementor-container elementor-column-gap-default\">\n\t\t\t\t\t<div class=\"elementor-column elementor-col-100 elementor-top-column elementor-element elementor-element-a719dfb\" data-id=\"a719dfb\" data-element_type=\"column\" data-e-type=\"column\">\n\t\t\t<div class=\"elementor-widget-wrap elementor-element-populated\">\n\t\t\t\t\t\t<div class=\"elementor-element elementor-element-71e5fcf elementor-button-align-stretch elementor-widget elementor-widget-form\" data-id=\"71e5fcf\" data-element_type=\"widget\" data-e-type=\"widget\" data-settings=\"{&quot;step_next_label&quot;:&quot;Weiter&quot;,&quot;step_previous_label&quot;:&quot;Zur\\u00fcck&quot;,&quot;button_width&quot;:&quot;100&quot;,&quot;step_type&quot;:&quot;number_text&quot;,&quot;step_icon_shape&quot;:&quot;circle&quot;}\" data-widget_type=\"form.default\">\n\t\t\t\t<div class=\"elementor-widget-container\">\n\t\t\t\t\t\t\t<form class=\"elementor-form\" method=\"post\" id=\"hallintamalli\" name=\"Neues Formular\" aria-label=\"Neues Formular\">\n\t\t\t<input type=\"hidden\" name=\"post_id\" value=\"9430\"\/>\n\t\t\t<input type=\"hidden\" name=\"form_id\" value=\"71e5fcf\"\/>\n\t\t\t<input type=\"hidden\" name=\"referer_title\" value=\"Webinar arkistot - Above IT Oy\" \/>\n\n\t\t\t\n\t\t\t<div class=\"elementor-form-fields-wrapper elementor-labels-above\">\n\t\t\t\t\t\t\t\t<div class=\"elementor-field-type-text elementor-field-group elementor-column elementor-field-group-name elementor-col-100 elementor-field-required elementor-mark-required\">\n\t\t\t\t\t\t\t\t\t\t\t\t<label for=\"form-field-name\" class=\"elementor-field-label\">\n\t\t\t\t\t\t\t\tName\t\t\t\t\t\t\t<\/label>\n\t\t\t\t\t\t\t\t\t\t\t\t\t\t<input size=\"1\" type=\"text\" name=\"form_fields[name]\" id=\"form-field-name\" class=\"elementor-field elementor-size-sm  elementor-field-textual\" placeholder=\"Vorname Nachname\" required=\"required\">\n\t\t\t\t\t\t\t\t\t\t\t<\/div>\n\t\t\t\t\t\t\t\t<div class=\"elementor-field-type-text elementor-field-group elementor-column elementor-field-group-field_9b8aaf5 elementor-col-100 elementor-field-required elementor-mark-required\">\n\t\t\t\t\t\t\t\t\t\t\t\t<label for=\"form-field-field_9b8aaf5\" class=\"elementor-field-label\">\n\t\t\t\t\t\t\t\tOrganisation\t\t\t\t\t\t\t<\/label>\n\t\t\t\t\t\t\t\t\t\t\t\t\t\t<input size=\"1\" type=\"text\" name=\"form_fields[field_9b8aaf5]\" id=\"form-field-field_9b8aaf5\" class=\"elementor-field elementor-size-sm  elementor-field-textual\" placeholder=\"Name der Organisation\" required=\"required\">\n\t\t\t\t\t\t\t\t\t\t\t<\/div>\n\t\t\t\t\t\t\t\t<div class=\"elementor-field-type-email elementor-field-group elementor-column elementor-field-group-email elementor-col-100 elementor-field-required elementor-mark-required\">\n\t\t\t\t\t\t\t\t\t\t\t\t<label for=\"form-field-email\" class=\"elementor-field-label\">\n\t\t\t\t\t\t\t\tE-Mail\t\t\t\t\t\t\t<\/label>\n\t\t\t\t\t\t\t\t\t\t\t\t\t\t<input size=\"1\" type=\"email\" name=\"form_fields[email]\" id=\"form-field-email\" class=\"elementor-field elementor-size-sm  elementor-field-textual\" placeholder=\"E-Mail-Adresse\" required=\"required\">\n\t\t\t\t\t\t\t\t\t\t\t<\/div>\n\t\t\t\t\t\t\t\t<div class=\"elementor-field-type-tel elementor-field-group elementor-column elementor-field-group-message elementor-col-100 elementor-field-required elementor-mark-required\">\n\t\t\t\t\t\t\t\t\t\t\t\t<label for=\"form-field-message\" class=\"elementor-field-label\">\n\t\t\t\t\t\t\t\tTelefonnummer\t\t\t\t\t\t\t<\/label>\n\t\t\t\t\t\t\t\t<input size=\"1\" type=\"tel\" name=\"form_fields[message]\" id=\"form-field-message\" class=\"elementor-field elementor-size-sm  elementor-field-textual\" placeholder=\"Telefonnummer\" required=\"required\" pattern=\"[0-9()#&amp;+*-=.]+\" title=\"Nur Nummern oder Telefon-Zeichen (#, -, *, etc) werden akzeptiert.\">\n\n\t\t\t\t\t\t<\/div>\n\t\t\t\t\t\t\t\t<div class=\"elementor-field-group elementor-column elementor-field-type-submit elementor-col-100 e-form__buttons\">\n\t\t\t\t\t<button class=\"elementor-button elementor-size-sm\" type=\"submit\">\n\t\t\t\t\t\t<span class=\"elementor-button-content-wrapper\">\n\t\t\t\t\t\t\t\t\t\t\t\t\t\t\t\t\t\t\t\t\t\t<span class=\"elementor-button-text\">Senden<\/span>\n\t\t\t\t\t\t\t\t\t\t\t\t\t<\/span>\n\t\t\t\t\t<\/button>\n\t\t\t\t<\/div>\n\t\t\t<\/div>\n\t\t<\/form>\n\t\t\t\t\t\t<\/div>\n\t\t\t\t<\/div>\n\t\t\t\t\t<\/div>\n\t\t<\/div>\n\t\t\t\t\t<\/div>\n\t\t<\/section>\n\t\t\t\t<\/div>\n\t\t","protected":false},"excerpt":{"rendered":"<p>Wir haben am Vormittag des 22.08.2024 ein Webinar zur NIS2 EU-Richtlinie und Microsoft 365 Umgebungen veranstaltet. Das Thema zog eine gute Anzahl von Zuh\u00f6rern an. Haben Sie das Webinar verpasst? Keine Sorge, Sie sind n\u00e4mlich jetzt genau auf der richtigen Seite. Lesen Sie weiter. Welche Anforderungen die NIS2 EU-Richtlinie f\u00fcr Microsoft 365 Dienste in Organisationen [&hellip;]<\/p>\n","protected":false},"author":3,"featured_media":9367,"comment_status":"closed","ping_status":"closed","sticky":false,"template":"","format":"standard","meta":{"content-type":"","inline_featured_image":false,"footnotes":""},"categories":[222,266,224,346],"tags":[409,223,225],"class_list":["post-9430","post","type-post","status-publish","format-standard","has-post-thumbnail","hentry","category-it-sicherheit","category-management","category-microsoft-365","category-webinar","tag-datenschutz","tag-it-sicherheit","tag-microsoft-365"],"yoast_head":"<!-- This site is optimized with the Yoast SEO plugin v27.5 - https:\/\/yoast.com\/product\/yoast-seo-wordpress\/ -->\n<title>Aufzeichnung: NIS2 &amp; Microsoft 365 Webinar - Above IT Oy<\/title>\n<meta name=\"description\" content=\"Wir haben am 22.08.2024 ein Webinar zur NIS2 EU-Richtlinie &amp; Microsoft 365 Umgebungen veranstaltet. Falls Sie das Webinar verpasst haben, laden Sie die Aufzeichnung hier herunter!\" \/>\n<meta name=\"robots\" content=\"index, follow, max-snippet:-1, max-image-preview:large, max-video-preview:-1\" \/>\n<link rel=\"canonical\" href=\"https:\/\/aboveit.fi\/de\/aufzeichnung-nis2-microsoft-365-webinar\/\" \/>\n<meta property=\"og:locale\" content=\"de_DE\" \/>\n<meta property=\"og:type\" content=\"article\" \/>\n<meta property=\"og:title\" content=\"Aufzeichnung: NIS2 &amp; Microsoft 365 Webinar - Above IT Oy\" \/>\n<meta property=\"og:description\" content=\"Wir haben am 22.08.2024 ein Webinar zur NIS2 EU-Richtlinie &amp; Microsoft 365 Umgebungen veranstaltet. Falls Sie das Webinar verpasst haben, laden Sie die Aufzeichnung hier herunter!\" \/>\n<meta property=\"og:url\" content=\"https:\/\/aboveit.fi\/de\/aufzeichnung-nis2-microsoft-365-webinar\/\" \/>\n<meta property=\"og:site_name\" content=\"Above IT Oy\" \/>\n<meta property=\"article:publisher\" content=\"https:\/\/www.facebook.com\/aboveitfi\" \/>\n<meta property=\"article:published_time\" content=\"2024-08-22T17:20:33+00:00\" \/>\n<meta property=\"article:modified_time\" content=\"2025-11-27T12:04:16+00:00\" \/>\n<meta property=\"og:image\" content=\"https:\/\/aboveit.fi\/wp-content\/uploads\/2024\/07\/1547-scaled-1.jpg\" \/>\n\t<meta property=\"og:image:width\" content=\"1920\" \/>\n\t<meta property=\"og:image:height\" content=\"1280\" \/>\n\t<meta property=\"og:image:type\" content=\"image\/jpeg\" \/>\n<meta name=\"author\" content=\"Juha Kari\" \/>\n<meta name=\"twitter:card\" content=\"summary_large_image\" \/>\n<meta name=\"twitter:label1\" content=\"Verfasst von\" \/>\n\t<meta name=\"twitter:data1\" content=\"Juha Kari\" \/>\n\t<meta name=\"twitter:label2\" content=\"Gesch\u00e4tzte Lesezeit\" \/>\n\t<meta name=\"twitter:data2\" content=\"1\u00a0Minute\" \/>\n<script type=\"application\/ld+json\" class=\"yoast-schema-graph\">{\"@context\":\"https:\\\/\\\/schema.org\",\"@graph\":[{\"@type\":\"Article\",\"@id\":\"https:\\\/\\\/aboveit.fi\\\/de\\\/aufzeichnung-nis2-microsoft-365-webinar\\\/#article\",\"isPartOf\":{\"@id\":\"https:\\\/\\\/aboveit.fi\\\/de\\\/aufzeichnung-nis2-microsoft-365-webinar\\\/\"},\"author\":{\"name\":\"Juha Kari\",\"@id\":\"https:\\\/\\\/aboveit.fi\\\/de\\\/#\\\/schema\\\/person\\\/8b6b16ca2927e8021cd0a2fc2a09ce5d\"},\"headline\":\"Aufzeichnung: NIS2 &amp; Microsoft 365 Webinar\",\"datePublished\":\"2024-08-22T17:20:33+00:00\",\"dateModified\":\"2025-11-27T12:04:16+00:00\",\"mainEntityOfPage\":{\"@id\":\"https:\\\/\\\/aboveit.fi\\\/de\\\/aufzeichnung-nis2-microsoft-365-webinar\\\/\"},\"wordCount\":217,\"publisher\":{\"@id\":\"https:\\\/\\\/aboveit.fi\\\/de\\\/#organization\"},\"image\":{\"@id\":\"https:\\\/\\\/aboveit.fi\\\/de\\\/aufzeichnung-nis2-microsoft-365-webinar\\\/#primaryimage\"},\"thumbnailUrl\":\"https:\\\/\\\/aboveit.fi\\\/wp-content\\\/uploads\\\/2024\\\/07\\\/1547-scaled-1.jpg\",\"keywords\":[\"Datenschutz\",\"IT-Sicherheit\",\"Microsoft 365\"],\"articleSection\":[\"IT-Sicherheit\",\"Management\",\"Microsoft 365\",\"Webinar\"],\"inLanguage\":\"de\"},{\"@type\":\"WebPage\",\"@id\":\"https:\\\/\\\/aboveit.fi\\\/de\\\/aufzeichnung-nis2-microsoft-365-webinar\\\/\",\"url\":\"https:\\\/\\\/aboveit.fi\\\/de\\\/aufzeichnung-nis2-microsoft-365-webinar\\\/\",\"name\":\"Aufzeichnung: NIS2 &amp; Microsoft 365 Webinar - Above IT Oy\",\"isPartOf\":{\"@id\":\"https:\\\/\\\/aboveit.fi\\\/de\\\/#website\"},\"primaryImageOfPage\":{\"@id\":\"https:\\\/\\\/aboveit.fi\\\/de\\\/aufzeichnung-nis2-microsoft-365-webinar\\\/#primaryimage\"},\"image\":{\"@id\":\"https:\\\/\\\/aboveit.fi\\\/de\\\/aufzeichnung-nis2-microsoft-365-webinar\\\/#primaryimage\"},\"thumbnailUrl\":\"https:\\\/\\\/aboveit.fi\\\/wp-content\\\/uploads\\\/2024\\\/07\\\/1547-scaled-1.jpg\",\"datePublished\":\"2024-08-22T17:20:33+00:00\",\"dateModified\":\"2025-11-27T12:04:16+00:00\",\"description\":\"Wir haben am 22.08.2024 ein Webinar zur NIS2 EU-Richtlinie & Microsoft 365 Umgebungen veranstaltet. Falls Sie das Webinar verpasst haben, laden Sie die Aufzeichnung hier herunter!\",\"breadcrumb\":{\"@id\":\"https:\\\/\\\/aboveit.fi\\\/de\\\/aufzeichnung-nis2-microsoft-365-webinar\\\/#breadcrumb\"},\"inLanguage\":\"de\",\"potentialAction\":[{\"@type\":\"ReadAction\",\"target\":[\"https:\\\/\\\/aboveit.fi\\\/de\\\/aufzeichnung-nis2-microsoft-365-webinar\\\/\"]}]},{\"@type\":\"ImageObject\",\"inLanguage\":\"de\",\"@id\":\"https:\\\/\\\/aboveit.fi\\\/de\\\/aufzeichnung-nis2-microsoft-365-webinar\\\/#primaryimage\",\"url\":\"https:\\\/\\\/aboveit.fi\\\/wp-content\\\/uploads\\\/2024\\\/07\\\/1547-scaled-1.jpg\",\"contentUrl\":\"https:\\\/\\\/aboveit.fi\\\/wp-content\\\/uploads\\\/2024\\\/07\\\/1547-scaled-1.jpg\",\"width\":1920,\"height\":1280,\"caption\":\"Ein turbulenter Sommer aus Sicht der Cybersicherheit in der Diskussion\"},{\"@type\":\"BreadcrumbList\",\"@id\":\"https:\\\/\\\/aboveit.fi\\\/de\\\/aufzeichnung-nis2-microsoft-365-webinar\\\/#breadcrumb\",\"itemListElement\":[{\"@type\":\"ListItem\",\"position\":1,\"name\":\"Etusivu\",\"item\":\"https:\\\/\\\/aboveit.fi\\\/de\\\/\"},{\"@type\":\"ListItem\",\"position\":2,\"name\":\"Aufzeichnung: NIS2 &amp; Microsoft 365 Webinar\"}]},{\"@type\":\"WebSite\",\"@id\":\"https:\\\/\\\/aboveit.fi\\\/de\\\/#website\",\"url\":\"https:\\\/\\\/aboveit.fi\\\/de\\\/\",\"name\":\"We Are Above IT\",\"description\":\"Tietohallinnon voimavarakumppani\",\"publisher\":{\"@id\":\"https:\\\/\\\/aboveit.fi\\\/de\\\/#organization\"},\"potentialAction\":[{\"@type\":\"SearchAction\",\"target\":{\"@type\":\"EntryPoint\",\"urlTemplate\":\"https:\\\/\\\/aboveit.fi\\\/de\\\/?s={search_term_string}\"},\"query-input\":{\"@type\":\"PropertyValueSpecification\",\"valueRequired\":true,\"valueName\":\"search_term_string\"}}],\"inLanguage\":\"de\"},{\"@type\":\"Organization\",\"@id\":\"https:\\\/\\\/aboveit.fi\\\/de\\\/#organization\",\"name\":\"Above IT Oy\",\"url\":\"https:\\\/\\\/aboveit.fi\\\/de\\\/\",\"logo\":{\"@type\":\"ImageObject\",\"inLanguage\":\"de\",\"@id\":\"https:\\\/\\\/aboveit.fi\\\/de\\\/#\\\/schema\\\/logo\\\/image\\\/\",\"url\":\"https:\\\/\\\/aboveit.fi\\\/wp-content\\\/uploads\\\/2024\\\/10\\\/aboveIT-logo.png\",\"contentUrl\":\"https:\\\/\\\/aboveit.fi\\\/wp-content\\\/uploads\\\/2024\\\/10\\\/aboveIT-logo.png\",\"width\":1613,\"height\":383,\"caption\":\"Above IT Oy\"},\"image\":{\"@id\":\"https:\\\/\\\/aboveit.fi\\\/de\\\/#\\\/schema\\\/logo\\\/image\\\/\"},\"sameAs\":[\"https:\\\/\\\/www.facebook.com\\\/aboveitfi\",\"https:\\\/\\\/www.linkedin.com\\\/company\\\/aboveitfi\",\"https:\\\/\\\/instagram.com\\\/aboveitfi\"]},{\"@type\":\"Person\",\"@id\":\"https:\\\/\\\/aboveit.fi\\\/de\\\/#\\\/schema\\\/person\\\/8b6b16ca2927e8021cd0a2fc2a09ce5d\",\"name\":\"Juha Kari\",\"image\":{\"@type\":\"ImageObject\",\"inLanguage\":\"de\",\"@id\":\"https:\\\/\\\/secure.gravatar.com\\\/avatar\\\/3673353ef8de813771f6c6e6251f2a017a8167d2b4f9e43ac0692cc89ce69aeb?s=96&d=mm&r=g\",\"url\":\"https:\\\/\\\/secure.gravatar.com\\\/avatar\\\/3673353ef8de813771f6c6e6251f2a017a8167d2b4f9e43ac0692cc89ce69aeb?s=96&d=mm&r=g\",\"contentUrl\":\"https:\\\/\\\/secure.gravatar.com\\\/avatar\\\/3673353ef8de813771f6c6e6251f2a017a8167d2b4f9e43ac0692cc89ce69aeb?s=96&d=mm&r=g\",\"caption\":\"Juha Kari\"},\"sameAs\":[\"https:\\\/\\\/aboveit.fi\"],\"url\":\"https:\\\/\\\/aboveit.fi\\\/de\\\/author\\\/juha-kariaboveit-fi\\\/\"}]}<\/script>\n<!-- \/ Yoast SEO plugin. -->","yoast_head_json":{"title":"Aufzeichnung: NIS2 &amp; Microsoft 365 Webinar - Above IT Oy","description":"Wir haben am 22.08.2024 ein Webinar zur NIS2 EU-Richtlinie & Microsoft 365 Umgebungen veranstaltet. Falls Sie das Webinar verpasst haben, laden Sie die Aufzeichnung hier herunter!","robots":{"index":"index","follow":"follow","max-snippet":"max-snippet:-1","max-image-preview":"max-image-preview:large","max-video-preview":"max-video-preview:-1"},"canonical":"https:\/\/aboveit.fi\/de\/aufzeichnung-nis2-microsoft-365-webinar\/","og_locale":"de_DE","og_type":"article","og_title":"Aufzeichnung: NIS2 &amp; Microsoft 365 Webinar - Above IT Oy","og_description":"Wir haben am 22.08.2024 ein Webinar zur NIS2 EU-Richtlinie & Microsoft 365 Umgebungen veranstaltet. Falls Sie das Webinar verpasst haben, laden Sie die Aufzeichnung hier herunter!","og_url":"https:\/\/aboveit.fi\/de\/aufzeichnung-nis2-microsoft-365-webinar\/","og_site_name":"Above IT Oy","article_publisher":"https:\/\/www.facebook.com\/aboveitfi","article_published_time":"2024-08-22T17:20:33+00:00","article_modified_time":"2025-11-27T12:04:16+00:00","og_image":[{"width":1920,"height":1280,"url":"https:\/\/aboveit.fi\/wp-content\/uploads\/2024\/07\/1547-scaled-1.jpg","type":"image\/jpeg"}],"author":"Juha Kari","twitter_card":"summary_large_image","twitter_misc":{"Verfasst von":"Juha Kari","Gesch\u00e4tzte Lesezeit":"1\u00a0Minute"},"schema":{"@context":"https:\/\/schema.org","@graph":[{"@type":"Article","@id":"https:\/\/aboveit.fi\/de\/aufzeichnung-nis2-microsoft-365-webinar\/#article","isPartOf":{"@id":"https:\/\/aboveit.fi\/de\/aufzeichnung-nis2-microsoft-365-webinar\/"},"author":{"name":"Juha Kari","@id":"https:\/\/aboveit.fi\/de\/#\/schema\/person\/8b6b16ca2927e8021cd0a2fc2a09ce5d"},"headline":"Aufzeichnung: NIS2 &amp; Microsoft 365 Webinar","datePublished":"2024-08-22T17:20:33+00:00","dateModified":"2025-11-27T12:04:16+00:00","mainEntityOfPage":{"@id":"https:\/\/aboveit.fi\/de\/aufzeichnung-nis2-microsoft-365-webinar\/"},"wordCount":217,"publisher":{"@id":"https:\/\/aboveit.fi\/de\/#organization"},"image":{"@id":"https:\/\/aboveit.fi\/de\/aufzeichnung-nis2-microsoft-365-webinar\/#primaryimage"},"thumbnailUrl":"https:\/\/aboveit.fi\/wp-content\/uploads\/2024\/07\/1547-scaled-1.jpg","keywords":["Datenschutz","IT-Sicherheit","Microsoft 365"],"articleSection":["IT-Sicherheit","Management","Microsoft 365","Webinar"],"inLanguage":"de"},{"@type":"WebPage","@id":"https:\/\/aboveit.fi\/de\/aufzeichnung-nis2-microsoft-365-webinar\/","url":"https:\/\/aboveit.fi\/de\/aufzeichnung-nis2-microsoft-365-webinar\/","name":"Aufzeichnung: NIS2 &amp; Microsoft 365 Webinar - Above IT Oy","isPartOf":{"@id":"https:\/\/aboveit.fi\/de\/#website"},"primaryImageOfPage":{"@id":"https:\/\/aboveit.fi\/de\/aufzeichnung-nis2-microsoft-365-webinar\/#primaryimage"},"image":{"@id":"https:\/\/aboveit.fi\/de\/aufzeichnung-nis2-microsoft-365-webinar\/#primaryimage"},"thumbnailUrl":"https:\/\/aboveit.fi\/wp-content\/uploads\/2024\/07\/1547-scaled-1.jpg","datePublished":"2024-08-22T17:20:33+00:00","dateModified":"2025-11-27T12:04:16+00:00","description":"Wir haben am 22.08.2024 ein Webinar zur NIS2 EU-Richtlinie & Microsoft 365 Umgebungen veranstaltet. Falls Sie das Webinar verpasst haben, laden Sie die Aufzeichnung hier herunter!","breadcrumb":{"@id":"https:\/\/aboveit.fi\/de\/aufzeichnung-nis2-microsoft-365-webinar\/#breadcrumb"},"inLanguage":"de","potentialAction":[{"@type":"ReadAction","target":["https:\/\/aboveit.fi\/de\/aufzeichnung-nis2-microsoft-365-webinar\/"]}]},{"@type":"ImageObject","inLanguage":"de","@id":"https:\/\/aboveit.fi\/de\/aufzeichnung-nis2-microsoft-365-webinar\/#primaryimage","url":"https:\/\/aboveit.fi\/wp-content\/uploads\/2024\/07\/1547-scaled-1.jpg","contentUrl":"https:\/\/aboveit.fi\/wp-content\/uploads\/2024\/07\/1547-scaled-1.jpg","width":1920,"height":1280,"caption":"Ein turbulenter Sommer aus Sicht der Cybersicherheit in der Diskussion"},{"@type":"BreadcrumbList","@id":"https:\/\/aboveit.fi\/de\/aufzeichnung-nis2-microsoft-365-webinar\/#breadcrumb","itemListElement":[{"@type":"ListItem","position":1,"name":"Etusivu","item":"https:\/\/aboveit.fi\/de\/"},{"@type":"ListItem","position":2,"name":"Aufzeichnung: NIS2 &amp; Microsoft 365 Webinar"}]},{"@type":"WebSite","@id":"https:\/\/aboveit.fi\/de\/#website","url":"https:\/\/aboveit.fi\/de\/","name":"We Are Above IT","description":"Tietohallinnon voimavarakumppani","publisher":{"@id":"https:\/\/aboveit.fi\/de\/#organization"},"potentialAction":[{"@type":"SearchAction","target":{"@type":"EntryPoint","urlTemplate":"https:\/\/aboveit.fi\/de\/?s={search_term_string}"},"query-input":{"@type":"PropertyValueSpecification","valueRequired":true,"valueName":"search_term_string"}}],"inLanguage":"de"},{"@type":"Organization","@id":"https:\/\/aboveit.fi\/de\/#organization","name":"Above IT Oy","url":"https:\/\/aboveit.fi\/de\/","logo":{"@type":"ImageObject","inLanguage":"de","@id":"https:\/\/aboveit.fi\/de\/#\/schema\/logo\/image\/","url":"https:\/\/aboveit.fi\/wp-content\/uploads\/2024\/10\/aboveIT-logo.png","contentUrl":"https:\/\/aboveit.fi\/wp-content\/uploads\/2024\/10\/aboveIT-logo.png","width":1613,"height":383,"caption":"Above IT Oy"},"image":{"@id":"https:\/\/aboveit.fi\/de\/#\/schema\/logo\/image\/"},"sameAs":["https:\/\/www.facebook.com\/aboveitfi","https:\/\/www.linkedin.com\/company\/aboveitfi","https:\/\/instagram.com\/aboveitfi"]},{"@type":"Person","@id":"https:\/\/aboveit.fi\/de\/#\/schema\/person\/8b6b16ca2927e8021cd0a2fc2a09ce5d","name":"Juha Kari","image":{"@type":"ImageObject","inLanguage":"de","@id":"https:\/\/secure.gravatar.com\/avatar\/3673353ef8de813771f6c6e6251f2a017a8167d2b4f9e43ac0692cc89ce69aeb?s=96&d=mm&r=g","url":"https:\/\/secure.gravatar.com\/avatar\/3673353ef8de813771f6c6e6251f2a017a8167d2b4f9e43ac0692cc89ce69aeb?s=96&d=mm&r=g","contentUrl":"https:\/\/secure.gravatar.com\/avatar\/3673353ef8de813771f6c6e6251f2a017a8167d2b4f9e43ac0692cc89ce69aeb?s=96&d=mm&r=g","caption":"Juha Kari"},"sameAs":["https:\/\/aboveit.fi"],"url":"https:\/\/aboveit.fi\/de\/author\/juha-kariaboveit-fi\/"}]}},"_links":{"self":[{"href":"https:\/\/aboveit.fi\/de\/wp-json\/wp\/v2\/posts\/9430","targetHints":{"allow":["GET"]}}],"collection":[{"href":"https:\/\/aboveit.fi\/de\/wp-json\/wp\/v2\/posts"}],"about":[{"href":"https:\/\/aboveit.fi\/de\/wp-json\/wp\/v2\/types\/post"}],"author":[{"embeddable":true,"href":"https:\/\/aboveit.fi\/de\/wp-json\/wp\/v2\/users\/3"}],"replies":[{"embeddable":true,"href":"https:\/\/aboveit.fi\/de\/wp-json\/wp\/v2\/comments?post=9430"}],"version-history":[{"count":9,"href":"https:\/\/aboveit.fi\/de\/wp-json\/wp\/v2\/posts\/9430\/revisions"}],"predecessor-version":[{"id":9494,"href":"https:\/\/aboveit.fi\/de\/wp-json\/wp\/v2\/posts\/9430\/revisions\/9494"}],"wp:featuredmedia":[{"embeddable":true,"href":"https:\/\/aboveit.fi\/de\/wp-json\/wp\/v2\/media\/9367"}],"wp:attachment":[{"href":"https:\/\/aboveit.fi\/de\/wp-json\/wp\/v2\/media?parent=9430"}],"wp:term":[{"taxonomy":"category","embeddable":true,"href":"https:\/\/aboveit.fi\/de\/wp-json\/wp\/v2\/categories?post=9430"},{"taxonomy":"post_tag","embeddable":true,"href":"https:\/\/aboveit.fi\/de\/wp-json\/wp\/v2\/tags?post=9430"}],"curies":[{"name":"wp","href":"https:\/\/api.w.org\/{rel}","templated":true}]}}