{"id":9365,"date":"2024-07-30T08:52:02","date_gmt":"2024-07-30T06:52:02","guid":{"rendered":"https:\/\/aboveit.fi\/ein-turbulenter-sommer\/"},"modified":"2025-11-27T14:04:04","modified_gmt":"2025-11-27T12:04:04","slug":"ein-turbulenter-sommer","status":"publish","type":"post","link":"https:\/\/aboveit.fi\/de\/ein-turbulenter-sommer\/","title":{"rendered":"Ein turbulenter Sommer"},"content":{"rendered":"\n<p><em>Ein turbulenter Sommer aus Sicht der Cybersicherheit. Der Juli, der wichtigste Urlaubsmonat f\u00fcr Finnen, neigt sich zum Zeitpunkt des Verfassens dieses Blogs dem Ende zu. Ich konnte nicht umhin, die Welt zu verfolgen und auch, wie wir IT-Leute wieder aus unserem Urlaub zur\u00fcckgerufen wurden. Meiner Meinung nach war es ein wahrer Sommer der Umw\u00e4lzungen \u2013 so aus Sicht der Cybersicherheit, oder was meinen Sie?   <\/em><\/p>\n\n<div class=\"section-wrapper\" data-id=\"7t137z\"><section class=\"wp-block-gutenverse-section guten-element guten-section guten-7t137z layout-boxed align-stretch\"><div class=\"guten-container guten-column-gap-default\">\n<div class=\"wp-block-gutenverse-column guten-element guten-column guten-8T5m1S\"><div class=\"guten-column-wrapper\" data-id=\"8T5m1S\">\n<h6 class=\"wp-block-heading\">\u201eMassenstreik\u201c kritischer Server \u2013 umgangssprachlich \u201eCrowdstrike\u201c<\/h6>\n\n\n\n<p>Ein wahrhaft turbulenter Sommer aus Sicht der Cybersicherheit. Im Juli ver\u00f6ffentlichte Crowdstrike, ein bekanntes Cybersicherheitsunternehmen, ein Sicherheitsupdate, das <a href=\"https:\/\/www.tivi.fi\/uutiset\/nain-paljon-crowdstrike-kaaos-maksoi-suuryrityksille\/c12aacd0-0ef5-49db-946f-53657988ee72\">unerwartete Probleme<\/a> f\u00fcr viele Benutzer verursachte. Das Update sollte den Schutz der Systeme vor neuen Bedrohungen verbessern, brachte aber Herausforderungen mit sich. Nach dem Update meldete ein gro\u00dfer Teil bedeutender globaler Unternehmen technische Probleme, wobei kritische Server in den Bluescreen-Modus abst\u00fcrzten und sogar der Flugverkehr an einigen Flugh\u00e4fen weltweit zum Erliegen kam.   <\/p>\n\n\n\n<p>Der Vorfall verdeutlichte, wie abh\u00e4ngig wir heutzutage von der Informationstechnologie sind. Auch Microsoft geriet deswegen zun\u00e4chst in die Kritik. In Finnland sind wir vielleicht mit einem Schrecken davongekommen, weltweit lief es vielleicht nicht ganz so glimpflich ab. Ich h\u00f6rte jedoch, dass auch in Finnland die Gesch\u00e4ftst\u00e4tigkeit f\u00fcr ganze Arbeitstage bei Maschinenbenutzern stillstand, w\u00e4hrend auf Reparaturen gewartet wurde, und ein Fachmann aus dem Urlaub telefonisch zur Hilfe gerufen wurde, da die gesamte Serverumgebung mehr oder weniger ausgefallen war.   <\/p>\n\n\n\n<p>Worauf habe ich als Microsoft-Technologieexperte selbst geachtet? Ich begann dar\u00fcber nachzudenken, wie Sicherheitssoftware gr\u00f6\u00dftenteils fast immer eine zus\u00e4tzliche Software von Drittanbietern ist, deren Kompatibilit\u00e4t nicht immer gew\u00e4hrleistet ist. Ich fragte mich auch, ob die Segmentierung von Update-Ver\u00f6ffentlichungen in Wellen bei allen Sicherheitsprogrammen \u00fcberhaupt m\u00f6glich ist. Die eigene Sicherheit von Microsoft ist bereits eine in Windows-Betriebssysteme integrierte Funktion, deren Updates und Virendefinitions-Updates insbesondere f\u00fcr Serverumgebungen mit Update-Management-L\u00f6sungen in Wellen ausgerollt werden k\u00f6nnen. Bei der Planung von Kontinuit\u00e4t und Fehlertoleranz gibt es jedoch noch viele weitere zu ber\u00fccksichtigende Bereiche f\u00fcr kritische Dienste. Wo sollte man also nach dem Grund suchen?     <\/p>\n<\/div><\/div>\n<\/div><\/section><\/div>\n\n<div class=\"section-wrapper\" data-id=\"xeR4EF\"><section class=\"wp-block-gutenverse-section guten-element guten-section guten-xeR4EF layout-boxed align-stretch\"><div class=\"guten-container guten-column-gap-default\">\n<div class=\"wp-block-gutenverse-column guten-element guten-column guten-sXgtMJ\"><div class=\"guten-column-wrapper\" data-id=\"sXgtMJ\">\n<h6 class=\"wp-block-heading\">Hybride Einflussnahme und kritische Infrastruktur?<\/h6>\n\n\n\n<p>Mit dem Fortschreiten des Krieges in der Ukraine hat auch bei uns in Finnland die hybride Einflussnahme zugenommen. In den Zeitungen wurde \u00fcber Einbruchsversuche in die Wasserversorgung berichtet, und <a href=\"https:\/\/yle.fi\/a\/74-20101849\">in Janakkala st\u00fcrzte sogar ein Mobilfunkmast um<\/a>, verursacht von einer externen und bisher unbekannten Partei. Auch die Informationssysteme unserer Gesellschaft sind st\u00e4ndig Cyberbedrohungen und Versuchen ausgesetzt, Dienste zu schw\u00e4chen. Die Botschaft in den Medien lautete: \u201eMan sollte sich an die Situation neben unserem instabilen \u00f6stlichen Nachbarn gew\u00f6hnen.\u201c Die Weltlage scheint schlecht, was k\u00f6nnen wir also selbst tun?    <\/p>\n\n\n\n<p>Meiner Meinung nach sollten alle Unternehmen die Cybersicherheit jetzt ernst nehmen. Es ist ratsam, sich darauf vorzubereiten, dass sich die Situation in den kommenden Jahren sicherlich nicht entspannen wird, sondern die Einflussnahmeversuche wahrscheinlich nur zunehmen werden. Die Informationssicherheit sollte als immer wichtigerer Bestandteil der Kernarbeit im Zusammenhang mit der Unternehmensstrategie betrachtet werden. Als Einzelpersonen sollten wir versuchen, unser eigenes Wissen \u00fcber Informationssicherheit zu erweitern und Anweisungen zu befolgen. Gleichzeitig ist es wichtig, sich daran zu erinnern, dass wir nur Menschen sind und Fehler manchmal passieren. In Momenten von Fehlern sollte man sich jedoch nicht verstecken, sondern bei Bedarf sofort die Hand als Zeichen eines Fehlers heben \u2013 damit die Fehlerbehebung beginnen kann. Wir alle Menschen sind mit unseren Wissensl\u00fccken die gr\u00f6\u00dfte Bedrohung f\u00fcr die Informationssicherheit. Versuchen wir also, wachsam zu sein und unser Bestes zu geben.       <\/p>\n<\/div><\/div>\n<\/div><\/section><\/div>\n\n<div class=\"section-wrapper\" data-id=\"kp9a6j\"><section class=\"wp-block-gutenverse-section guten-element guten-section guten-kp9a6j layout-boxed align-stretch\"><div class=\"guten-container guten-column-gap-default\">\n<div class=\"wp-block-gutenverse-column guten-element guten-column guten-BcsWLx\"><div class=\"guten-column-wrapper\" data-id=\"BcsWLx\">\n<h6 class=\"wp-block-heading\">KI als Hilfe f\u00fcr die Cybersicherheit?<\/h6>\n\n\n\n<p>K\u00fcnstliche Intelligenz entwickelt sich derzeit rasant. Die eifrigsten Unternehmen und Einzelpersonen haben bereits KI-L\u00f6sungen zur Unterst\u00fctzung ihrer Arbeit eingesetzt. Viele prophezeien, dass KI die n\u00e4chste Blase in der IT-Branche sein wird. Wir stehen jedoch vor etwas v\u00f6llig Neuem. KI revolutioniert die Arbeitsweise, und gleichzeitig nutzen Kriminelle sie sehr effektiv, indem sie Bilder und Stimmen f\u00e4lschen und immer realistischere Angriffe durchf\u00fchren.    <\/p>\n\n\n\n<p>Das ewige Wettr\u00fcsten ist real, denn <a href=\"https:\/\/www.microsoft.com\/en-us\/security\/business\/ai-machine-learning\/microsoft-copilot-security\">KI wird auch von der anderen Seite f\u00fcr die Cybersicherheit eingesetzt<\/a>. Auch Cybersicherheitsexperten erkennen Bedrohungen und Angriffe jetzt effektiver. KI kann nun Cybersicherheitsexperten unterst\u00fctzen und schnell aus gro\u00dfen Datenmengen in Minuten das interpretieren, wof\u00fcr manuelle Analysen zuvor Stunden ben\u00f6tigten. IT-Management-Experten werden jedoch weiterhin ben\u00f6tigt, ich pers\u00f6nlich glaube, dass KI den Bedarf an Fachwissen nur erh\u00f6hen wird \u2013 die Arbeit \u00e4ndert sich zwar, aber das war schon immer so. Die Zukunft sieht interessant aus!    <\/p>\n<\/div><\/div>\n<\/div><\/section><\/div>\n\n<div class=\"section-wrapper\" data-id=\"E733Th\"><section class=\"wp-block-gutenverse-section guten-element guten-section guten-E733Th layout-boxed align-stretch\"><div class=\"guten-container guten-column-gap-default\">\n<div class=\"wp-block-gutenverse-column guten-element guten-column guten-6FvYsI\"><div class=\"guten-column-wrapper\" data-id=\"6FvYsI\">\n<h6 class=\"wp-block-heading\">Anleitung der EU zur Cybersicherheit von Unternehmen<\/h6>\n\n\n\n<p>Im Herbst erwarten wir von der finnischen Regierung Informationen und Anweisungen dazu, wie die neue, die Cybersicherheit steuernde <a href=\"https:\/\/digital-strategy.ec.europa.eu\/fi\/policies\/nis2-directive\">NIS2-EU-Richtlinie<\/a> im Rahmen des finnischen Rechts umgesetzt wird. Es sind kaum sehr gro\u00dfe nationale \u00c4nderungen an der urspr\u00fcnglichen EU-Verordnung zu erwarten, da die \u00dcbergangsfrist bereits im Oktober endet. In dieser Welt sehe ich dies als ausschlie\u00dflich positive Sache, denn es ist gut, dass insbesondere gro\u00dfe Unternehmen nun endlich dazu gedr\u00e4ngt werden, die Informationssicherheit wirklich ernst zu nehmen, und zwar \u00fcber die Installation einer grundlegenden Antivirensoftware hinaus. Und irgendwie sehe ich es schon kommen: Ich wette, dass diese gleichen Vorschriften und Anforderungen als N\u00e4chstes nach und nach auch auf alle kleineren Organisationen ausgeweitet werden, falls Sie als Teil der Lieferkette nicht ohnehin schon den Vorschriften unterliegen.   <\/p>\n\n\n\n<p>Auch wir bei Above IT mussten uns und unsere Aktivit\u00e4ten im Laufe des Sommers an die Anforderungen dieses neuen Cybersicherheitsrahmens anpassen. Als IT-Unternehmen sind wir jedoch verpflichtet, diese Anforderungen zu erf\u00fcllen. Gleichzeitig haben wir bereits erste Schritte in Richtung der ISO27001-Anforderungen unternommen, was unser n\u00e4chstes gr\u00f6\u00dferes Projekt sein wird.  <\/p>\n<\/div><\/div>\n<\/div><\/section><\/div>\n\n<div class=\"section-wrapper\" data-id=\"RzvI2L\"><section class=\"wp-block-gutenverse-section guten-element guten-section guten-RzvI2L layout-boxed align-stretch\"><div class=\"guten-container guten-column-gap-default\">\n<div class=\"wp-block-gutenverse-column guten-element guten-column guten-tFgC6f\"><div class=\"guten-column-wrapper\" data-id=\"tFgC6f\">\n<h6 class=\"wp-block-heading\">Wie sieht die Zukunft der Cybersicherheit aus?<\/h6>\n\n\n\n<p>Dies ist sicherlich eine Frage, die alle unsere Kunden \u2013 die Entscheidungstr\u00e4ger im IT-Management \u2013 besch\u00e4ftigen d\u00fcrfte. Und warum auch nicht, denn wir leben in ziemlich spannenden Zeiten mit all ihren Umw\u00e4lzungen. W\u00fcrde es Sie interessieren zu erfahren, was auf dem Markt passieren wird?  <\/p>\n\n\n\n<p>Wir veranstalten am 3. Oktober ab 15:00 Uhr ein <a href=\"https:\/\/aboveit.fi\/above-it-afterwork-tapahtuma-it-paattajille-3-10-2024\/\">Afterwork-Event<\/a>, zu dem alle Entscheidungstr\u00e4ger im IT-Management herzlich zum Netzwerken eingeladen sind. Bei der Veranstaltung werden Branchenexperten sprechen, und Sie k\u00f6nnen auch Fallbeispiele zur Entwicklung der Cybersicherheit sowie zu KI und ihren Datenschutzanforderungen h\u00f6ren. Und ich verspreche, dass Sie nicht mit leerem Magen nach Hause gehen m\u00fcssen. Die Pl\u00e4tze sind begrenzt, melden Sie sich also sofort an!    <\/p>\n<\/div><\/div>\n<\/div><\/section><\/div>\n\n<div class=\"section-wrapper\" data-id=\"esvy7k\"><section class=\"wp-block-gutenverse-section guten-element guten-section guten-esvy7k layout-boxed align-stretch\"><div class=\"guten-container guten-column-gap-default\">\n<div class=\"wp-block-gutenverse-column guten-element guten-column guten-xEg4kC\"><div class=\"guten-column-wrapper\" data-id=\"xEg4kC\">\n<blockquote class=\"wp-block-quote is-layout-flow wp-block-quote-is-layout-flow\">\n<p><em>Above IT ist ein Partner und eine Ressource f\u00fcr IT-Abteilungen. Als unser Kunde erhalten Sie echte Expertise in Bezug auf die Entwicklung von Informationssicherheit und Datenschutz sowie Unterst\u00fctzung und Sicherheit in den Wirren der Welt! Wenn Sie mit uns \u00fcber die IT hinausgehen m\u00f6chten, kontaktieren Sie uns \u00fcber den untenstehenden Link!  <\/em><\/p>\n<\/blockquote>\n<\/div><\/div>\n<\/div><\/section><\/div>\n","protected":false},"excerpt":{"rendered":"<p>Ein turbulenter Sommer aus Sicht der Cybersicherheit. Der Juli, der wichtigste Urlaubsmonat f\u00fcr Finnen, neigt sich zum Zeitpunkt des Verfassens dieses Blogs dem Ende zu. Ich konnte nicht umhin, die Welt zu verfolgen und auch, wie wir IT-Leute wieder aus unserem Urlaub zur\u00fcckgerufen wurden. Meiner Meinung nach war es ein wahrer Sommer der Umw\u00e4lzungen \u2013 [&hellip;]<\/p>\n","protected":false},"author":3,"featured_media":9367,"comment_status":"closed","ping_status":"closed","sticky":false,"template":"","format":"standard","meta":{"content-type":"","inline_featured_image":false,"footnotes":""},"categories":[222,264],"tags":[410,409,223],"class_list":["post-9365","post","type-post","status-publish","format-standard","has-post-thumbnail","hentry","category-it-sicherheit","category-nachrichten","tag-afterwork","tag-datenschutz","tag-it-sicherheit"],"yoast_head":"<!-- This site is optimized with the Yoast SEO plugin v27.5 - https:\/\/yoast.com\/product\/yoast-seo-wordpress\/ -->\n<title>Ein turbulenter Sommer - Above IT Oy<\/title>\n<meta name=\"description\" content=\"Der turbulente Sommer aus Sicht der Cybersicherheit wird im Blog von Above IT behandelt, wo zur Zukunft der Cybersicherheit Stellung bezogen wird.\" \/>\n<meta name=\"robots\" content=\"index, follow, max-snippet:-1, max-image-preview:large, max-video-preview:-1\" \/>\n<link rel=\"canonical\" href=\"https:\/\/aboveit.fi\/de\/ein-turbulenter-sommer\/\" \/>\n<meta property=\"og:locale\" content=\"de_DE\" \/>\n<meta property=\"og:type\" content=\"article\" \/>\n<meta property=\"og:title\" content=\"Ein turbulenter Sommer - Above IT Oy\" \/>\n<meta property=\"og:description\" content=\"Der turbulente Sommer aus Sicht der Cybersicherheit wird im Blog von Above IT behandelt, wo zur Zukunft der Cybersicherheit Stellung bezogen wird.\" \/>\n<meta property=\"og:url\" content=\"https:\/\/aboveit.fi\/de\/ein-turbulenter-sommer\/\" \/>\n<meta property=\"og:site_name\" content=\"Above IT Oy\" \/>\n<meta property=\"article:publisher\" content=\"https:\/\/www.facebook.com\/aboveitfi\" \/>\n<meta property=\"article:published_time\" content=\"2024-07-30T06:52:02+00:00\" \/>\n<meta property=\"article:modified_time\" content=\"2025-11-27T12:04:04+00:00\" \/>\n<meta property=\"og:image\" content=\"https:\/\/aboveit.fi\/wp-content\/uploads\/2024\/07\/1547-scaled-1.jpg\" \/>\n\t<meta property=\"og:image:width\" content=\"1920\" \/>\n\t<meta property=\"og:image:height\" content=\"1280\" \/>\n\t<meta property=\"og:image:type\" content=\"image\/jpeg\" \/>\n<meta name=\"author\" content=\"Juha Kari\" \/>\n<meta name=\"twitter:card\" content=\"summary_large_image\" \/>\n<meta name=\"twitter:label1\" content=\"Verfasst von\" \/>\n\t<meta name=\"twitter:data1\" content=\"Juha Kari\" \/>\n\t<meta name=\"twitter:label2\" content=\"Gesch\u00e4tzte Lesezeit\" \/>\n\t<meta name=\"twitter:data2\" content=\"6\u00a0Minuten\" \/>\n<script type=\"application\/ld+json\" class=\"yoast-schema-graph\">{\"@context\":\"https:\\\/\\\/schema.org\",\"@graph\":[{\"@type\":\"Article\",\"@id\":\"https:\\\/\\\/aboveit.fi\\\/de\\\/ein-turbulenter-sommer\\\/#article\",\"isPartOf\":{\"@id\":\"https:\\\/\\\/aboveit.fi\\\/de\\\/ein-turbulenter-sommer\\\/\"},\"author\":{\"name\":\"Juha Kari\",\"@id\":\"https:\\\/\\\/aboveit.fi\\\/de\\\/#\\\/schema\\\/person\\\/8b6b16ca2927e8021cd0a2fc2a09ce5d\"},\"headline\":\"Ein turbulenter Sommer\",\"datePublished\":\"2024-07-30T06:52:02+00:00\",\"dateModified\":\"2025-11-27T12:04:04+00:00\",\"mainEntityOfPage\":{\"@id\":\"https:\\\/\\\/aboveit.fi\\\/de\\\/ein-turbulenter-sommer\\\/\"},\"wordCount\":1107,\"publisher\":{\"@id\":\"https:\\\/\\\/aboveit.fi\\\/de\\\/#organization\"},\"image\":{\"@id\":\"https:\\\/\\\/aboveit.fi\\\/de\\\/ein-turbulenter-sommer\\\/#primaryimage\"},\"thumbnailUrl\":\"https:\\\/\\\/aboveit.fi\\\/wp-content\\\/uploads\\\/2024\\\/07\\\/1547-scaled-1.jpg\",\"keywords\":[\"Afterwork\",\"Datenschutz\",\"IT-Sicherheit\"],\"articleSection\":[\"IT-Sicherheit\",\"Nachrichten\"],\"inLanguage\":\"de\"},{\"@type\":\"WebPage\",\"@id\":\"https:\\\/\\\/aboveit.fi\\\/de\\\/ein-turbulenter-sommer\\\/\",\"url\":\"https:\\\/\\\/aboveit.fi\\\/de\\\/ein-turbulenter-sommer\\\/\",\"name\":\"Ein turbulenter Sommer - Above IT Oy\",\"isPartOf\":{\"@id\":\"https:\\\/\\\/aboveit.fi\\\/de\\\/#website\"},\"primaryImageOfPage\":{\"@id\":\"https:\\\/\\\/aboveit.fi\\\/de\\\/ein-turbulenter-sommer\\\/#primaryimage\"},\"image\":{\"@id\":\"https:\\\/\\\/aboveit.fi\\\/de\\\/ein-turbulenter-sommer\\\/#primaryimage\"},\"thumbnailUrl\":\"https:\\\/\\\/aboveit.fi\\\/wp-content\\\/uploads\\\/2024\\\/07\\\/1547-scaled-1.jpg\",\"datePublished\":\"2024-07-30T06:52:02+00:00\",\"dateModified\":\"2025-11-27T12:04:04+00:00\",\"description\":\"Der turbulente Sommer aus Sicht der Cybersicherheit wird im Blog von Above IT behandelt, wo zur Zukunft der Cybersicherheit Stellung bezogen wird.\",\"breadcrumb\":{\"@id\":\"https:\\\/\\\/aboveit.fi\\\/de\\\/ein-turbulenter-sommer\\\/#breadcrumb\"},\"inLanguage\":\"de\",\"potentialAction\":[{\"@type\":\"ReadAction\",\"target\":[\"https:\\\/\\\/aboveit.fi\\\/de\\\/ein-turbulenter-sommer\\\/\"]}]},{\"@type\":\"ImageObject\",\"inLanguage\":\"de\",\"@id\":\"https:\\\/\\\/aboveit.fi\\\/de\\\/ein-turbulenter-sommer\\\/#primaryimage\",\"url\":\"https:\\\/\\\/aboveit.fi\\\/wp-content\\\/uploads\\\/2024\\\/07\\\/1547-scaled-1.jpg\",\"contentUrl\":\"https:\\\/\\\/aboveit.fi\\\/wp-content\\\/uploads\\\/2024\\\/07\\\/1547-scaled-1.jpg\",\"width\":1920,\"height\":1280,\"caption\":\"Ein turbulenter Sommer aus Sicht der Cybersicherheit in der Diskussion\"},{\"@type\":\"BreadcrumbList\",\"@id\":\"https:\\\/\\\/aboveit.fi\\\/de\\\/ein-turbulenter-sommer\\\/#breadcrumb\",\"itemListElement\":[{\"@type\":\"ListItem\",\"position\":1,\"name\":\"Etusivu\",\"item\":\"https:\\\/\\\/aboveit.fi\\\/de\\\/\"},{\"@type\":\"ListItem\",\"position\":2,\"name\":\"Ein turbulenter Sommer\"}]},{\"@type\":\"WebSite\",\"@id\":\"https:\\\/\\\/aboveit.fi\\\/de\\\/#website\",\"url\":\"https:\\\/\\\/aboveit.fi\\\/de\\\/\",\"name\":\"We Are Above IT\",\"description\":\"Tietohallinnon voimavarakumppani\",\"publisher\":{\"@id\":\"https:\\\/\\\/aboveit.fi\\\/de\\\/#organization\"},\"potentialAction\":[{\"@type\":\"SearchAction\",\"target\":{\"@type\":\"EntryPoint\",\"urlTemplate\":\"https:\\\/\\\/aboveit.fi\\\/de\\\/?s={search_term_string}\"},\"query-input\":{\"@type\":\"PropertyValueSpecification\",\"valueRequired\":true,\"valueName\":\"search_term_string\"}}],\"inLanguage\":\"de\"},{\"@type\":\"Organization\",\"@id\":\"https:\\\/\\\/aboveit.fi\\\/de\\\/#organization\",\"name\":\"Above IT Oy\",\"url\":\"https:\\\/\\\/aboveit.fi\\\/de\\\/\",\"logo\":{\"@type\":\"ImageObject\",\"inLanguage\":\"de\",\"@id\":\"https:\\\/\\\/aboveit.fi\\\/de\\\/#\\\/schema\\\/logo\\\/image\\\/\",\"url\":\"https:\\\/\\\/aboveit.fi\\\/wp-content\\\/uploads\\\/2024\\\/10\\\/aboveIT-logo.png\",\"contentUrl\":\"https:\\\/\\\/aboveit.fi\\\/wp-content\\\/uploads\\\/2024\\\/10\\\/aboveIT-logo.png\",\"width\":1613,\"height\":383,\"caption\":\"Above IT Oy\"},\"image\":{\"@id\":\"https:\\\/\\\/aboveit.fi\\\/de\\\/#\\\/schema\\\/logo\\\/image\\\/\"},\"sameAs\":[\"https:\\\/\\\/www.facebook.com\\\/aboveitfi\",\"https:\\\/\\\/www.linkedin.com\\\/company\\\/aboveitfi\",\"https:\\\/\\\/instagram.com\\\/aboveitfi\"]},{\"@type\":\"Person\",\"@id\":\"https:\\\/\\\/aboveit.fi\\\/de\\\/#\\\/schema\\\/person\\\/8b6b16ca2927e8021cd0a2fc2a09ce5d\",\"name\":\"Juha Kari\",\"image\":{\"@type\":\"ImageObject\",\"inLanguage\":\"de\",\"@id\":\"https:\\\/\\\/secure.gravatar.com\\\/avatar\\\/3673353ef8de813771f6c6e6251f2a017a8167d2b4f9e43ac0692cc89ce69aeb?s=96&d=mm&r=g\",\"url\":\"https:\\\/\\\/secure.gravatar.com\\\/avatar\\\/3673353ef8de813771f6c6e6251f2a017a8167d2b4f9e43ac0692cc89ce69aeb?s=96&d=mm&r=g\",\"contentUrl\":\"https:\\\/\\\/secure.gravatar.com\\\/avatar\\\/3673353ef8de813771f6c6e6251f2a017a8167d2b4f9e43ac0692cc89ce69aeb?s=96&d=mm&r=g\",\"caption\":\"Juha Kari\"},\"sameAs\":[\"https:\\\/\\\/aboveit.fi\"],\"url\":\"https:\\\/\\\/aboveit.fi\\\/de\\\/author\\\/juha-kariaboveit-fi\\\/\"}]}<\/script>\n<!-- \/ Yoast SEO plugin. -->","yoast_head_json":{"title":"Ein turbulenter Sommer - Above IT Oy","description":"Der turbulente Sommer aus Sicht der Cybersicherheit wird im Blog von Above IT behandelt, wo zur Zukunft der Cybersicherheit Stellung bezogen wird.","robots":{"index":"index","follow":"follow","max-snippet":"max-snippet:-1","max-image-preview":"max-image-preview:large","max-video-preview":"max-video-preview:-1"},"canonical":"https:\/\/aboveit.fi\/de\/ein-turbulenter-sommer\/","og_locale":"de_DE","og_type":"article","og_title":"Ein turbulenter Sommer - Above IT Oy","og_description":"Der turbulente Sommer aus Sicht der Cybersicherheit wird im Blog von Above IT behandelt, wo zur Zukunft der Cybersicherheit Stellung bezogen wird.","og_url":"https:\/\/aboveit.fi\/de\/ein-turbulenter-sommer\/","og_site_name":"Above IT Oy","article_publisher":"https:\/\/www.facebook.com\/aboveitfi","article_published_time":"2024-07-30T06:52:02+00:00","article_modified_time":"2025-11-27T12:04:04+00:00","og_image":[{"width":1920,"height":1280,"url":"https:\/\/aboveit.fi\/wp-content\/uploads\/2024\/07\/1547-scaled-1.jpg","type":"image\/jpeg"}],"author":"Juha Kari","twitter_card":"summary_large_image","twitter_misc":{"Verfasst von":"Juha Kari","Gesch\u00e4tzte Lesezeit":"6\u00a0Minuten"},"schema":{"@context":"https:\/\/schema.org","@graph":[{"@type":"Article","@id":"https:\/\/aboveit.fi\/de\/ein-turbulenter-sommer\/#article","isPartOf":{"@id":"https:\/\/aboveit.fi\/de\/ein-turbulenter-sommer\/"},"author":{"name":"Juha Kari","@id":"https:\/\/aboveit.fi\/de\/#\/schema\/person\/8b6b16ca2927e8021cd0a2fc2a09ce5d"},"headline":"Ein turbulenter Sommer","datePublished":"2024-07-30T06:52:02+00:00","dateModified":"2025-11-27T12:04:04+00:00","mainEntityOfPage":{"@id":"https:\/\/aboveit.fi\/de\/ein-turbulenter-sommer\/"},"wordCount":1107,"publisher":{"@id":"https:\/\/aboveit.fi\/de\/#organization"},"image":{"@id":"https:\/\/aboveit.fi\/de\/ein-turbulenter-sommer\/#primaryimage"},"thumbnailUrl":"https:\/\/aboveit.fi\/wp-content\/uploads\/2024\/07\/1547-scaled-1.jpg","keywords":["Afterwork","Datenschutz","IT-Sicherheit"],"articleSection":["IT-Sicherheit","Nachrichten"],"inLanguage":"de"},{"@type":"WebPage","@id":"https:\/\/aboveit.fi\/de\/ein-turbulenter-sommer\/","url":"https:\/\/aboveit.fi\/de\/ein-turbulenter-sommer\/","name":"Ein turbulenter Sommer - Above IT Oy","isPartOf":{"@id":"https:\/\/aboveit.fi\/de\/#website"},"primaryImageOfPage":{"@id":"https:\/\/aboveit.fi\/de\/ein-turbulenter-sommer\/#primaryimage"},"image":{"@id":"https:\/\/aboveit.fi\/de\/ein-turbulenter-sommer\/#primaryimage"},"thumbnailUrl":"https:\/\/aboveit.fi\/wp-content\/uploads\/2024\/07\/1547-scaled-1.jpg","datePublished":"2024-07-30T06:52:02+00:00","dateModified":"2025-11-27T12:04:04+00:00","description":"Der turbulente Sommer aus Sicht der Cybersicherheit wird im Blog von Above IT behandelt, wo zur Zukunft der Cybersicherheit Stellung bezogen wird.","breadcrumb":{"@id":"https:\/\/aboveit.fi\/de\/ein-turbulenter-sommer\/#breadcrumb"},"inLanguage":"de","potentialAction":[{"@type":"ReadAction","target":["https:\/\/aboveit.fi\/de\/ein-turbulenter-sommer\/"]}]},{"@type":"ImageObject","inLanguage":"de","@id":"https:\/\/aboveit.fi\/de\/ein-turbulenter-sommer\/#primaryimage","url":"https:\/\/aboveit.fi\/wp-content\/uploads\/2024\/07\/1547-scaled-1.jpg","contentUrl":"https:\/\/aboveit.fi\/wp-content\/uploads\/2024\/07\/1547-scaled-1.jpg","width":1920,"height":1280,"caption":"Ein turbulenter Sommer aus Sicht der Cybersicherheit in der Diskussion"},{"@type":"BreadcrumbList","@id":"https:\/\/aboveit.fi\/de\/ein-turbulenter-sommer\/#breadcrumb","itemListElement":[{"@type":"ListItem","position":1,"name":"Etusivu","item":"https:\/\/aboveit.fi\/de\/"},{"@type":"ListItem","position":2,"name":"Ein turbulenter Sommer"}]},{"@type":"WebSite","@id":"https:\/\/aboveit.fi\/de\/#website","url":"https:\/\/aboveit.fi\/de\/","name":"We Are Above IT","description":"Tietohallinnon voimavarakumppani","publisher":{"@id":"https:\/\/aboveit.fi\/de\/#organization"},"potentialAction":[{"@type":"SearchAction","target":{"@type":"EntryPoint","urlTemplate":"https:\/\/aboveit.fi\/de\/?s={search_term_string}"},"query-input":{"@type":"PropertyValueSpecification","valueRequired":true,"valueName":"search_term_string"}}],"inLanguage":"de"},{"@type":"Organization","@id":"https:\/\/aboveit.fi\/de\/#organization","name":"Above IT Oy","url":"https:\/\/aboveit.fi\/de\/","logo":{"@type":"ImageObject","inLanguage":"de","@id":"https:\/\/aboveit.fi\/de\/#\/schema\/logo\/image\/","url":"https:\/\/aboveit.fi\/wp-content\/uploads\/2024\/10\/aboveIT-logo.png","contentUrl":"https:\/\/aboveit.fi\/wp-content\/uploads\/2024\/10\/aboveIT-logo.png","width":1613,"height":383,"caption":"Above IT Oy"},"image":{"@id":"https:\/\/aboveit.fi\/de\/#\/schema\/logo\/image\/"},"sameAs":["https:\/\/www.facebook.com\/aboveitfi","https:\/\/www.linkedin.com\/company\/aboveitfi","https:\/\/instagram.com\/aboveitfi"]},{"@type":"Person","@id":"https:\/\/aboveit.fi\/de\/#\/schema\/person\/8b6b16ca2927e8021cd0a2fc2a09ce5d","name":"Juha Kari","image":{"@type":"ImageObject","inLanguage":"de","@id":"https:\/\/secure.gravatar.com\/avatar\/3673353ef8de813771f6c6e6251f2a017a8167d2b4f9e43ac0692cc89ce69aeb?s=96&d=mm&r=g","url":"https:\/\/secure.gravatar.com\/avatar\/3673353ef8de813771f6c6e6251f2a017a8167d2b4f9e43ac0692cc89ce69aeb?s=96&d=mm&r=g","contentUrl":"https:\/\/secure.gravatar.com\/avatar\/3673353ef8de813771f6c6e6251f2a017a8167d2b4f9e43ac0692cc89ce69aeb?s=96&d=mm&r=g","caption":"Juha Kari"},"sameAs":["https:\/\/aboveit.fi"],"url":"https:\/\/aboveit.fi\/de\/author\/juha-kariaboveit-fi\/"}]}},"_links":{"self":[{"href":"https:\/\/aboveit.fi\/de\/wp-json\/wp\/v2\/posts\/9365","targetHints":{"allow":["GET"]}}],"collection":[{"href":"https:\/\/aboveit.fi\/de\/wp-json\/wp\/v2\/posts"}],"about":[{"href":"https:\/\/aboveit.fi\/de\/wp-json\/wp\/v2\/types\/post"}],"author":[{"embeddable":true,"href":"https:\/\/aboveit.fi\/de\/wp-json\/wp\/v2\/users\/3"}],"replies":[{"embeddable":true,"href":"https:\/\/aboveit.fi\/de\/wp-json\/wp\/v2\/comments?post=9365"}],"version-history":[{"count":1,"href":"https:\/\/aboveit.fi\/de\/wp-json\/wp\/v2\/posts\/9365\/revisions"}],"predecessor-version":[{"id":9369,"href":"https:\/\/aboveit.fi\/de\/wp-json\/wp\/v2\/posts\/9365\/revisions\/9369"}],"wp:featuredmedia":[{"embeddable":true,"href":"https:\/\/aboveit.fi\/de\/wp-json\/wp\/v2\/media\/9367"}],"wp:attachment":[{"href":"https:\/\/aboveit.fi\/de\/wp-json\/wp\/v2\/media?parent=9365"}],"wp:term":[{"taxonomy":"category","embeddable":true,"href":"https:\/\/aboveit.fi\/de\/wp-json\/wp\/v2\/categories?post=9365"},{"taxonomy":"post_tag","embeddable":true,"href":"https:\/\/aboveit.fi\/de\/wp-json\/wp\/v2\/tags?post=9365"}],"curies":[{"name":"wp","href":"https:\/\/api.w.org\/{rel}","templated":true}]}}