{"id":9316,"date":"2024-06-04T08:47:18","date_gmt":"2024-06-04T06:47:18","guid":{"rendered":"https:\/\/aboveit.fi\/druckmanagement-aus-der-cloud\/"},"modified":"2025-11-27T14:03:50","modified_gmt":"2025-11-27T12:03:50","slug":"druckmanagement-aus-der-cloud","status":"publish","type":"post","link":"https:\/\/aboveit.fi\/de\/druckmanagement-aus-der-cloud\/","title":{"rendered":"Druckmanagement aus der Cloud!"},"content":{"rendered":"\t\t<div data-elementor-type=\"wp-post\" data-elementor-id=\"9316\" class=\"elementor elementor-9316 elementor-1840\" data-elementor-post-type=\"post\">\n\t\t\t\t\t\t<section class=\"elementor-section elementor-top-section elementor-element elementor-element-6cd027f elementor-section-boxed elementor-section-height-default elementor-section-height-default\" data-id=\"6cd027f\" data-element_type=\"section\" data-e-type=\"section\">\n\t\t\t\t\t\t<div class=\"elementor-container elementor-column-gap-default\">\n\t\t\t\t\t<div class=\"elementor-column elementor-col-100 elementor-top-column elementor-element elementor-element-fcfce7f\" data-id=\"fcfce7f\" data-element_type=\"column\" data-e-type=\"column\">\n\t\t\t<div class=\"elementor-widget-wrap elementor-element-populated\">\n\t\t\t\t\t\t<div class=\"elementor-element elementor-element-127c791 elementor-widget elementor-widget-heading\" data-id=\"127c791\" data-element_type=\"widget\" data-e-type=\"widget\" data-widget_type=\"heading.default\">\n\t\t\t\t<div class=\"elementor-widget-container\">\n\t\t\t\t\t<h2 class=\"elementor-heading-title elementor-size-default\">M\u00f6chten auch Sie Druckserver loswerden?<\/h2>\t\t\t\t<\/div>\n\t\t\t\t<\/div>\n\t\t\t\t\t<\/div>\n\t\t<\/div>\n\t\t\t\t\t<\/div>\n\t\t<\/section>\n\t\t\t\t<section class=\"elementor-section elementor-top-section elementor-element elementor-element-6b771d5 elementor-section-boxed elementor-section-height-default elementor-section-height-default\" data-id=\"6b771d5\" data-element_type=\"section\" data-e-type=\"section\">\n\t\t\t\t\t\t<div class=\"elementor-container elementor-column-gap-default\">\n\t\t\t\t\t<div class=\"elementor-column elementor-col-100 elementor-top-column elementor-element elementor-element-010f7cf\" data-id=\"010f7cf\" data-element_type=\"column\" data-e-type=\"column\">\n\t\t\t<div class=\"elementor-widget-wrap elementor-element-populated\">\n\t\t\t\t\t\t<div class=\"elementor-element elementor-element-a2653c9 elementor-widget elementor-widget-text-editor\" data-id=\"a2653c9\" data-element_type=\"widget\" data-e-type=\"widget\" data-widget_type=\"text-editor.default\">\n\t\t\t\t<div class=\"elementor-widget-container\">\n\t\t\t\t\t\t\t\t\t<p class=\"wp-block-heading\">Druckmanagement aus der Cloud? Ich habe meine Kunden bereits seit weit \u00fcber einem Jahrzehnt zu SaaS-Cloud-Diensten gef\u00fchrt. Ich erinnere mich an die Anf\u00e4nge der Office 365-Dienste, als mein damaliger Arbeitgeber fragte, ob die grundlegenden B\u00fcrodienste des Unternehmens bereits vollst\u00e4ndig cloudbasiert als SaaS-Dienste \u2013 komplett ohne Server \u2013 aufgebaut werden k\u00f6nnten? Damals z\u00f6gerte ich noch etwas, da L\u00f6sungen in Bezug auf Sicherheit und zentrale Verwaltung noch in den Kinderschuhen steckten. Die Idee als Vision war jedoch interessant, und ich begann, dar\u00fcber nachzudenken. Und diese Vision wurde im Laufe der folgenden Jahre weitgehend umgesetzt.     <\/p>\n<div class=\"section-wrapper\" data-id=\"Cs3QKe\">\n<section class=\"wp-block-gutenverse-section guten-element guten-section guten-Cs3QKe layout-boxed align-stretch\">\n<div class=\"guten-container guten-column-gap-default\">\n<div class=\"wp-block-gutenverse-column guten-element guten-column guten-4wDKgO\">\n<div class=\"sticky-wrapper\" data-id=\"4wDKgO\">\n<div class=\"guten-column-wrapper\">\n<p>Eine der letzten Bastionen auf dem Weg der Unternehmen in die Cloud schien jedoch die Verwaltung von Druckern, Druckwarteschlangen und Anwendungen zur Verbrauchsmaterialverwaltung zu sein. Gl\u00fccklicherweise gibt es auf dem Markt SaaS-L\u00f6sungen von Drittanbietern, und auch Microsoft hat sein auf Entra ID basierendes Universal Print-Modell als L\u00f6sung f\u00fcr die Verwaltung von Druckwarteschlangen in der Cloud-Welt angeboten. Doch wie sollte man vorgehen, wenn die Anforderungen an das Drucken steigen, beispielsweise im Hinblick auf sicheres Drucken?  <\/p>\n<\/div>\n<\/div>\n<\/div>\n<\/div>\n<\/section>\n<\/div>\t\t\t\t\t\t\t\t<\/div>\n\t\t\t\t<\/div>\n\t\t\t\t\t<\/div>\n\t\t<\/div>\n\t\t\t\t\t<\/div>\n\t\t<\/section>\n\t\t\t\t<section class=\"elementor-section elementor-top-section elementor-element elementor-element-6b53384 elementor-section-boxed elementor-section-height-default elementor-section-height-default\" data-id=\"6b53384\" data-element_type=\"section\" data-e-type=\"section\">\n\t\t\t\t\t\t<div class=\"elementor-container elementor-column-gap-default\">\n\t\t\t\t\t<div class=\"elementor-column elementor-col-100 elementor-top-column elementor-element elementor-element-42a5071\" data-id=\"42a5071\" data-element_type=\"column\" data-e-type=\"column\">\n\t\t\t<div class=\"elementor-widget-wrap elementor-element-populated\">\n\t\t\t\t\t\t<div class=\"elementor-element elementor-element-c679863 elementor-widget elementor-widget-heading\" data-id=\"c679863\" data-element_type=\"widget\" data-e-type=\"widget\" data-widget_type=\"heading.default\">\n\t\t\t\t<div class=\"elementor-widget-container\">\n\t\t\t\t\t<h2 class=\"elementor-heading-title elementor-size-default\">Lokales Drucken<\/h2>\t\t\t\t<\/div>\n\t\t\t\t<\/div>\n\t\t\t\t\t<\/div>\n\t\t<\/div>\n\t\t\t\t\t<\/div>\n\t\t<\/section>\n\t\t\t\t<section class=\"elementor-section elementor-top-section elementor-element elementor-element-e12a077 elementor-section-boxed elementor-section-height-default elementor-section-height-default\" data-id=\"e12a077\" data-element_type=\"section\" data-e-type=\"section\">\n\t\t\t\t\t\t<div class=\"elementor-container elementor-column-gap-default\">\n\t\t\t\t\t<div class=\"elementor-column elementor-col-100 elementor-top-column elementor-element elementor-element-e54ba58\" data-id=\"e54ba58\" data-element_type=\"column\" data-e-type=\"column\">\n\t\t\t<div class=\"elementor-widget-wrap elementor-element-populated\">\n\t\t\t\t\t\t<div class=\"elementor-element elementor-element-61bd25a elementor-widget elementor-widget-text-editor\" data-id=\"61bd25a\" data-element_type=\"widget\" data-e-type=\"widget\" data-widget_type=\"text-editor.default\">\n\t\t\t\t<div class=\"elementor-widget-container\">\n\t\t\t\t\t\t\t\t\t<p>F\u00fcr IT-Umgebungen kleiner Unternehmen sollte man die Dinge nicht zu kompliziert machen. Drucker und Workstations sind gr\u00f6\u00dftenteils Ger\u00e4te, die \u00fcber einen l\u00e4ngeren Zeitraum verwendet werden, und die Umgebung ist typischerweise sehr stabil. In kleinen Umgebungen k\u00f6nnen Druckwarteschlangen einfach manuell und lokal installiert werden, da dies nicht viel Arbeitszeit in Anspruch nimmt.  <\/p>\n<p><\/p>\n<p>Und genau das ist das Cloud-Modell in der Praxis: Wenn Workstations nicht an Server gebunden sind, werden auch Druckwarteschlangen auf den Workstations als lokale Warteschlangen behandelt. Das hei\u00dft, wenn von SaaS-basiertem Druckmanagement die Rede ist, werden die Druckwarteschlangen typischerweise \u00fcber eine zentrale Verwaltung als lokale Warteschlangen auf die Workstations gebracht, und die Workstations kommunizieren in ihrem lokalen Netzwerk direkt mit den Druckern. <\/p>\t\t\t\t\t\t\t\t<\/div>\n\t\t\t\t<\/div>\n\t\t\t\t\t<\/div>\n\t\t<\/div>\n\t\t\t\t\t<\/div>\n\t\t<\/section>\n\t\t\t\t<section class=\"elementor-section elementor-top-section elementor-element elementor-element-d33c3d6 elementor-section-boxed elementor-section-height-default elementor-section-height-default\" data-id=\"d33c3d6\" data-element_type=\"section\" data-e-type=\"section\">\n\t\t\t\t\t\t<div class=\"elementor-container elementor-column-gap-default\">\n\t\t\t\t\t<div class=\"elementor-column elementor-col-100 elementor-top-column elementor-element elementor-element-ab7ae28\" data-id=\"ab7ae28\" data-element_type=\"column\" data-e-type=\"column\">\n\t\t\t<div class=\"elementor-widget-wrap elementor-element-populated\">\n\t\t\t\t\t\t<div class=\"elementor-element elementor-element-c90124e elementor-widget elementor-widget-heading\" data-id=\"c90124e\" data-element_type=\"widget\" data-e-type=\"widget\" data-widget_type=\"heading.default\">\n\t\t\t\t<div class=\"elementor-widget-container\">\n\t\t\t\t\t<h2 class=\"elementor-heading-title elementor-size-default\">Microsoft Universal Print beschleunigt das Cloud-Modell<\/h2>\t\t\t\t<\/div>\n\t\t\t\t<\/div>\n\t\t\t\t\t<\/div>\n\t\t<\/div>\n\t\t\t\t\t<\/div>\n\t\t<\/section>\n\t\t\t\t<section class=\"elementor-section elementor-top-section elementor-element elementor-element-50e8d31 elementor-section-boxed elementor-section-height-default elementor-section-height-default\" data-id=\"50e8d31\" data-element_type=\"section\" data-e-type=\"section\">\n\t\t\t\t\t\t<div class=\"elementor-container elementor-column-gap-default\">\n\t\t\t\t\t<div class=\"elementor-column elementor-col-100 elementor-top-column elementor-element elementor-element-96cfe41\" data-id=\"96cfe41\" data-element_type=\"column\" data-e-type=\"column\">\n\t\t\t<div class=\"elementor-widget-wrap elementor-element-populated\">\n\t\t\t\t\t\t<div class=\"elementor-element elementor-element-9f87d95 elementor-widget elementor-widget-text-editor\" data-id=\"9f87d95\" data-element_type=\"widget\" data-e-type=\"widget\" data-widget_type=\"text-editor.default\">\n\t\t\t\t<div class=\"elementor-widget-container\">\n\t\t\t\t\t\t\t\t\t<div class=\"section-wrapper\" data-id=\"Cs3QKe\">\n<section class=\"wp-block-gutenverse-section guten-element guten-section guten-Cs3QKe layout-boxed align-stretch\">\n<div class=\"guten-container guten-column-gap-default\">\n<div class=\"wp-block-gutenverse-column guten-element guten-column guten-4wDKgO\">\n<div class=\"sticky-wrapper\" data-id=\"4wDKgO\">\n<div class=\"guten-column-wrapper\">Microsoft hat f\u00fcr die Unterst\u00fctzung der Unternehmensversionen von Windows seinen eigenen Universal Print in die Cloud gebracht, um das Druckmanagement und die Druckerverteilung aus der Cloud zu erm\u00f6glichen. Es war erfreulich zu sehen, wie sich dieser Bereich in den letzten Jahren entwickelt hat, wobei Microsoft nun auch schlanke L\u00f6sungen f\u00fcr <a href=\"https:\/\/learn.microsoft.com\/fi-fi\/universal-print\/fundamentals\/universal-print-qrcode\">sichereres Drucken<\/a> und <a href=\"https:\/\/learn.microsoft.com\/en-us\/universal-print\/portal\/view-print-usage\">Druckberichte<\/a> erm\u00f6glicht. <\/div>\n<div> <\/div>\n<div class=\"guten-column-wrapper\">Ein blinder Fleck war jedoch, dass es noch so wenige Universal Print-kompatible Drucker gibt. \u00c4ltere, weniger kompatible Drucker k\u00f6nnen mit Universal Print zum Laufen gebracht werden, indem ein Connector auf dem Druckserver installiert wird, der die Funktionalit\u00e4t f\u00fcr \u00e4ltere Drucker erm\u00f6glicht. Aber auch hierf\u00fcr wird weiterhin ein Server ben\u00f6tigt. Eine weitere Option war die Nutzung von SaaS-Druckl\u00f6sungen von Drittanbietern, die in Microsoft Universal Print integriert sind, wodurch eine Verbindung zwischen Universal Print und \u00e4lteren Druckern \u00fcber die Cloud hergestellt werden kann.   <\/div>\n<div> <\/div>\n<div class=\"guten-column-wrapper\">Von verschiedenen Herstellern sind jedoch immer schneller neue Modelle auf dem Markt gekommen, die direkt mit Microsoft Universal Print kompatibel sind. Im besten Fall w\u00fcrde es ausreichen, wenn der Hersteller eine kompatible ger\u00e4tespezifische Software ver\u00f6ffentlicht, die die Verbindung des Druckers mit der Cloud erm\u00f6glicht, aber aus irgendeinem Grund scheinen sie es vorzuziehen, neue Ger\u00e4te zu ver\u00f6ffentlichen und zu verkaufen. <\/div>\n<\/div>\n<\/div>\n<\/div>\n<\/section>\n<\/div>\t\t\t\t\t\t\t\t<\/div>\n\t\t\t\t<\/div>\n\t\t\t\t\t<\/div>\n\t\t<\/div>\n\t\t\t\t\t<\/div>\n\t\t<\/section>\n\t\t\t\t<section class=\"elementor-section elementor-top-section elementor-element elementor-element-1a36f84 elementor-section-boxed elementor-section-height-default elementor-section-height-default\" data-id=\"1a36f84\" data-element_type=\"section\" data-e-type=\"section\">\n\t\t\t\t\t\t<div class=\"elementor-container elementor-column-gap-default\">\n\t\t\t\t\t<div class=\"elementor-column elementor-col-100 elementor-top-column elementor-element elementor-element-60e8d5c\" data-id=\"60e8d5c\" data-element_type=\"column\" data-e-type=\"column\">\n\t\t\t<div class=\"elementor-widget-wrap elementor-element-populated\">\n\t\t\t\t\t\t<div class=\"elementor-element elementor-element-01ab31f elementor-widget elementor-widget-heading\" data-id=\"01ab31f\" data-element_type=\"widget\" data-e-type=\"widget\" data-widget_type=\"heading.default\">\n\t\t\t\t<div class=\"elementor-widget-container\">\n\t\t\t\t\t<h2 class=\"elementor-heading-title elementor-size-default\">Besseres Management und mehr Sicherheit durch SaaS-L\u00f6sungen<\/h2>\t\t\t\t<\/div>\n\t\t\t\t<\/div>\n\t\t\t\t\t<\/div>\n\t\t<\/div>\n\t\t\t\t\t<\/div>\n\t\t<\/section>\n\t\t\t\t<section class=\"elementor-section elementor-top-section elementor-element elementor-element-04f4893 elementor-section-boxed elementor-section-height-default elementor-section-height-default\" data-id=\"04f4893\" data-element_type=\"section\" data-e-type=\"section\">\n\t\t\t\t\t\t<div class=\"elementor-container elementor-column-gap-default\">\n\t\t\t\t\t<div class=\"elementor-column elementor-col-100 elementor-top-column elementor-element elementor-element-42495e8\" data-id=\"42495e8\" data-element_type=\"column\" data-e-type=\"column\">\n\t\t\t<div class=\"elementor-widget-wrap elementor-element-populated\">\n\t\t\t\t\t\t<div class=\"elementor-element elementor-element-f806cbe elementor-widget elementor-widget-text-editor\" data-id=\"f806cbe\" data-element_type=\"widget\" data-e-type=\"widget\" data-widget_type=\"text-editor.default\">\n\t\t\t\t<div class=\"elementor-widget-container\">\n\t\t\t\t\t\t\t\t\t<div class=\"section-wrapper\" data-id=\"Cs3QKe\">\n<section class=\"wp-block-gutenverse-section guten-element guten-section guten-Cs3QKe layout-boxed align-stretch\">\n<div class=\"guten-container guten-column-gap-default\">\n<div class=\"wp-block-gutenverse-column guten-element guten-column guten-4wDKgO\">\n<div class=\"sticky-wrapper\" data-id=\"4wDKgO\">Viele fragen sich vielleicht schon, warum wir \u00fcberhaupt noch SaaS-L\u00f6sungen von Drittanbietern f\u00fcr das Druckermanagement ben\u00f6tigen? Die Antwort ist einfach: Die L\u00f6sungen m\u00fcssen sich an den eigenen Bed\u00fcrfnissen der Organisation orientieren. Above IT bietet als SaaS-basierte Druckl\u00f6sungen von Drittanbietern den urspr\u00fcnglich d\u00e4nischen <a href=\"https:\/\/printix.net\/\">Printix-Dienst<\/a> an, der urspr\u00fcnglich f\u00fcr die Druckanforderungen eines lokalen Universit\u00e4tsgel\u00e4ndes entwickelt wurde. Printix ist eine herstellerunabh\u00e4ngige, cloudbasierte zentrale Druckverwaltung, die am besten Organisationen mit mehreren Standorten dient, indem sie einfaches Drucken und Automatisierung f\u00fcr die Anforderungen verschiedener Gesch\u00e4ftsbereiche erm\u00f6glicht und auch die g\u00e4ngigsten Etikettendrucker unterst\u00fctzt.   <\/div>\n<div data-id=\"4wDKgO\"> <\/div>\n<div class=\"sticky-wrapper\" data-id=\"4wDKgO\">Printix integriert sich in Microsoft 365- und Google-Umgebungen und erm\u00f6glicht so die Integration beispielsweise in Microsoft Universal Print, was bedeutet, dass auch \u00e4ltere Drucker rein \u00fcber die Cloud in den Bereich von Microsoft Universal Print gebracht werden k\u00f6nnen \u2013 ohne Server. Und das Beste daran: Es gibt native Unterst\u00fctzung f\u00fcr das Drucken auf allen g\u00e4ngigen Endger\u00e4te- und Betriebssystemtypen \u2013 sogar mobil. <\/div>\n<div data-id=\"4wDKgO\"> <\/div>\n<div class=\"sticky-wrapper\" data-id=\"4wDKgO\">Sicheres Drucken kann auch ein Bed\u00fcrfnis sein, bei dem eine Organisation keine Kompromisse eingehen m\u00f6chte. Dies kann f\u00fcr den <a href=\"https:\/\/aboveit.fi\/de\/datenschutz-in-der-microsoft-cloud\/\">Datenschutz<\/a> der Organisation wichtig sein! Printix erm\u00f6glicht die Nutzung ger\u00e4tespezifischer Sicherheitskartenleser f\u00fcr das Management des sicheren Druckens vollst\u00e4ndig cloudbasiert, unter Authentifizierung von Entra ID-Benutzern. Druckbezogene Berichte k\u00f6nnen \u00fcber eine eigene Azure-Datenbank sicher und mit sehr anpassbaren PowerBI-Berichten erstellt werden.   <\/div>\n<div data-id=\"4wDKgO\"> <\/div>\n<div class=\"sticky-wrapper\" data-id=\"4wDKgO\">Ich selbst habe die Printix-L\u00f6sungen bereits vor Jahren kennengelernt und diese Cloud-Druckl\u00f6sung in der Vergangenheit erfolgreich bei verschiedenen Organisationen implementiert. Zwar verf\u00fcgen viele Druckerhersteller inzwischen \u00fcber eigene vergleichbare SaaS-L\u00f6sungen, aber wenn Sie Dinge herstellerunabh\u00e4ngig und schlank gestalten m\u00f6chten, sollten Sie meiner Meinung nach einen Blick darauf werfen. <\/div>\n<\/div>\n<\/div>\n<\/section>\n<\/div>\t\t\t\t\t\t\t\t<\/div>\n\t\t\t\t<\/div>\n\t\t\t\t\t<\/div>\n\t\t<\/div>\n\t\t\t\t\t<\/div>\n\t\t<\/section>\n\t\t\t\t<section class=\"elementor-section elementor-top-section elementor-element elementor-element-80b380f elementor-section-boxed elementor-section-height-default elementor-section-height-default\" data-id=\"80b380f\" data-element_type=\"section\" data-e-type=\"section\">\n\t\t\t\t\t\t<div class=\"elementor-container elementor-column-gap-default\">\n\t\t\t\t\t<div class=\"elementor-column elementor-col-100 elementor-top-column elementor-element elementor-element-9bc5e5e\" data-id=\"9bc5e5e\" data-element_type=\"column\" data-e-type=\"column\">\n\t\t\t<div class=\"elementor-widget-wrap elementor-element-populated\">\n\t\t\t\t\t\t<div class=\"elementor-element elementor-element-6ff4527 elementor-widget elementor-widget-heading\" data-id=\"6ff4527\" data-element_type=\"widget\" data-e-type=\"widget\" data-widget_type=\"heading.default\">\n\t\t\t\t<div class=\"elementor-widget-container\">\n\t\t\t\t\t<h2 class=\"elementor-heading-title elementor-size-default\">Aber was ist mit der Verbrauchsmaterialverwaltung?<\/h2>\t\t\t\t<\/div>\n\t\t\t\t<\/div>\n\t\t\t\t\t<\/div>\n\t\t<\/div>\n\t\t\t\t\t<\/div>\n\t\t<\/section>\n\t\t\t\t<section class=\"elementor-section elementor-top-section elementor-element elementor-element-502d61a6 elementor-section-boxed elementor-section-height-default elementor-section-height-default\" data-id=\"502d61a6\" data-element_type=\"section\" data-e-type=\"section\">\n\t\t\t\t\t\t<div class=\"elementor-container elementor-column-gap-default\">\n\t\t\t\t\t<div class=\"elementor-column elementor-col-100 elementor-top-column elementor-element elementor-element-3e0e84c\" data-id=\"3e0e84c\" data-element_type=\"column\" data-e-type=\"column\">\n\t\t\t<div class=\"elementor-widget-wrap elementor-element-populated\">\n\t\t\t\t\t\t<div class=\"elementor-element elementor-element-66b39f10 elementor-widget elementor-widget-text-editor\" data-id=\"66b39f10\" data-element_type=\"widget\" data-e-type=\"widget\" data-widget_type=\"text-editor.default\">\n\t\t\t\t<div class=\"elementor-widget-container\">\n\t\t\t\t\t\t\t\t\t\n<div class=\"section-wrapper\" data-id=\"Cs3QKe\">\n<section class=\"wp-block-gutenverse-section guten-element guten-section guten-Cs3QKe layout-boxed align-stretch\">\n<div class=\"guten-container guten-column-gap-default\">\n<div class=\"wp-block-gutenverse-column guten-element guten-column guten-4wDKgO\">Druckerhersteller haben oft eigene Anwendungen f\u00fcr die Berichterstattung \u00fcber die Verbrauchsmaterialverwaltung, die fr\u00fcher auf einem Server installiert werden mussten, um den Status der Drucker-Verbrauchsmaterialien zu \u00fcberwachen und dies an den Servicepartner weiterzuleiten. Ich empfehle IT-Abteilungen dringend, sich bei der Ausschreibung von Beschaffungen besonders mit diesem Bereich zu befassen. Denn auf dem Markt gibt es bereits mehrere gr\u00f6\u00dfere Hersteller, die einen rein cloudbasierten Ansatz f\u00fcr die Verbrauchsmaterialberichterstattung anbieten \u2013 denn wer w\u00fcrde noch einen zu wartenden Server f\u00fcr diese Aufgabe ben\u00f6tigen?  <\/div>\n<div> <\/div>\n<div class=\"wp-block-gutenverse-column guten-element guten-column guten-4wDKgO\">Above IT hat selbst ein Kooperationsmodell mit einem Unternehmen vereinbart, das Drucker und Servicepartnerschaften anbietet, und wir k\u00f6nnen IT-Abteilungen bei Bedarf auch in diesem Bereich unterst\u00fctzen. Wenn ein cloudbasierter Ansatz f\u00fcr die Verbrauchsmaterialverwaltung mit vollst\u00e4ndig cloudbasiertem Drucken kombiniert wird, n\u00e4hern wir uns L\u00f6sungen, bei denen Ihre IT-Abteilung wirklich in Betracht ziehen kann, die letzte Server-Bastion loszuwerden \u2013 und das gesamte Drucken Ihrer Organisation vollst\u00e4ndig in die Cloud zu verlagern! Und das ist echtes Druckmanagement aus der Cloud!  <\/div>\n<\/div>\n<\/section>\n<\/div>\n\t\t\t\t\t\t\t\t<\/div>\n\t\t\t\t<\/div>\n\t\t\t\t<div class=\"elementor-element elementor-element-cfbc9ca elementor-widget elementor-widget-text-editor\" data-id=\"cfbc9ca\" data-element_type=\"widget\" data-e-type=\"widget\" data-widget_type=\"text-editor.default\">\n\t\t\t\t<div class=\"elementor-widget-container\">\n\t\t\t\t\t\t\t\t\t<p><em>Above IT ist Ihr Partner und Ihre Ressource f\u00fcr die IT-Verwaltung. Wenn Sie Hilfe bei der Cloud-Migration Ihrer Druckl\u00f6sungen ben\u00f6tigen, k\u00f6nnen wir Ihre IT-Abteilung dabei unterst\u00fctzen, nachhaltige L\u00f6sungen f\u00fcr die Bed\u00fcrfnisse Ihrer Organisation auszuw\u00e4hlen! Buchen Sie also gerne einen Termin \u00fcber den untenstehenden Link, damit wir uns kennenlernen k\u00f6nnen!  <\/em><\/p>\t\t\t\t\t\t\t\t<\/div>\n\t\t\t\t<\/div>\n\t\t\t\t\t<\/div>\n\t\t<\/div>\n\t\t\t\t\t<\/div>\n\t\t<\/section>\n\t\t\t\t<\/div>\n\t\t","protected":false},"excerpt":{"rendered":"<p>M\u00f6chten auch Sie Druckserver loswerden? Druckmanagement aus der Cloud? Ich habe meine Kunden bereits seit weit \u00fcber einem Jahrzehnt zu SaaS-Cloud-Diensten gef\u00fchrt. Ich erinnere mich an die Anf\u00e4nge der Office 365-Dienste, als mein damaliger Arbeitgeber fragte, ob die grundlegenden B\u00fcrodienste des Unternehmens bereits vollst\u00e4ndig cloudbasiert als SaaS-Dienste \u2013 komplett ohne Server \u2013 aufgebaut werden k\u00f6nnten? [&hellip;]<\/p>\n","protected":false},"author":3,"featured_media":9317,"comment_status":"closed","ping_status":"closed","sticky":false,"template":"","format":"standard","meta":{"content-type":"","inline_featured_image":false,"footnotes":""},"categories":[348,224,240],"tags":[311,398,397,399],"class_list":["post-9316","post","type-post","status-publish","format-standard","has-post-thumbnail","hentry","category-der-funktionale-arbeitsplatz","category-microsoft-365","category-technologien","tag-cloud-management","tag-drucken","tag-printix","tag-universal-print"],"yoast_head":"<!-- This site is optimized with the Yoast SEO plugin v27.5 - https:\/\/yoast.com\/product\/yoast-seo-wordpress\/ -->\n<title>Druckmanagement aus der Cloud! - Above IT Oy<\/title>\n<meta name=\"description\" content=\"Druckmanagement aus der Cloud! M\u00f6chten auch Sie Druckserver loswerden? Lesen Sie unseren Blogbeitrag zu diesem Thema!\" \/>\n<meta name=\"robots\" content=\"index, follow, max-snippet:-1, max-image-preview:large, max-video-preview:-1\" \/>\n<link rel=\"canonical\" href=\"https:\/\/aboveit.fi\/de\/druckmanagement-aus-der-cloud\/\" \/>\n<meta property=\"og:locale\" content=\"de_DE\" \/>\n<meta property=\"og:type\" content=\"article\" \/>\n<meta property=\"og:title\" content=\"Druckmanagement aus der Cloud! - Above IT Oy\" \/>\n<meta property=\"og:description\" content=\"Druckmanagement aus der Cloud! M\u00f6chten auch Sie Druckserver loswerden? Lesen Sie unseren Blogbeitrag zu diesem Thema!\" \/>\n<meta property=\"og:url\" content=\"https:\/\/aboveit.fi\/de\/druckmanagement-aus-der-cloud\/\" \/>\n<meta property=\"og:site_name\" content=\"Above IT Oy\" \/>\n<meta property=\"article:publisher\" content=\"https:\/\/www.facebook.com\/aboveitfi\" \/>\n<meta property=\"article:published_time\" content=\"2024-06-04T06:47:18+00:00\" \/>\n<meta property=\"article:modified_time\" content=\"2025-11-27T12:03:50+00:00\" \/>\n<meta property=\"og:image\" content=\"https:\/\/aboveit.fi\/wp-content\/uploads\/2024\/06\/pexels-cottonbro-3201783-scaled-e1717436844225.jpg\" \/>\n\t<meta property=\"og:image:width\" content=\"1710\" \/>\n\t<meta property=\"og:image:height\" content=\"1710\" \/>\n\t<meta property=\"og:image:type\" content=\"image\/jpeg\" \/>\n<meta name=\"author\" content=\"Juha Kari\" \/>\n<meta name=\"twitter:card\" content=\"summary_large_image\" \/>\n<meta name=\"twitter:label1\" content=\"Verfasst von\" \/>\n\t<meta name=\"twitter:data1\" content=\"Juha Kari\" \/>\n\t<meta name=\"twitter:label2\" content=\"Gesch\u00e4tzte Lesezeit\" \/>\n\t<meta name=\"twitter:data2\" content=\"5\u00a0Minuten\" \/>\n<script type=\"application\/ld+json\" class=\"yoast-schema-graph\">{\"@context\":\"https:\\\/\\\/schema.org\",\"@graph\":[{\"@type\":\"Article\",\"@id\":\"https:\\\/\\\/aboveit.fi\\\/de\\\/druckmanagement-aus-der-cloud\\\/#article\",\"isPartOf\":{\"@id\":\"https:\\\/\\\/aboveit.fi\\\/de\\\/druckmanagement-aus-der-cloud\\\/\"},\"author\":{\"name\":\"Juha Kari\",\"@id\":\"https:\\\/\\\/aboveit.fi\\\/de\\\/#\\\/schema\\\/person\\\/8b6b16ca2927e8021cd0a2fc2a09ce5d\"},\"headline\":\"Druckmanagement aus der Cloud!\",\"datePublished\":\"2024-06-04T06:47:18+00:00\",\"dateModified\":\"2025-11-27T12:03:50+00:00\",\"mainEntityOfPage\":{\"@id\":\"https:\\\/\\\/aboveit.fi\\\/de\\\/druckmanagement-aus-der-cloud\\\/\"},\"wordCount\":1059,\"publisher\":{\"@id\":\"https:\\\/\\\/aboveit.fi\\\/de\\\/#organization\"},\"image\":{\"@id\":\"https:\\\/\\\/aboveit.fi\\\/de\\\/druckmanagement-aus-der-cloud\\\/#primaryimage\"},\"thumbnailUrl\":\"https:\\\/\\\/aboveit.fi\\\/wp-content\\\/uploads\\\/2024\\\/06\\\/pexels-cottonbro-3201783-scaled-e1717436844225.jpg\",\"keywords\":[\"Cloud-Management\",\"Drucken\",\"printix\",\"universal print\"],\"articleSection\":[\"Der funktionale Arbeitsplatz\",\"Microsoft 365\",\"Technologien\"],\"inLanguage\":\"de\"},{\"@type\":\"WebPage\",\"@id\":\"https:\\\/\\\/aboveit.fi\\\/de\\\/druckmanagement-aus-der-cloud\\\/\",\"url\":\"https:\\\/\\\/aboveit.fi\\\/de\\\/druckmanagement-aus-der-cloud\\\/\",\"name\":\"Druckmanagement aus der Cloud! - Above IT Oy\",\"isPartOf\":{\"@id\":\"https:\\\/\\\/aboveit.fi\\\/de\\\/#website\"},\"primaryImageOfPage\":{\"@id\":\"https:\\\/\\\/aboveit.fi\\\/de\\\/druckmanagement-aus-der-cloud\\\/#primaryimage\"},\"image\":{\"@id\":\"https:\\\/\\\/aboveit.fi\\\/de\\\/druckmanagement-aus-der-cloud\\\/#primaryimage\"},\"thumbnailUrl\":\"https:\\\/\\\/aboveit.fi\\\/wp-content\\\/uploads\\\/2024\\\/06\\\/pexels-cottonbro-3201783-scaled-e1717436844225.jpg\",\"datePublished\":\"2024-06-04T06:47:18+00:00\",\"dateModified\":\"2025-11-27T12:03:50+00:00\",\"description\":\"Druckmanagement aus der Cloud! M\u00f6chten auch Sie Druckserver loswerden? Lesen Sie unseren Blogbeitrag zu diesem Thema!\",\"breadcrumb\":{\"@id\":\"https:\\\/\\\/aboveit.fi\\\/de\\\/druckmanagement-aus-der-cloud\\\/#breadcrumb\"},\"inLanguage\":\"de\",\"potentialAction\":[{\"@type\":\"ReadAction\",\"target\":[\"https:\\\/\\\/aboveit.fi\\\/de\\\/druckmanagement-aus-der-cloud\\\/\"]}]},{\"@type\":\"ImageObject\",\"inLanguage\":\"de\",\"@id\":\"https:\\\/\\\/aboveit.fi\\\/de\\\/druckmanagement-aus-der-cloud\\\/#primaryimage\",\"url\":\"https:\\\/\\\/aboveit.fi\\\/wp-content\\\/uploads\\\/2024\\\/06\\\/pexels-cottonbro-3201783-scaled-e1717436844225.jpg\",\"contentUrl\":\"https:\\\/\\\/aboveit.fi\\\/wp-content\\\/uploads\\\/2024\\\/06\\\/pexels-cottonbro-3201783-scaled-e1717436844225.jpg\",\"width\":1710,\"height\":1710,\"caption\":\"Druckmanagement aus der Cloud\"},{\"@type\":\"BreadcrumbList\",\"@id\":\"https:\\\/\\\/aboveit.fi\\\/de\\\/druckmanagement-aus-der-cloud\\\/#breadcrumb\",\"itemListElement\":[{\"@type\":\"ListItem\",\"position\":1,\"name\":\"Etusivu\",\"item\":\"https:\\\/\\\/aboveit.fi\\\/de\\\/\"},{\"@type\":\"ListItem\",\"position\":2,\"name\":\"Druckmanagement aus der Cloud!\"}]},{\"@type\":\"WebSite\",\"@id\":\"https:\\\/\\\/aboveit.fi\\\/de\\\/#website\",\"url\":\"https:\\\/\\\/aboveit.fi\\\/de\\\/\",\"name\":\"We Are Above IT\",\"description\":\"Tietohallinnon voimavarakumppani\",\"publisher\":{\"@id\":\"https:\\\/\\\/aboveit.fi\\\/de\\\/#organization\"},\"potentialAction\":[{\"@type\":\"SearchAction\",\"target\":{\"@type\":\"EntryPoint\",\"urlTemplate\":\"https:\\\/\\\/aboveit.fi\\\/de\\\/?s={search_term_string}\"},\"query-input\":{\"@type\":\"PropertyValueSpecification\",\"valueRequired\":true,\"valueName\":\"search_term_string\"}}],\"inLanguage\":\"de\"},{\"@type\":\"Organization\",\"@id\":\"https:\\\/\\\/aboveit.fi\\\/de\\\/#organization\",\"name\":\"Above IT Oy\",\"url\":\"https:\\\/\\\/aboveit.fi\\\/de\\\/\",\"logo\":{\"@type\":\"ImageObject\",\"inLanguage\":\"de\",\"@id\":\"https:\\\/\\\/aboveit.fi\\\/de\\\/#\\\/schema\\\/logo\\\/image\\\/\",\"url\":\"https:\\\/\\\/aboveit.fi\\\/wp-content\\\/uploads\\\/2024\\\/10\\\/aboveIT-logo.png\",\"contentUrl\":\"https:\\\/\\\/aboveit.fi\\\/wp-content\\\/uploads\\\/2024\\\/10\\\/aboveIT-logo.png\",\"width\":1613,\"height\":383,\"caption\":\"Above IT Oy\"},\"image\":{\"@id\":\"https:\\\/\\\/aboveit.fi\\\/de\\\/#\\\/schema\\\/logo\\\/image\\\/\"},\"sameAs\":[\"https:\\\/\\\/www.facebook.com\\\/aboveitfi\",\"https:\\\/\\\/www.linkedin.com\\\/company\\\/aboveitfi\",\"https:\\\/\\\/instagram.com\\\/aboveitfi\"]},{\"@type\":\"Person\",\"@id\":\"https:\\\/\\\/aboveit.fi\\\/de\\\/#\\\/schema\\\/person\\\/8b6b16ca2927e8021cd0a2fc2a09ce5d\",\"name\":\"Juha Kari\",\"image\":{\"@type\":\"ImageObject\",\"inLanguage\":\"de\",\"@id\":\"https:\\\/\\\/secure.gravatar.com\\\/avatar\\\/3673353ef8de813771f6c6e6251f2a017a8167d2b4f9e43ac0692cc89ce69aeb?s=96&d=mm&r=g\",\"url\":\"https:\\\/\\\/secure.gravatar.com\\\/avatar\\\/3673353ef8de813771f6c6e6251f2a017a8167d2b4f9e43ac0692cc89ce69aeb?s=96&d=mm&r=g\",\"contentUrl\":\"https:\\\/\\\/secure.gravatar.com\\\/avatar\\\/3673353ef8de813771f6c6e6251f2a017a8167d2b4f9e43ac0692cc89ce69aeb?s=96&d=mm&r=g\",\"caption\":\"Juha Kari\"},\"sameAs\":[\"https:\\\/\\\/aboveit.fi\"],\"url\":\"https:\\\/\\\/aboveit.fi\\\/de\\\/author\\\/juha-kariaboveit-fi\\\/\"}]}<\/script>\n<!-- \/ Yoast SEO plugin. -->","yoast_head_json":{"title":"Druckmanagement aus der Cloud! - Above IT Oy","description":"Druckmanagement aus der Cloud! M\u00f6chten auch Sie Druckserver loswerden? Lesen Sie unseren Blogbeitrag zu diesem Thema!","robots":{"index":"index","follow":"follow","max-snippet":"max-snippet:-1","max-image-preview":"max-image-preview:large","max-video-preview":"max-video-preview:-1"},"canonical":"https:\/\/aboveit.fi\/de\/druckmanagement-aus-der-cloud\/","og_locale":"de_DE","og_type":"article","og_title":"Druckmanagement aus der Cloud! - Above IT Oy","og_description":"Druckmanagement aus der Cloud! M\u00f6chten auch Sie Druckserver loswerden? Lesen Sie unseren Blogbeitrag zu diesem Thema!","og_url":"https:\/\/aboveit.fi\/de\/druckmanagement-aus-der-cloud\/","og_site_name":"Above IT Oy","article_publisher":"https:\/\/www.facebook.com\/aboveitfi","article_published_time":"2024-06-04T06:47:18+00:00","article_modified_time":"2025-11-27T12:03:50+00:00","og_image":[{"width":1710,"height":1710,"url":"https:\/\/aboveit.fi\/wp-content\/uploads\/2024\/06\/pexels-cottonbro-3201783-scaled-e1717436844225.jpg","type":"image\/jpeg"}],"author":"Juha Kari","twitter_card":"summary_large_image","twitter_misc":{"Verfasst von":"Juha Kari","Gesch\u00e4tzte Lesezeit":"5\u00a0Minuten"},"schema":{"@context":"https:\/\/schema.org","@graph":[{"@type":"Article","@id":"https:\/\/aboveit.fi\/de\/druckmanagement-aus-der-cloud\/#article","isPartOf":{"@id":"https:\/\/aboveit.fi\/de\/druckmanagement-aus-der-cloud\/"},"author":{"name":"Juha Kari","@id":"https:\/\/aboveit.fi\/de\/#\/schema\/person\/8b6b16ca2927e8021cd0a2fc2a09ce5d"},"headline":"Druckmanagement aus der Cloud!","datePublished":"2024-06-04T06:47:18+00:00","dateModified":"2025-11-27T12:03:50+00:00","mainEntityOfPage":{"@id":"https:\/\/aboveit.fi\/de\/druckmanagement-aus-der-cloud\/"},"wordCount":1059,"publisher":{"@id":"https:\/\/aboveit.fi\/de\/#organization"},"image":{"@id":"https:\/\/aboveit.fi\/de\/druckmanagement-aus-der-cloud\/#primaryimage"},"thumbnailUrl":"https:\/\/aboveit.fi\/wp-content\/uploads\/2024\/06\/pexels-cottonbro-3201783-scaled-e1717436844225.jpg","keywords":["Cloud-Management","Drucken","printix","universal print"],"articleSection":["Der funktionale Arbeitsplatz","Microsoft 365","Technologien"],"inLanguage":"de"},{"@type":"WebPage","@id":"https:\/\/aboveit.fi\/de\/druckmanagement-aus-der-cloud\/","url":"https:\/\/aboveit.fi\/de\/druckmanagement-aus-der-cloud\/","name":"Druckmanagement aus der Cloud! - Above IT Oy","isPartOf":{"@id":"https:\/\/aboveit.fi\/de\/#website"},"primaryImageOfPage":{"@id":"https:\/\/aboveit.fi\/de\/druckmanagement-aus-der-cloud\/#primaryimage"},"image":{"@id":"https:\/\/aboveit.fi\/de\/druckmanagement-aus-der-cloud\/#primaryimage"},"thumbnailUrl":"https:\/\/aboveit.fi\/wp-content\/uploads\/2024\/06\/pexels-cottonbro-3201783-scaled-e1717436844225.jpg","datePublished":"2024-06-04T06:47:18+00:00","dateModified":"2025-11-27T12:03:50+00:00","description":"Druckmanagement aus der Cloud! M\u00f6chten auch Sie Druckserver loswerden? Lesen Sie unseren Blogbeitrag zu diesem Thema!","breadcrumb":{"@id":"https:\/\/aboveit.fi\/de\/druckmanagement-aus-der-cloud\/#breadcrumb"},"inLanguage":"de","potentialAction":[{"@type":"ReadAction","target":["https:\/\/aboveit.fi\/de\/druckmanagement-aus-der-cloud\/"]}]},{"@type":"ImageObject","inLanguage":"de","@id":"https:\/\/aboveit.fi\/de\/druckmanagement-aus-der-cloud\/#primaryimage","url":"https:\/\/aboveit.fi\/wp-content\/uploads\/2024\/06\/pexels-cottonbro-3201783-scaled-e1717436844225.jpg","contentUrl":"https:\/\/aboveit.fi\/wp-content\/uploads\/2024\/06\/pexels-cottonbro-3201783-scaled-e1717436844225.jpg","width":1710,"height":1710,"caption":"Druckmanagement aus der Cloud"},{"@type":"BreadcrumbList","@id":"https:\/\/aboveit.fi\/de\/druckmanagement-aus-der-cloud\/#breadcrumb","itemListElement":[{"@type":"ListItem","position":1,"name":"Etusivu","item":"https:\/\/aboveit.fi\/de\/"},{"@type":"ListItem","position":2,"name":"Druckmanagement aus der Cloud!"}]},{"@type":"WebSite","@id":"https:\/\/aboveit.fi\/de\/#website","url":"https:\/\/aboveit.fi\/de\/","name":"We Are Above IT","description":"Tietohallinnon voimavarakumppani","publisher":{"@id":"https:\/\/aboveit.fi\/de\/#organization"},"potentialAction":[{"@type":"SearchAction","target":{"@type":"EntryPoint","urlTemplate":"https:\/\/aboveit.fi\/de\/?s={search_term_string}"},"query-input":{"@type":"PropertyValueSpecification","valueRequired":true,"valueName":"search_term_string"}}],"inLanguage":"de"},{"@type":"Organization","@id":"https:\/\/aboveit.fi\/de\/#organization","name":"Above IT Oy","url":"https:\/\/aboveit.fi\/de\/","logo":{"@type":"ImageObject","inLanguage":"de","@id":"https:\/\/aboveit.fi\/de\/#\/schema\/logo\/image\/","url":"https:\/\/aboveit.fi\/wp-content\/uploads\/2024\/10\/aboveIT-logo.png","contentUrl":"https:\/\/aboveit.fi\/wp-content\/uploads\/2024\/10\/aboveIT-logo.png","width":1613,"height":383,"caption":"Above IT Oy"},"image":{"@id":"https:\/\/aboveit.fi\/de\/#\/schema\/logo\/image\/"},"sameAs":["https:\/\/www.facebook.com\/aboveitfi","https:\/\/www.linkedin.com\/company\/aboveitfi","https:\/\/instagram.com\/aboveitfi"]},{"@type":"Person","@id":"https:\/\/aboveit.fi\/de\/#\/schema\/person\/8b6b16ca2927e8021cd0a2fc2a09ce5d","name":"Juha Kari","image":{"@type":"ImageObject","inLanguage":"de","@id":"https:\/\/secure.gravatar.com\/avatar\/3673353ef8de813771f6c6e6251f2a017a8167d2b4f9e43ac0692cc89ce69aeb?s=96&d=mm&r=g","url":"https:\/\/secure.gravatar.com\/avatar\/3673353ef8de813771f6c6e6251f2a017a8167d2b4f9e43ac0692cc89ce69aeb?s=96&d=mm&r=g","contentUrl":"https:\/\/secure.gravatar.com\/avatar\/3673353ef8de813771f6c6e6251f2a017a8167d2b4f9e43ac0692cc89ce69aeb?s=96&d=mm&r=g","caption":"Juha Kari"},"sameAs":["https:\/\/aboveit.fi"],"url":"https:\/\/aboveit.fi\/de\/author\/juha-kariaboveit-fi\/"}]}},"_links":{"self":[{"href":"https:\/\/aboveit.fi\/de\/wp-json\/wp\/v2\/posts\/9316","targetHints":{"allow":["GET"]}}],"collection":[{"href":"https:\/\/aboveit.fi\/de\/wp-json\/wp\/v2\/posts"}],"about":[{"href":"https:\/\/aboveit.fi\/de\/wp-json\/wp\/v2\/types\/post"}],"author":[{"embeddable":true,"href":"https:\/\/aboveit.fi\/de\/wp-json\/wp\/v2\/users\/3"}],"replies":[{"embeddable":true,"href":"https:\/\/aboveit.fi\/de\/wp-json\/wp\/v2\/comments?post=9316"}],"version-history":[{"count":5,"href":"https:\/\/aboveit.fi\/de\/wp-json\/wp\/v2\/posts\/9316\/revisions"}],"predecessor-version":[{"id":9340,"href":"https:\/\/aboveit.fi\/de\/wp-json\/wp\/v2\/posts\/9316\/revisions\/9340"}],"wp:featuredmedia":[{"embeddable":true,"href":"https:\/\/aboveit.fi\/de\/wp-json\/wp\/v2\/media\/9317"}],"wp:attachment":[{"href":"https:\/\/aboveit.fi\/de\/wp-json\/wp\/v2\/media?parent=9316"}],"wp:term":[{"taxonomy":"category","embeddable":true,"href":"https:\/\/aboveit.fi\/de\/wp-json\/wp\/v2\/categories?post=9316"},{"taxonomy":"post_tag","embeddable":true,"href":"https:\/\/aboveit.fi\/de\/wp-json\/wp\/v2\/tags?post=9316"}],"curies":[{"name":"wp","href":"https:\/\/api.w.org\/{rel}","templated":true}]}}