{"id":9071,"date":"2024-02-14T11:29:21","date_gmt":"2024-02-14T09:29:21","guid":{"rendered":"https:\/\/aboveit.fi\/alles-gute-zum-valentinstag\/"},"modified":"2025-11-27T14:03:09","modified_gmt":"2025-11-27T12:03:09","slug":"alles-gute-zum-valentinstag","status":"publish","type":"post","link":"https:\/\/aboveit.fi\/de\/alles-gute-zum-valentinstag\/","title":{"rendered":"Alles Gute zum Valentinstag!"},"content":{"rendered":"\t\t<div data-elementor-type=\"wp-post\" data-elementor-id=\"9071\" class=\"elementor elementor-9071 elementor-950\" data-elementor-post-type=\"post\">\n\t\t\t\t\t\t<section class=\"elementor-section elementor-top-section elementor-element elementor-element-515d5b57 elementor-section-boxed elementor-section-height-default elementor-section-height-default\" data-id=\"515d5b57\" data-element_type=\"section\" data-e-type=\"section\">\n\t\t\t\t\t\t<div class=\"elementor-container elementor-column-gap-default\">\n\t\t\t\t\t<div class=\"elementor-column elementor-col-100 elementor-top-column elementor-element elementor-element-2f332fe\" data-id=\"2f332fe\" data-element_type=\"column\" data-e-type=\"column\">\n\t\t\t<div class=\"elementor-widget-wrap elementor-element-populated\">\n\t\t\t\t\t\t<div class=\"elementor-element elementor-element-7f9c1d4a elementor-widget elementor-widget-text-editor\" data-id=\"7f9c1d4a\" data-element_type=\"widget\" data-e-type=\"widget\" data-widget_type=\"text-editor.default\">\n\t\t\t\t<div class=\"elementor-widget-container\">\n\t\t\t\t\t\t\t\t\t\n<p><em>Hallo, Sie da am IT-Steuer! Hier beginnt alles f\u00fcr uns. Ich dachte, ich erz\u00e4hle Ihnen kurz etwas \u00fcber uns, denn dies ist der Tag, an dem unser Unternehmen offiziell seinen Anfang nimmt. Am Valentinstag. Leicht zu merken f\u00fcr die Zukunft.    <\/em><\/p>\n\t\t\t\t\t\t\t\t<\/div>\n\t\t\t\t<\/div>\n\t\t\t\t\t<\/div>\n\t\t<\/div>\n\t\t\t\t\t<\/div>\n\t\t<\/section>\n\t\t\t\t<section class=\"elementor-section elementor-top-section elementor-element elementor-element-c9cab86 elementor-section-boxed elementor-section-height-default elementor-section-height-default\" data-id=\"c9cab86\" data-element_type=\"section\" data-e-type=\"section\">\n\t\t\t\t\t\t<div class=\"elementor-container elementor-column-gap-default\">\n\t\t\t\t\t<div class=\"elementor-column elementor-col-100 elementor-top-column elementor-element elementor-element-e9c3f85\" data-id=\"e9c3f85\" data-element_type=\"column\" data-e-type=\"column\">\n\t\t\t<div class=\"elementor-widget-wrap elementor-element-populated\">\n\t\t\t\t\t\t<div class=\"elementor-element elementor-element-d43e0fe elementor-widget elementor-widget-text-editor\" data-id=\"d43e0fe\" data-element_type=\"widget\" data-e-type=\"widget\" data-widget_type=\"text-editor.default\">\n\t\t\t\t<div class=\"elementor-widget-container\">\n\t\t\t\t\t\t\t\t\t\n<div class=\"section-wrapper\" data-id=\"aMAtZw\">\n<section class=\"wp-block-gutenverse-section guten-element guten-section guten-aMAtZw layout-boxed align-stretch\">\n<div class=\"guten-container guten-column-gap-default\">\n<div class=\"wp-block-gutenverse-column guten-element guten-column guten-K50ojU\">\n<div class=\"sticky-wrapper\" data-id=\"K50ojU\">\n<div class=\"guten-column-wrapper\">\n<p>Ich pers\u00f6nlich tr\u00e4ume schon seit Jahren davon, ein Unternehmen zu gr\u00fcnden, aber die Zeit war nie reif. Es gab Corona, oder es war einfach nicht die richtige Gruppe von Menschen um mich herum, mit denen man es wagen w\u00fcrde, etwas Neues aufzubauen. Ich sage nicht, dass der Zustand der Welt immer noch perfekt ist, aber ich glaube daran, gegen den Strom zu schwimmen. Wir erleben auch einen gewissen Umbruch, da die k\u00fcnstliche Intelligenz im Zeitalter der Cloud-Dienste auf dem Vormarsch ist. Weitere gro\u00dfe Umbr\u00fcche stehen bevor, da Microsoft in den kommenden Jahren eigene Rechenzentren nach Finnland bringen wird. Ich glaube daher, dass jetzt genau der richtige Zeitpunkt ist. Und vor allem habe ich jetzt eine gro\u00dfartige kleine Gruppe von Menschen, mit denen ich endlich eine gemeinsame Reise beginnen kann!      <\/p>\n<\/div>\n<\/div>\n<\/div>\n<\/div>\n<\/section>\n<\/div>\n\t\t\t\t\t\t\t\t<\/div>\n\t\t\t\t<\/div>\n\t\t\t\t\t<\/div>\n\t\t<\/div>\n\t\t\t\t\t<\/div>\n\t\t<\/section>\n\t\t\t\t<section class=\"elementor-section elementor-top-section elementor-element elementor-element-ede1d9a elementor-section-boxed elementor-section-height-default elementor-section-height-default\" data-id=\"ede1d9a\" data-element_type=\"section\" data-e-type=\"section\">\n\t\t\t\t\t\t<div class=\"elementor-container elementor-column-gap-default\">\n\t\t\t\t\t<div class=\"elementor-column elementor-col-100 elementor-top-column elementor-element elementor-element-eab879a\" data-id=\"eab879a\" data-element_type=\"column\" data-e-type=\"column\">\n\t\t\t<div class=\"elementor-widget-wrap elementor-element-populated\">\n\t\t\t\t\t\t<div class=\"elementor-element elementor-element-1226503 elementor-widget elementor-widget-heading\" data-id=\"1226503\" data-element_type=\"widget\" data-e-type=\"widget\" data-widget_type=\"heading.default\">\n\t\t\t\t<div class=\"elementor-widget-container\">\n\t\t\t\t\t<h2 class=\"elementor-heading-title elementor-size-default\">Eine Ressource f\u00fcr die IT-Verwaltung<\/h2>\t\t\t\t<\/div>\n\t\t\t\t<\/div>\n\t\t\t\t\t<\/div>\n\t\t<\/div>\n\t\t\t\t\t<\/div>\n\t\t<\/section>\n\t\t\t\t<section class=\"elementor-section elementor-top-section elementor-element elementor-element-f4a9fab elementor-section-boxed elementor-section-height-default elementor-section-height-default\" data-id=\"f4a9fab\" data-element_type=\"section\" data-e-type=\"section\">\n\t\t\t\t\t\t<div class=\"elementor-container elementor-column-gap-default\">\n\t\t\t\t\t<div class=\"elementor-column elementor-col-100 elementor-top-column elementor-element elementor-element-9c1003b\" data-id=\"9c1003b\" data-element_type=\"column\" data-e-type=\"column\">\n\t\t\t<div class=\"elementor-widget-wrap elementor-element-populated\">\n\t\t\t\t\t\t<div class=\"elementor-element elementor-element-f365073 elementor-widget elementor-widget-text-editor\" data-id=\"f365073\" data-element_type=\"widget\" data-e-type=\"widget\" data-widget_type=\"text-editor.default\">\n\t\t\t\t<div class=\"elementor-widget-container\">\n\t\t\t\t\t\t\t\t\t\n<div data-id=\"IflIfw\">\n<section>\n<div>\n<div>\n<div data-id=\"UVwPsw\">\n<div>\n<p>Wir sind ein Unternehmen, das \u201aConsigliere\u2018-Dienstleistungen f\u00fcr die IT-Verwaltung anbietet. Wir fungieren auch als Ressourcenpartner f\u00fcr Unternehmen, die in verschiedenen IT-Bereichen t\u00e4tig sind. Unsere Aufgabe ist es, Sie wichtig zu machen. Wir m\u00f6chten \u00e4ndern, wie IT-Verwaltung und IT-Dienstleistungen in den F\u00fchrungsetagen von Unternehmen wahrgenommen werden. Nicht mehr als obligatorischer Kostenfaktor, sondern als gesch\u00e4ftserm\u00f6glichende und effizienzsteigernde Bestandteile des Unternehmens.    <\/p>\n\n<p>Das Wort \u201aConsigliere\u2018 stammt aus Sizilien, aus dem italienischen Wort f\u00fcr \u201evertrauter Berater\u201c, die in der Geschichte als wichtigste Berater der Dorfchefs (\u201aDon\u2018) fungierten. F\u00fcr uns sind Sie der \u201aDon\u2018, und wir sind hier, um Ihnen kundenorientiert zu helfen. Ihre Aufgabe ist es, sich um Ihre IT-Verwaltung und Endbenutzer zu k\u00fcmmern und sicherzustellen, dass das Gesch\u00e4ft Ihrer Organisation floriert. Unsere Aufgabe ist es, Ihre IT-Verwaltung dabei zu unterst\u00fctzen, ihre Aufgaben erfolgreich zu erf\u00fcllen und unser hohes Fachwissen zur Verf\u00fcgung zu stellen. Wir heben Ihre IT-Verwaltung hervor. Bei Bedarf ersetzen wir sogar vor\u00fcbergehend Ihre wichtigsten Mitarbeiter, wenn die Situation es erfordert.     <\/p>\n<\/div>\n<\/div>\n<\/div>\n<\/div>\n<\/section>\n<\/div>\n\t\t\t\t\t\t\t\t<\/div>\n\t\t\t\t<\/div>\n\t\t\t\t\t<\/div>\n\t\t<\/div>\n\t\t\t\t\t<\/div>\n\t\t<\/section>\n\t\t\t\t<section class=\"elementor-section elementor-top-section elementor-element elementor-element-d60567b elementor-section-boxed elementor-section-height-default elementor-section-height-default\" data-id=\"d60567b\" data-element_type=\"section\" data-e-type=\"section\">\n\t\t\t\t\t\t<div class=\"elementor-container elementor-column-gap-default\">\n\t\t\t\t\t<div class=\"elementor-column elementor-col-100 elementor-top-column elementor-element elementor-element-41f8591\" data-id=\"41f8591\" data-element_type=\"column\" data-e-type=\"column\">\n\t\t\t<div class=\"elementor-widget-wrap elementor-element-populated\">\n\t\t\t\t\t\t<div class=\"elementor-element elementor-element-0912c73 elementor-widget elementor-widget-heading\" data-id=\"0912c73\" data-element_type=\"widget\" data-e-type=\"widget\" data-widget_type=\"heading.default\">\n\t\t\t\t<div class=\"elementor-widget-container\">\n\t\t\t\t\t<h2 class=\"elementor-heading-title elementor-size-default\">Wir sch\u00f6pfen aus unserer Expertise<\/h2>\t\t\t\t<\/div>\n\t\t\t\t<\/div>\n\t\t\t\t\t<\/div>\n\t\t<\/div>\n\t\t\t\t\t<\/div>\n\t\t<\/section>\n\t\t\t\t<section class=\"elementor-section elementor-top-section elementor-element elementor-element-3d7d925 elementor-section-boxed elementor-section-height-default elementor-section-height-default\" data-id=\"3d7d925\" data-element_type=\"section\" data-e-type=\"section\">\n\t\t\t\t\t\t<div class=\"elementor-container elementor-column-gap-default\">\n\t\t\t\t\t<div class=\"elementor-column elementor-col-100 elementor-top-column elementor-element elementor-element-bb4f151\" data-id=\"bb4f151\" data-element_type=\"column\" data-e-type=\"column\">\n\t\t\t<div class=\"elementor-widget-wrap elementor-element-populated\">\n\t\t\t\t\t\t<div class=\"elementor-element elementor-element-1ac9e33 elementor-widget elementor-widget-text-editor\" data-id=\"1ac9e33\" data-element_type=\"widget\" data-e-type=\"widget\" data-widget_type=\"text-editor.default\">\n\t\t\t\t<div class=\"elementor-widget-container\">\n\t\t\t\t\t\t\t\t\t\n<div class=\"section-wrapper\" data-id=\"FMWrQg\">\n<section class=\"wp-block-gutenverse-section guten-element guten-section guten-FMWrQg layout-boxed align-stretch\">\n<div class=\"guten-container guten-column-gap-default\">\n<div class=\"wp-block-gutenverse-column guten-element guten-column guten-FfOwZ1\">\n<div class=\"sticky-wrapper\" data-id=\"FfOwZ1\">\n<div class=\"guten-column-wrapper\">\n<p>Unsere langj\u00e4hrige Erfahrung in der Branche hat uns eine umfassende Perspektive verschafft, die wir nun Ihrer IT-Verwaltung zur Verf\u00fcgung stellen m\u00f6chten. Unsere Spezialgebiete sind die von der breiten Masse genutzten Microsoft-Technologien und cloud-verwaltete Netzwerktechnologien. Basierend auf unserer Erfahrung w\u00e4hlen wir die nachhaltigsten L\u00f6sungen zur Unterst\u00fctzung und Sicherung des Gesch\u00e4fts Ihrer Organisation aus. Wir bieten Managed Cloud Services und beratende Unterst\u00fctzung f\u00fcr die effiziente Nutzung all dieser notwendigen Technologien in Ihrer Organisation. Wir sind auch Meister darin, Einsparungen zu finden, denn die aktuelle Zeit erfordert Ressourceneffizienz.    <\/p>\n\n<p>Worauf warten Sie also? Buchen Sie einen 15-min\u00fctigen Termin in meinem Kalender, damit wir uns kurz kennenlernen und besprechen k\u00f6nnen, wie wir Ihnen behilflich sein k\u00f6nnen.  <strong>Alles Gute zum Valentinstag!<\/strong><\/p>\n<\/div>\n<\/div>\n<\/div>\n<\/div>\n<\/section>\n<\/div>\n\t\t\t\t\t\t\t\t<\/div>\n\t\t\t\t<\/div>\n\t\t\t\t\t<\/div>\n\t\t<\/div>\n\t\t\t\t\t<\/div>\n\t\t<\/section>\n\t\t\t\t<\/div>\n\t\t","protected":false},"excerpt":{"rendered":"<p>Hallo, Sie da am IT-Steuer! Hier beginnt alles f\u00fcr uns. Ich dachte, ich erz\u00e4hle Ihnen kurz etwas \u00fcber uns, denn dies ist der Tag, an dem unser Unternehmen offiziell seinen Anfang nimmt. Am Valentinstag. Leicht zu merken f\u00fcr die Zukunft. Ich pers\u00f6nlich tr\u00e4ume schon seit Jahren davon, ein Unternehmen zu gr\u00fcnden, aber die Zeit war [&hellip;]<\/p>\n","protected":false},"author":3,"featured_media":9072,"comment_status":"closed","ping_status":"closed","sticky":false,"template":"","format":"standard","meta":{"content-type":"","inline_featured_image":false,"footnotes":""},"categories":[265,264],"tags":[268],"class_list":["post-9071","post","type-post","status-publish","format-standard","has-post-thumbnail","hentry","category-above-it","category-nachrichten","tag-aboveit"],"yoast_head":"<!-- This site is optimized with the Yoast SEO plugin v27.5 - https:\/\/yoast.com\/product\/yoast-seo-wordpress\/ -->\n<title>Alles Gute zum Valentinstag! - Above IT Oy<\/title>\n<meta name=\"description\" content=\"Above IT Consigliere und Gesch\u00e4ftsf\u00fchrer Juha w\u00fcnscht einen sch\u00f6nen Valentinstag und erl\u00e4utert in diesem Blog die Aufgabe unseres Unternehmens.\" \/>\n<meta name=\"robots\" content=\"index, follow, max-snippet:-1, max-image-preview:large, max-video-preview:-1\" \/>\n<link rel=\"canonical\" href=\"https:\/\/aboveit.fi\/de\/alles-gute-zum-valentinstag\/\" \/>\n<meta property=\"og:locale\" content=\"de_DE\" \/>\n<meta property=\"og:type\" content=\"article\" \/>\n<meta property=\"og:title\" content=\"Alles Gute zum Valentinstag! - Above IT Oy\" \/>\n<meta property=\"og:description\" content=\"Above IT Consigliere und Gesch\u00e4ftsf\u00fchrer Juha w\u00fcnscht einen sch\u00f6nen Valentinstag und erl\u00e4utert in diesem Blog die Aufgabe unseres Unternehmens.\" \/>\n<meta property=\"og:url\" content=\"https:\/\/aboveit.fi\/de\/alles-gute-zum-valentinstag\/\" \/>\n<meta property=\"og:site_name\" content=\"Above IT Oy\" \/>\n<meta property=\"article:publisher\" content=\"https:\/\/www.facebook.com\/aboveitfi\" \/>\n<meta property=\"article:published_time\" content=\"2024-02-14T09:29:21+00:00\" \/>\n<meta property=\"article:modified_time\" content=\"2025-11-27T12:03:09+00:00\" \/>\n<meta property=\"og:image\" content=\"https:\/\/aboveit.fi\/wp-content\/uploads\/2024\/02\/SAM1660-e1707505820960.jpg\" \/>\n\t<meta property=\"og:image:width\" content=\"638\" \/>\n\t<meta property=\"og:image:height\" content=\"636\" \/>\n\t<meta property=\"og:image:type\" content=\"image\/jpeg\" \/>\n<meta name=\"author\" content=\"Juha Kari\" \/>\n<meta name=\"twitter:card\" content=\"summary_large_image\" \/>\n<meta name=\"twitter:label1\" content=\"Verfasst von\" \/>\n\t<meta name=\"twitter:data1\" content=\"Juha Kari\" \/>\n\t<meta name=\"twitter:label2\" content=\"Gesch\u00e4tzte Lesezeit\" \/>\n\t<meta name=\"twitter:data2\" content=\"2\u00a0Minuten\" \/>\n<script type=\"application\/ld+json\" class=\"yoast-schema-graph\">{\"@context\":\"https:\\\/\\\/schema.org\",\"@graph\":[{\"@type\":\"Article\",\"@id\":\"https:\\\/\\\/aboveit.fi\\\/de\\\/alles-gute-zum-valentinstag\\\/#article\",\"isPartOf\":{\"@id\":\"https:\\\/\\\/aboveit.fi\\\/de\\\/alles-gute-zum-valentinstag\\\/\"},\"author\":{\"name\":\"Juha Kari\",\"@id\":\"https:\\\/\\\/aboveit.fi\\\/de\\\/#\\\/schema\\\/person\\\/8b6b16ca2927e8021cd0a2fc2a09ce5d\"},\"headline\":\"Alles Gute zum Valentinstag!\",\"datePublished\":\"2024-02-14T09:29:21+00:00\",\"dateModified\":\"2025-11-27T12:03:09+00:00\",\"mainEntityOfPage\":{\"@id\":\"https:\\\/\\\/aboveit.fi\\\/de\\\/alles-gute-zum-valentinstag\\\/\"},\"wordCount\":497,\"publisher\":{\"@id\":\"https:\\\/\\\/aboveit.fi\\\/de\\\/#organization\"},\"image\":{\"@id\":\"https:\\\/\\\/aboveit.fi\\\/de\\\/alles-gute-zum-valentinstag\\\/#primaryimage\"},\"thumbnailUrl\":\"https:\\\/\\\/aboveit.fi\\\/wp-content\\\/uploads\\\/2024\\\/02\\\/SAM1660-e1707505820960.jpg\",\"keywords\":[\"aboveit\"],\"articleSection\":[\"Above IT\",\"Nachrichten\"],\"inLanguage\":\"de\"},{\"@type\":\"WebPage\",\"@id\":\"https:\\\/\\\/aboveit.fi\\\/de\\\/alles-gute-zum-valentinstag\\\/\",\"url\":\"https:\\\/\\\/aboveit.fi\\\/de\\\/alles-gute-zum-valentinstag\\\/\",\"name\":\"Alles Gute zum Valentinstag! - Above IT Oy\",\"isPartOf\":{\"@id\":\"https:\\\/\\\/aboveit.fi\\\/de\\\/#website\"},\"primaryImageOfPage\":{\"@id\":\"https:\\\/\\\/aboveit.fi\\\/de\\\/alles-gute-zum-valentinstag\\\/#primaryimage\"},\"image\":{\"@id\":\"https:\\\/\\\/aboveit.fi\\\/de\\\/alles-gute-zum-valentinstag\\\/#primaryimage\"},\"thumbnailUrl\":\"https:\\\/\\\/aboveit.fi\\\/wp-content\\\/uploads\\\/2024\\\/02\\\/SAM1660-e1707505820960.jpg\",\"datePublished\":\"2024-02-14T09:29:21+00:00\",\"dateModified\":\"2025-11-27T12:03:09+00:00\",\"description\":\"Above IT Consigliere und Gesch\u00e4ftsf\u00fchrer Juha w\u00fcnscht einen sch\u00f6nen Valentinstag und erl\u00e4utert in diesem Blog die Aufgabe unseres Unternehmens.\",\"breadcrumb\":{\"@id\":\"https:\\\/\\\/aboveit.fi\\\/de\\\/alles-gute-zum-valentinstag\\\/#breadcrumb\"},\"inLanguage\":\"de\",\"potentialAction\":[{\"@type\":\"ReadAction\",\"target\":[\"https:\\\/\\\/aboveit.fi\\\/de\\\/alles-gute-zum-valentinstag\\\/\"]}]},{\"@type\":\"ImageObject\",\"inLanguage\":\"de\",\"@id\":\"https:\\\/\\\/aboveit.fi\\\/de\\\/alles-gute-zum-valentinstag\\\/#primaryimage\",\"url\":\"https:\\\/\\\/aboveit.fi\\\/wp-content\\\/uploads\\\/2024\\\/02\\\/SAM1660-e1707505820960.jpg\",\"contentUrl\":\"https:\\\/\\\/aboveit.fi\\\/wp-content\\\/uploads\\\/2024\\\/02\\\/SAM1660-e1707505820960.jpg\",\"width\":638,\"height\":636},{\"@type\":\"BreadcrumbList\",\"@id\":\"https:\\\/\\\/aboveit.fi\\\/de\\\/alles-gute-zum-valentinstag\\\/#breadcrumb\",\"itemListElement\":[{\"@type\":\"ListItem\",\"position\":1,\"name\":\"Etusivu\",\"item\":\"https:\\\/\\\/aboveit.fi\\\/de\\\/\"},{\"@type\":\"ListItem\",\"position\":2,\"name\":\"Alles Gute zum Valentinstag!\"}]},{\"@type\":\"WebSite\",\"@id\":\"https:\\\/\\\/aboveit.fi\\\/de\\\/#website\",\"url\":\"https:\\\/\\\/aboveit.fi\\\/de\\\/\",\"name\":\"We Are Above IT\",\"description\":\"Tietohallinnon voimavarakumppani\",\"publisher\":{\"@id\":\"https:\\\/\\\/aboveit.fi\\\/de\\\/#organization\"},\"potentialAction\":[{\"@type\":\"SearchAction\",\"target\":{\"@type\":\"EntryPoint\",\"urlTemplate\":\"https:\\\/\\\/aboveit.fi\\\/de\\\/?s={search_term_string}\"},\"query-input\":{\"@type\":\"PropertyValueSpecification\",\"valueRequired\":true,\"valueName\":\"search_term_string\"}}],\"inLanguage\":\"de\"},{\"@type\":\"Organization\",\"@id\":\"https:\\\/\\\/aboveit.fi\\\/de\\\/#organization\",\"name\":\"Above IT Oy\",\"url\":\"https:\\\/\\\/aboveit.fi\\\/de\\\/\",\"logo\":{\"@type\":\"ImageObject\",\"inLanguage\":\"de\",\"@id\":\"https:\\\/\\\/aboveit.fi\\\/de\\\/#\\\/schema\\\/logo\\\/image\\\/\",\"url\":\"https:\\\/\\\/aboveit.fi\\\/wp-content\\\/uploads\\\/2024\\\/10\\\/aboveIT-logo.png\",\"contentUrl\":\"https:\\\/\\\/aboveit.fi\\\/wp-content\\\/uploads\\\/2024\\\/10\\\/aboveIT-logo.png\",\"width\":1613,\"height\":383,\"caption\":\"Above IT Oy\"},\"image\":{\"@id\":\"https:\\\/\\\/aboveit.fi\\\/de\\\/#\\\/schema\\\/logo\\\/image\\\/\"},\"sameAs\":[\"https:\\\/\\\/www.facebook.com\\\/aboveitfi\",\"https:\\\/\\\/www.linkedin.com\\\/company\\\/aboveitfi\",\"https:\\\/\\\/instagram.com\\\/aboveitfi\"]},{\"@type\":\"Person\",\"@id\":\"https:\\\/\\\/aboveit.fi\\\/de\\\/#\\\/schema\\\/person\\\/8b6b16ca2927e8021cd0a2fc2a09ce5d\",\"name\":\"Juha Kari\",\"image\":{\"@type\":\"ImageObject\",\"inLanguage\":\"de\",\"@id\":\"https:\\\/\\\/secure.gravatar.com\\\/avatar\\\/3673353ef8de813771f6c6e6251f2a017a8167d2b4f9e43ac0692cc89ce69aeb?s=96&d=mm&r=g\",\"url\":\"https:\\\/\\\/secure.gravatar.com\\\/avatar\\\/3673353ef8de813771f6c6e6251f2a017a8167d2b4f9e43ac0692cc89ce69aeb?s=96&d=mm&r=g\",\"contentUrl\":\"https:\\\/\\\/secure.gravatar.com\\\/avatar\\\/3673353ef8de813771f6c6e6251f2a017a8167d2b4f9e43ac0692cc89ce69aeb?s=96&d=mm&r=g\",\"caption\":\"Juha Kari\"},\"sameAs\":[\"https:\\\/\\\/aboveit.fi\"],\"url\":\"https:\\\/\\\/aboveit.fi\\\/de\\\/author\\\/juha-kariaboveit-fi\\\/\"}]}<\/script>\n<!-- \/ Yoast SEO plugin. -->","yoast_head_json":{"title":"Alles Gute zum Valentinstag! - Above IT Oy","description":"Above IT Consigliere und Gesch\u00e4ftsf\u00fchrer Juha w\u00fcnscht einen sch\u00f6nen Valentinstag und erl\u00e4utert in diesem Blog die Aufgabe unseres Unternehmens.","robots":{"index":"index","follow":"follow","max-snippet":"max-snippet:-1","max-image-preview":"max-image-preview:large","max-video-preview":"max-video-preview:-1"},"canonical":"https:\/\/aboveit.fi\/de\/alles-gute-zum-valentinstag\/","og_locale":"de_DE","og_type":"article","og_title":"Alles Gute zum Valentinstag! - Above IT Oy","og_description":"Above IT Consigliere und Gesch\u00e4ftsf\u00fchrer Juha w\u00fcnscht einen sch\u00f6nen Valentinstag und erl\u00e4utert in diesem Blog die Aufgabe unseres Unternehmens.","og_url":"https:\/\/aboveit.fi\/de\/alles-gute-zum-valentinstag\/","og_site_name":"Above IT Oy","article_publisher":"https:\/\/www.facebook.com\/aboveitfi","article_published_time":"2024-02-14T09:29:21+00:00","article_modified_time":"2025-11-27T12:03:09+00:00","og_image":[{"width":638,"height":636,"url":"https:\/\/aboveit.fi\/wp-content\/uploads\/2024\/02\/SAM1660-e1707505820960.jpg","type":"image\/jpeg"}],"author":"Juha Kari","twitter_card":"summary_large_image","twitter_misc":{"Verfasst von":"Juha Kari","Gesch\u00e4tzte Lesezeit":"2\u00a0Minuten"},"schema":{"@context":"https:\/\/schema.org","@graph":[{"@type":"Article","@id":"https:\/\/aboveit.fi\/de\/alles-gute-zum-valentinstag\/#article","isPartOf":{"@id":"https:\/\/aboveit.fi\/de\/alles-gute-zum-valentinstag\/"},"author":{"name":"Juha Kari","@id":"https:\/\/aboveit.fi\/de\/#\/schema\/person\/8b6b16ca2927e8021cd0a2fc2a09ce5d"},"headline":"Alles Gute zum Valentinstag!","datePublished":"2024-02-14T09:29:21+00:00","dateModified":"2025-11-27T12:03:09+00:00","mainEntityOfPage":{"@id":"https:\/\/aboveit.fi\/de\/alles-gute-zum-valentinstag\/"},"wordCount":497,"publisher":{"@id":"https:\/\/aboveit.fi\/de\/#organization"},"image":{"@id":"https:\/\/aboveit.fi\/de\/alles-gute-zum-valentinstag\/#primaryimage"},"thumbnailUrl":"https:\/\/aboveit.fi\/wp-content\/uploads\/2024\/02\/SAM1660-e1707505820960.jpg","keywords":["aboveit"],"articleSection":["Above IT","Nachrichten"],"inLanguage":"de"},{"@type":"WebPage","@id":"https:\/\/aboveit.fi\/de\/alles-gute-zum-valentinstag\/","url":"https:\/\/aboveit.fi\/de\/alles-gute-zum-valentinstag\/","name":"Alles Gute zum Valentinstag! - Above IT Oy","isPartOf":{"@id":"https:\/\/aboveit.fi\/de\/#website"},"primaryImageOfPage":{"@id":"https:\/\/aboveit.fi\/de\/alles-gute-zum-valentinstag\/#primaryimage"},"image":{"@id":"https:\/\/aboveit.fi\/de\/alles-gute-zum-valentinstag\/#primaryimage"},"thumbnailUrl":"https:\/\/aboveit.fi\/wp-content\/uploads\/2024\/02\/SAM1660-e1707505820960.jpg","datePublished":"2024-02-14T09:29:21+00:00","dateModified":"2025-11-27T12:03:09+00:00","description":"Above IT Consigliere und Gesch\u00e4ftsf\u00fchrer Juha w\u00fcnscht einen sch\u00f6nen Valentinstag und erl\u00e4utert in diesem Blog die Aufgabe unseres Unternehmens.","breadcrumb":{"@id":"https:\/\/aboveit.fi\/de\/alles-gute-zum-valentinstag\/#breadcrumb"},"inLanguage":"de","potentialAction":[{"@type":"ReadAction","target":["https:\/\/aboveit.fi\/de\/alles-gute-zum-valentinstag\/"]}]},{"@type":"ImageObject","inLanguage":"de","@id":"https:\/\/aboveit.fi\/de\/alles-gute-zum-valentinstag\/#primaryimage","url":"https:\/\/aboveit.fi\/wp-content\/uploads\/2024\/02\/SAM1660-e1707505820960.jpg","contentUrl":"https:\/\/aboveit.fi\/wp-content\/uploads\/2024\/02\/SAM1660-e1707505820960.jpg","width":638,"height":636},{"@type":"BreadcrumbList","@id":"https:\/\/aboveit.fi\/de\/alles-gute-zum-valentinstag\/#breadcrumb","itemListElement":[{"@type":"ListItem","position":1,"name":"Etusivu","item":"https:\/\/aboveit.fi\/de\/"},{"@type":"ListItem","position":2,"name":"Alles Gute zum Valentinstag!"}]},{"@type":"WebSite","@id":"https:\/\/aboveit.fi\/de\/#website","url":"https:\/\/aboveit.fi\/de\/","name":"We Are Above IT","description":"Tietohallinnon voimavarakumppani","publisher":{"@id":"https:\/\/aboveit.fi\/de\/#organization"},"potentialAction":[{"@type":"SearchAction","target":{"@type":"EntryPoint","urlTemplate":"https:\/\/aboveit.fi\/de\/?s={search_term_string}"},"query-input":{"@type":"PropertyValueSpecification","valueRequired":true,"valueName":"search_term_string"}}],"inLanguage":"de"},{"@type":"Organization","@id":"https:\/\/aboveit.fi\/de\/#organization","name":"Above IT Oy","url":"https:\/\/aboveit.fi\/de\/","logo":{"@type":"ImageObject","inLanguage":"de","@id":"https:\/\/aboveit.fi\/de\/#\/schema\/logo\/image\/","url":"https:\/\/aboveit.fi\/wp-content\/uploads\/2024\/10\/aboveIT-logo.png","contentUrl":"https:\/\/aboveit.fi\/wp-content\/uploads\/2024\/10\/aboveIT-logo.png","width":1613,"height":383,"caption":"Above IT Oy"},"image":{"@id":"https:\/\/aboveit.fi\/de\/#\/schema\/logo\/image\/"},"sameAs":["https:\/\/www.facebook.com\/aboveitfi","https:\/\/www.linkedin.com\/company\/aboveitfi","https:\/\/instagram.com\/aboveitfi"]},{"@type":"Person","@id":"https:\/\/aboveit.fi\/de\/#\/schema\/person\/8b6b16ca2927e8021cd0a2fc2a09ce5d","name":"Juha Kari","image":{"@type":"ImageObject","inLanguage":"de","@id":"https:\/\/secure.gravatar.com\/avatar\/3673353ef8de813771f6c6e6251f2a017a8167d2b4f9e43ac0692cc89ce69aeb?s=96&d=mm&r=g","url":"https:\/\/secure.gravatar.com\/avatar\/3673353ef8de813771f6c6e6251f2a017a8167d2b4f9e43ac0692cc89ce69aeb?s=96&d=mm&r=g","contentUrl":"https:\/\/secure.gravatar.com\/avatar\/3673353ef8de813771f6c6e6251f2a017a8167d2b4f9e43ac0692cc89ce69aeb?s=96&d=mm&r=g","caption":"Juha Kari"},"sameAs":["https:\/\/aboveit.fi"],"url":"https:\/\/aboveit.fi\/de\/author\/juha-kariaboveit-fi\/"}]}},"_links":{"self":[{"href":"https:\/\/aboveit.fi\/de\/wp-json\/wp\/v2\/posts\/9071","targetHints":{"allow":["GET"]}}],"collection":[{"href":"https:\/\/aboveit.fi\/de\/wp-json\/wp\/v2\/posts"}],"about":[{"href":"https:\/\/aboveit.fi\/de\/wp-json\/wp\/v2\/types\/post"}],"author":[{"embeddable":true,"href":"https:\/\/aboveit.fi\/de\/wp-json\/wp\/v2\/users\/3"}],"replies":[{"embeddable":true,"href":"https:\/\/aboveit.fi\/de\/wp-json\/wp\/v2\/comments?post=9071"}],"version-history":[{"count":3,"href":"https:\/\/aboveit.fi\/de\/wp-json\/wp\/v2\/posts\/9071\/revisions"}],"predecessor-version":[{"id":9079,"href":"https:\/\/aboveit.fi\/de\/wp-json\/wp\/v2\/posts\/9071\/revisions\/9079"}],"wp:featuredmedia":[{"embeddable":true,"href":"https:\/\/aboveit.fi\/de\/wp-json\/wp\/v2\/media\/9072"}],"wp:attachment":[{"href":"https:\/\/aboveit.fi\/de\/wp-json\/wp\/v2\/media?parent=9071"}],"wp:term":[{"taxonomy":"category","embeddable":true,"href":"https:\/\/aboveit.fi\/de\/wp-json\/wp\/v2\/categories?post=9071"},{"taxonomy":"post_tag","embeddable":true,"href":"https:\/\/aboveit.fi\/de\/wp-json\/wp\/v2\/tags?post=9071"}],"curies":[{"name":"wp","href":"https:\/\/api.w.org\/{rel}","templated":true}]}}