{"id":8699,"date":"2024-11-30T14:43:09","date_gmt":"2024-11-30T12:43:09","guid":{"rendered":"https:\/\/aboveit.fi\/starke-kompetenz\/"},"modified":"2025-11-26T16:29:21","modified_gmt":"2025-11-26T14:29:21","slug":"starke-kompetenz","status":"publish","type":"post","link":"https:\/\/aboveit.fi\/de\/starke-kompetenz\/","title":{"rendered":"Starke Kompetenz"},"content":{"rendered":"\t\t<div data-elementor-type=\"wp-post\" data-elementor-id=\"8699\" class=\"elementor elementor-8699 elementor-3979\" data-elementor-post-type=\"post\">\n\t\t\t\t\t\t<section class=\"elementor-section elementor-top-section elementor-element elementor-element-1411837 elementor-section-boxed elementor-section-height-default elementor-section-height-default\" data-id=\"1411837\" data-element_type=\"section\" data-e-type=\"section\">\n\t\t\t\t\t\t<div class=\"elementor-container elementor-column-gap-default\">\n\t\t\t\t\t<div class=\"elementor-column elementor-col-100 elementor-top-column elementor-element elementor-element-7297388b\" data-id=\"7297388b\" data-element_type=\"column\" data-e-type=\"column\">\n\t\t\t<div class=\"elementor-widget-wrap elementor-element-populated\">\n\t\t\t\t\t\t<div class=\"elementor-element elementor-element-6787b997 elementor-widget elementor-widget-text-editor\" data-id=\"6787b997\" data-element_type=\"widget\" data-e-type=\"widget\" data-widget_type=\"text-editor.default\">\n\t\t\t\t<div class=\"elementor-widget-container\">\n\t\t\t\t\t\t\t\t\t<p><em>Starke Kompetenz wird bei unseren Kunden ben\u00f6tigt, und diese wird durch Above ITs j\u00fcngste Akquisition, den \u201eConsigliere\u201c Pasi Jalonen, repr\u00e4sentiert. So w\u00f6rtlich, dass Pasi in seiner Freizeit an Strongman-Wettbewerben teilnimmt. In dieser pers\u00f6nlichen Geschichte stellen wir Pasi Jalonen vor und erz\u00e4hlen, wie Pasi zu uns kam. Wer ist Pasi \u2013 und woher kommt Pasi?   <\/em><\/p>\t\t\t\t\t\t\t\t<\/div>\n\t\t\t\t<\/div>\n\t\t\t\t\t<\/div>\n\t\t<\/div>\n\t\t\t\t\t<\/div>\n\t\t<\/section>\n\t\t\t\t<section class=\"elementor-section elementor-top-section elementor-element elementor-element-2dd599a elementor-section-boxed elementor-section-height-default elementor-section-height-default\" data-id=\"2dd599a\" data-element_type=\"section\" data-e-type=\"section\">\n\t\t\t\t\t\t<div class=\"elementor-container elementor-column-gap-default\">\n\t\t\t\t\t<div class=\"elementor-column elementor-col-100 elementor-top-column elementor-element elementor-element-b73690b\" data-id=\"b73690b\" data-element_type=\"column\" data-e-type=\"column\">\n\t\t\t<div class=\"elementor-widget-wrap elementor-element-populated\">\n\t\t\t\t\t\t<div class=\"elementor-element elementor-element-31bc7db elementor-widget elementor-widget-heading\" data-id=\"31bc7db\" data-element_type=\"widget\" data-e-type=\"widget\" data-widget_type=\"heading.default\">\n\t\t\t\t<div class=\"elementor-widget-container\">\n\t\t\t\t\t<h2 class=\"elementor-heading-title elementor-size-default\">Von der traditionellen Datenverarbeitung zur heutigen Cloud<\/h2>\t\t\t\t<\/div>\n\t\t\t\t<\/div>\n\t\t\t\t\t<\/div>\n\t\t<\/div>\n\t\t\t\t\t<\/div>\n\t\t<\/section>\n\t\t\t\t<section class=\"elementor-section elementor-top-section elementor-element elementor-element-90152c0 elementor-section-boxed elementor-section-height-default elementor-section-height-default\" data-id=\"90152c0\" data-element_type=\"section\" data-e-type=\"section\">\n\t\t\t\t\t\t<div class=\"elementor-container elementor-column-gap-default\">\n\t\t\t\t\t<div class=\"elementor-column elementor-col-100 elementor-top-column elementor-element elementor-element-344195e\" data-id=\"344195e\" data-element_type=\"column\" data-e-type=\"column\">\n\t\t\t<div class=\"elementor-widget-wrap elementor-element-populated\">\n\t\t\t\t\t\t<div class=\"elementor-element elementor-element-c3dd359 elementor-widget elementor-widget-text-editor\" data-id=\"c3dd359\" data-element_type=\"widget\" data-e-type=\"widget\" data-widget_type=\"text-editor.default\">\n\t\t\t\t<div class=\"elementor-widget-container\">\n\t\t\t\t\t\t\t\t\t<p>\u201eDieses Jahr sind es genau 30 Jahre, die ich in der IT-Branche auf beiden Seiten des Tisches verbracht habe\u201c, erz\u00e4hlt Pasi. Pasi begann seine Karriere urspr\u00fcnglich als ATK-Spezialist in der damaligen Bezirksverwaltung von Uusimaa. Danach f\u00fchrte Pasis Weg \u00fcber verschiedene IT-Outsourcing-Partner, einschlie\u00dflich Auslandseins\u00e4tzen. Zwischendurch wurde der Weg auch auf der anderen Seite des Tisches beschritten, in gro\u00dfen internationalen Konzernen.   <\/p>\n<p>Pasi hat also reichlich Erfahrung gesammelt, von der IT-Infrastruktur der traditionellen Datenverarbeitung bis hin zu den Diensten der heutigen <a href=\"https:\/\/aboveit.fi\/toimiva_tyopaikka\/\">Microsoft 365<\/a> und <a href=\"https:\/\/aboveit.fi\/alustapalvelut\/\">Azure Public Cloud<\/a>.<\/p>\n<p>\u201eEs ist sch\u00f6n, aus der Erfahrung zu sch\u00f6pfen, und auf diesem Weg gab es zum Beispiel zahlreiche Migrationen sowie die Wartung und Verwaltung gro\u00dfer und komplexer IT-Umgebungen\u201c, f\u00e4hrt Pasi fort.<\/p>\n<p>Wie gro\u00df? \u201eDie gr\u00f6\u00dfte d\u00fcrfte eine Active Directory-Umgebung mit etwa 160.000 Endbenutzern sein\u201c, verr\u00e4t Pasi. <\/p>\t\t\t\t\t\t\t\t<\/div>\n\t\t\t\t<\/div>\n\t\t\t\t\t<\/div>\n\t\t<\/div>\n\t\t\t\t\t<\/div>\n\t\t<\/section>\n\t\t\t\t<section class=\"elementor-section elementor-top-section elementor-element elementor-element-8c490ca elementor-section-boxed elementor-section-height-default elementor-section-height-default\" data-id=\"8c490ca\" data-element_type=\"section\" data-e-type=\"section\">\n\t\t\t\t\t\t<div class=\"elementor-container elementor-column-gap-default\">\n\t\t\t\t\t<div class=\"elementor-column elementor-col-100 elementor-top-column elementor-element elementor-element-7d58650\" data-id=\"7d58650\" data-element_type=\"column\" data-e-type=\"column\">\n\t\t\t<div class=\"elementor-widget-wrap elementor-element-populated\">\n\t\t\t\t\t\t<div class=\"elementor-element elementor-element-503899d elementor-widget elementor-widget-heading\" data-id=\"503899d\" data-element_type=\"widget\" data-e-type=\"widget\" data-widget_type=\"heading.default\">\n\t\t\t\t<div class=\"elementor-widget-container\">\n\t\t\t\t\t<h2 class=\"elementor-heading-title elementor-size-default\">Vom Tanzfl\u00e4chen-Virtuosen zum Strongman<\/h2>\t\t\t\t<\/div>\n\t\t\t\t<\/div>\n\t\t\t\t\t<\/div>\n\t\t<\/div>\n\t\t\t\t\t<\/div>\n\t\t<\/section>\n\t\t\t\t<section class=\"elementor-section elementor-top-section elementor-element elementor-element-26011dd elementor-section-boxed elementor-section-height-default elementor-section-height-default\" data-id=\"26011dd\" data-element_type=\"section\" data-e-type=\"section\">\n\t\t\t\t\t\t<div class=\"elementor-container elementor-column-gap-default\">\n\t\t\t\t\t<div class=\"elementor-column elementor-col-100 elementor-top-column elementor-element elementor-element-556539e\" data-id=\"556539e\" data-element_type=\"column\" data-e-type=\"column\">\n\t\t\t<div class=\"elementor-widget-wrap elementor-element-populated\">\n\t\t\t\t\t\t<div class=\"elementor-element elementor-element-702cf91 elementor-widget elementor-widget-text-editor\" data-id=\"702cf91\" data-element_type=\"widget\" data-e-type=\"widget\" data-widget_type=\"text-editor.default\">\n\t\t\t\t<div class=\"elementor-widget-container\">\n\t\t\t\t\t\t\t\t\t<p> Da f\u00fcr Pasi alles immer gro\u00df sein muss, nimmt Pasi die Dinge auch in seiner Freizeit ernst.<\/p><p>\u201eAls ich Turniertanz praktizierte, riss mich die Latinoshow mit, und ich konnte einen Weltmeistertitel aus dem Jahr 2016 gewinnen\u201c, erz\u00e4hlt Pasi.<\/p><p>Danach wurde die Atmosph\u00e4re im Strongman-Sport gesucht, wo Pasi in der Kategorie unter 85 kg unter dem finnischen Kraftsportverband antritt. Pasi hat derzeit insgesamt sieben Wettk\u00e4mpfe hinter sich und aus diesen Wettk\u00e4mpfen hat er bereits insgesamt vier Medaillen gewonnen \u2013 darunter einen Sieg. <\/p><p>\u201eEs muss immer eine zielgerichtete Aktivit\u00e4t geben, damit Interesse und Motivation erhalten bleiben!\u201c, betont Pasi. Und deshalb wollte Pasi urspr\u00fcnglich auch dabei sein, um die Arbeit von Above IT Oy weiterzuentwickeln!<\/p>\t\t\t\t\t\t\t\t<\/div>\n\t\t\t\t<\/div>\n\t\t\t\t\t<\/div>\n\t\t<\/div>\n\t\t\t\t\t<\/div>\n\t\t<\/section>\n\t\t\t\t<section class=\"elementor-section elementor-top-section elementor-element elementor-element-d424f5a elementor-section-boxed elementor-section-height-default elementor-section-height-default\" data-id=\"d424f5a\" data-element_type=\"section\" data-e-type=\"section\">\n\t\t\t\t\t\t<div class=\"elementor-container elementor-column-gap-default\">\n\t\t\t\t\t<div class=\"elementor-column elementor-col-100 elementor-top-column elementor-element elementor-element-c642dcd\" data-id=\"c642dcd\" data-element_type=\"column\" data-e-type=\"column\">\n\t\t\t<div class=\"elementor-widget-wrap elementor-element-populated\">\n\t\t\t\t\t\t<div class=\"elementor-element elementor-element-80e7181 elementor-widget elementor-widget-heading\" data-id=\"80e7181\" data-element_type=\"widget\" data-e-type=\"widget\" data-widget_type=\"heading.default\">\n\t\t\t\t<div class=\"elementor-widget-container\">\n\t\t\t\t\t<h2 class=\"elementor-heading-title elementor-size-default\">Mehr St\u00e4rke f\u00fcr das Consigliere-Team von Above IT<\/h2>\t\t\t\t<\/div>\n\t\t\t\t<\/div>\n\t\t\t\t\t<\/div>\n\t\t<\/div>\n\t\t\t\t\t<\/div>\n\t\t<\/section>\n\t\t\t\t<section class=\"elementor-section elementor-top-section elementor-element elementor-element-03b5179 elementor-section-boxed elementor-section-height-default elementor-section-height-default\" data-id=\"03b5179\" data-element_type=\"section\" data-e-type=\"section\">\n\t\t\t\t\t\t<div class=\"elementor-container elementor-column-gap-default\">\n\t\t\t\t\t<div class=\"elementor-column elementor-col-100 elementor-top-column elementor-element elementor-element-67d3628\" data-id=\"67d3628\" data-element_type=\"column\" data-e-type=\"column\">\n\t\t\t<div class=\"elementor-widget-wrap elementor-element-populated\">\n\t\t\t\t\t\t<div class=\"elementor-element elementor-element-7d2e0cc elementor-widget elementor-widget-text-editor\" data-id=\"7d2e0cc\" data-element_type=\"widget\" data-e-type=\"widget\" data-widget_type=\"text-editor.default\">\n\t\t\t\t<div class=\"elementor-widget-container\">\n\t\t\t\t\t\t\t\t\t<p>\u201eDie Gr\u00fcnder von Above IT, Juhan und Mika, kannte ich bereits\u201c, erz\u00e4hlt Pasi.<\/p><p>Pasi schloss sich Mitte November dem Team von Above IT an, um seine starke Kompetenz einzubringen, und hat sich nun sehr wohlgef\u00fchlt. Sogar so sehr, dass dieser Profi, der zuvor so sehr \u201eRemote-Arbeit\u201c bevorzugte, nun regelm\u00e4\u00dfig in unserem Above IT-B\u00fcro zu sehen ist! <\/p><p>\u201eIch bin im Herbst zu den Jungs gegangen, wir haben uns eine Stunde lang unterhalten und festgestellt, dass unsere gemeinsamen Ansichten \u00fcbereinstimmen. Eigentlich war die Sache damit sofort erledigt\u201c, verr\u00e4t Pasi.<\/p><p>Pasi bringt mit seiner Erfahrung eine enorme Bereicherung f\u00fcr das Expertenteam von Above IT und st\u00e4rkt so das \u201eConsigliere\u201c-Team des Unternehmens. Von Pasis Cloud-Service- und Infrastruktur-Expertise k\u00f6nnen also auch Sie in Zukunft profitieren. Pasi hat sich w\u00e4hrend seiner beruflichen Laufbahn insbesondere auf Exchange-Systeme und anspruchsvolle Verzeichnisdienst- und Identit\u00e4tsmanagementl\u00f6sungen spezialisiert, und schon jetzt haben sich aus seinem Werkzeugkasten direkte L\u00f6sungen f\u00fcr die dr\u00e4ngenden Bed\u00fcrfnisse der Kunden in der Cloud-Welt ergeben.  <\/p><p>Folgen Sie Pasi also auch auf <a href=\"https:\/\/www.linkedin.com\/in\/pasi-jalonen-ba33447\/\">LinkedIn<\/a> und sprechen Sie ihn an, falls in Ihrer Organisation fundierte Erfahrung f\u00fcr vielleicht etwas anspruchsvollere Herausforderungen ben\u00f6tigt wird!<\/p>\t\t\t\t\t\t\t\t<\/div>\n\t\t\t\t<\/div>\n\t\t\t\t\t<\/div>\n\t\t<\/div>\n\t\t\t\t\t<\/div>\n\t\t<\/section>\n\t\t\t\t<section class=\"elementor-section elementor-top-section elementor-element elementor-element-86d3368 elementor-section-boxed elementor-section-height-default elementor-section-height-default\" data-id=\"86d3368\" data-element_type=\"section\" data-e-type=\"section\">\n\t\t\t\t\t\t<div class=\"elementor-container elementor-column-gap-default\">\n\t\t\t\t\t<div class=\"elementor-column elementor-col-100 elementor-top-column elementor-element elementor-element-c1d8b8c\" data-id=\"c1d8b8c\" data-element_type=\"column\" data-e-type=\"column\">\n\t\t\t<div class=\"elementor-widget-wrap elementor-element-populated\">\n\t\t\t\t\t\t<div class=\"elementor-element elementor-element-24a05a1 elementor-widget elementor-widget-text-editor\" data-id=\"24a05a1\" data-element_type=\"widget\" data-e-type=\"widget\" data-widget_type=\"text-editor.default\">\n\t\t\t\t<div class=\"elementor-widget-container\">\n\t\t\t\t\t\t\t\t\t<p><em>Als vertrauensw\u00fcrdige Berater f\u00fcr das IT-Management sind die \u201eConsigliere\u201c-Kollegen von Above IT eine Ressource f\u00fcr Ihr IT-Management, die dazu beitr\u00e4gt, dass Ihr Unternehmen gut l\u00e4uft und floriert und gleichzeitig die Mitarbeiter Ihres IT-Managements f\u00fcr ihre gute Arbeit w\u00fcrdigt. Glauben Sie, dass Sie unser n\u00e4chster \u201eConsigliere\u201c sein k\u00f6nnten? Senden Sie uns eine Nachricht an rekry@aboveit.fi mit Ihrem Lebenslauf, und wir sprechen dar\u00fcber!  <\/em><\/p>\t\t\t\t\t\t\t\t<\/div>\n\t\t\t\t<\/div>\n\t\t\t\t\t<\/div>\n\t\t<\/div>\n\t\t\t\t\t<\/div>\n\t\t<\/section>\n\t\t\t\t<\/div>\n\t\t","protected":false},"excerpt":{"rendered":"<p>Pasi Jalonen, der Above IT starke Kompetenz bringt, ben\u00f6tigt in der IT-Welt normalerweise keine Vorstellung. In dieser pers\u00f6nlichen Geschichte stellen wir Pasi jedoch vor. <\/p>\n","protected":false},"author":3,"featured_media":8700,"comment_status":"closed","ping_status":"closed","sticky":false,"template":"","format":"standard","meta":{"content-type":"","inline_featured_image":false,"footnotes":""},"categories":[265,264],"tags":[268,269,317],"class_list":["post-8699","post","type-post","status-publish","format-standard","has-post-thumbnail","hentry","category-above-it","category-nachrichten","tag-aboveit","tag-consigliere","tag-mitarbeiterportrat"],"yoast_head":"<!-- This site is optimized with the Yoast SEO plugin v27.5 - https:\/\/yoast.com\/product\/yoast-seo-wordpress\/ -->\n<title>Starke Kompetenz - Above IT Oy<\/title>\n<meta name=\"description\" content=\"Pasi Jalonen, der Above IT starke Kompetenz bringt, ben\u00f6tigt normalerweise keine Vorstellung. In dieser pers\u00f6nlichen Geschichte stellen wir Pasi jedoch vor.\" \/>\n<meta name=\"robots\" content=\"index, follow, max-snippet:-1, max-image-preview:large, max-video-preview:-1\" \/>\n<link rel=\"canonical\" href=\"https:\/\/aboveit.fi\/de\/starke-kompetenz\/\" \/>\n<meta property=\"og:locale\" content=\"de_DE\" \/>\n<meta property=\"og:type\" content=\"article\" \/>\n<meta property=\"og:title\" content=\"Starke Kompetenz - Above IT Oy\" \/>\n<meta property=\"og:description\" content=\"Pasi Jalonen, der Above IT starke Kompetenz bringt, ben\u00f6tigt normalerweise keine Vorstellung. In dieser pers\u00f6nlichen Geschichte stellen wir Pasi jedoch vor.\" \/>\n<meta property=\"og:url\" content=\"https:\/\/aboveit.fi\/de\/starke-kompetenz\/\" \/>\n<meta property=\"og:site_name\" content=\"Above IT Oy\" \/>\n<meta property=\"article:publisher\" content=\"https:\/\/www.facebook.com\/aboveitfi\" \/>\n<meta property=\"article:published_time\" content=\"2024-11-30T12:43:09+00:00\" \/>\n<meta property=\"article:modified_time\" content=\"2025-11-26T14:29:21+00:00\" \/>\n<meta property=\"og:image\" content=\"https:\/\/aboveit.fi\/wp-content\/uploads\/2024\/11\/IMG20241126135750.jpg\" \/>\n\t<meta property=\"og:image:width\" content=\"1440\" \/>\n\t<meta property=\"og:image:height\" content=\"1920\" \/>\n\t<meta property=\"og:image:type\" content=\"image\/jpeg\" \/>\n<meta name=\"author\" content=\"Juha Kari\" \/>\n<meta name=\"twitter:card\" content=\"summary_large_image\" \/>\n<meta name=\"twitter:label1\" content=\"Verfasst von\" \/>\n\t<meta name=\"twitter:data1\" content=\"Juha Kari\" \/>\n\t<meta name=\"twitter:label2\" content=\"Gesch\u00e4tzte Lesezeit\" \/>\n\t<meta name=\"twitter:data2\" content=\"3\u00a0Minuten\" \/>\n<script type=\"application\/ld+json\" class=\"yoast-schema-graph\">{\"@context\":\"https:\\\/\\\/schema.org\",\"@graph\":[{\"@type\":\"Article\",\"@id\":\"https:\\\/\\\/aboveit.fi\\\/de\\\/starke-kompetenz\\\/#article\",\"isPartOf\":{\"@id\":\"https:\\\/\\\/aboveit.fi\\\/de\\\/starke-kompetenz\\\/\"},\"author\":{\"name\":\"Juha Kari\",\"@id\":\"https:\\\/\\\/aboveit.fi\\\/de\\\/#\\\/schema\\\/person\\\/8b6b16ca2927e8021cd0a2fc2a09ce5d\"},\"headline\":\"Starke Kompetenz\",\"datePublished\":\"2024-11-30T12:43:09+00:00\",\"dateModified\":\"2025-11-26T14:29:21+00:00\",\"mainEntityOfPage\":{\"@id\":\"https:\\\/\\\/aboveit.fi\\\/de\\\/starke-kompetenz\\\/\"},\"wordCount\":612,\"publisher\":{\"@id\":\"https:\\\/\\\/aboveit.fi\\\/de\\\/#organization\"},\"image\":{\"@id\":\"https:\\\/\\\/aboveit.fi\\\/de\\\/starke-kompetenz\\\/#primaryimage\"},\"thumbnailUrl\":\"https:\\\/\\\/aboveit.fi\\\/wp-content\\\/uploads\\\/2024\\\/11\\\/IMG20241126135750.jpg\",\"keywords\":[\"aboveit\",\"consigliere\",\"Mitarbeiterportr\u00e4t\"],\"articleSection\":[\"Above IT\",\"Nachrichten\"],\"inLanguage\":\"de\"},{\"@type\":\"WebPage\",\"@id\":\"https:\\\/\\\/aboveit.fi\\\/de\\\/starke-kompetenz\\\/\",\"url\":\"https:\\\/\\\/aboveit.fi\\\/de\\\/starke-kompetenz\\\/\",\"name\":\"Starke Kompetenz - Above IT Oy\",\"isPartOf\":{\"@id\":\"https:\\\/\\\/aboveit.fi\\\/de\\\/#website\"},\"primaryImageOfPage\":{\"@id\":\"https:\\\/\\\/aboveit.fi\\\/de\\\/starke-kompetenz\\\/#primaryimage\"},\"image\":{\"@id\":\"https:\\\/\\\/aboveit.fi\\\/de\\\/starke-kompetenz\\\/#primaryimage\"},\"thumbnailUrl\":\"https:\\\/\\\/aboveit.fi\\\/wp-content\\\/uploads\\\/2024\\\/11\\\/IMG20241126135750.jpg\",\"datePublished\":\"2024-11-30T12:43:09+00:00\",\"dateModified\":\"2025-11-26T14:29:21+00:00\",\"description\":\"Pasi Jalonen, der Above IT starke Kompetenz bringt, ben\u00f6tigt normalerweise keine Vorstellung. In dieser pers\u00f6nlichen Geschichte stellen wir Pasi jedoch vor.\",\"breadcrumb\":{\"@id\":\"https:\\\/\\\/aboveit.fi\\\/de\\\/starke-kompetenz\\\/#breadcrumb\"},\"inLanguage\":\"de\",\"potentialAction\":[{\"@type\":\"ReadAction\",\"target\":[\"https:\\\/\\\/aboveit.fi\\\/de\\\/starke-kompetenz\\\/\"]}]},{\"@type\":\"ImageObject\",\"inLanguage\":\"de\",\"@id\":\"https:\\\/\\\/aboveit.fi\\\/de\\\/starke-kompetenz\\\/#primaryimage\",\"url\":\"https:\\\/\\\/aboveit.fi\\\/wp-content\\\/uploads\\\/2024\\\/11\\\/IMG20241126135750.jpg\",\"contentUrl\":\"https:\\\/\\\/aboveit.fi\\\/wp-content\\\/uploads\\\/2024\\\/11\\\/IMG20241126135750.jpg\",\"width\":1440,\"height\":1920,\"caption\":\"Pasi Jalonen repr\u00e4sentiert starke Kompetenz.\"},{\"@type\":\"BreadcrumbList\",\"@id\":\"https:\\\/\\\/aboveit.fi\\\/de\\\/starke-kompetenz\\\/#breadcrumb\",\"itemListElement\":[{\"@type\":\"ListItem\",\"position\":1,\"name\":\"Etusivu\",\"item\":\"https:\\\/\\\/aboveit.fi\\\/de\\\/\"},{\"@type\":\"ListItem\",\"position\":2,\"name\":\"Starke Kompetenz\"}]},{\"@type\":\"WebSite\",\"@id\":\"https:\\\/\\\/aboveit.fi\\\/de\\\/#website\",\"url\":\"https:\\\/\\\/aboveit.fi\\\/de\\\/\",\"name\":\"We Are Above IT\",\"description\":\"Tietohallinnon voimavarakumppani\",\"publisher\":{\"@id\":\"https:\\\/\\\/aboveit.fi\\\/de\\\/#organization\"},\"potentialAction\":[{\"@type\":\"SearchAction\",\"target\":{\"@type\":\"EntryPoint\",\"urlTemplate\":\"https:\\\/\\\/aboveit.fi\\\/de\\\/?s={search_term_string}\"},\"query-input\":{\"@type\":\"PropertyValueSpecification\",\"valueRequired\":true,\"valueName\":\"search_term_string\"}}],\"inLanguage\":\"de\"},{\"@type\":\"Organization\",\"@id\":\"https:\\\/\\\/aboveit.fi\\\/de\\\/#organization\",\"name\":\"Above IT Oy\",\"url\":\"https:\\\/\\\/aboveit.fi\\\/de\\\/\",\"logo\":{\"@type\":\"ImageObject\",\"inLanguage\":\"de\",\"@id\":\"https:\\\/\\\/aboveit.fi\\\/de\\\/#\\\/schema\\\/logo\\\/image\\\/\",\"url\":\"https:\\\/\\\/aboveit.fi\\\/wp-content\\\/uploads\\\/2024\\\/10\\\/aboveIT-logo.png\",\"contentUrl\":\"https:\\\/\\\/aboveit.fi\\\/wp-content\\\/uploads\\\/2024\\\/10\\\/aboveIT-logo.png\",\"width\":1613,\"height\":383,\"caption\":\"Above IT Oy\"},\"image\":{\"@id\":\"https:\\\/\\\/aboveit.fi\\\/de\\\/#\\\/schema\\\/logo\\\/image\\\/\"},\"sameAs\":[\"https:\\\/\\\/www.facebook.com\\\/aboveitfi\",\"https:\\\/\\\/www.linkedin.com\\\/company\\\/aboveitfi\",\"https:\\\/\\\/instagram.com\\\/aboveitfi\"]},{\"@type\":\"Person\",\"@id\":\"https:\\\/\\\/aboveit.fi\\\/de\\\/#\\\/schema\\\/person\\\/8b6b16ca2927e8021cd0a2fc2a09ce5d\",\"name\":\"Juha Kari\",\"image\":{\"@type\":\"ImageObject\",\"inLanguage\":\"de\",\"@id\":\"https:\\\/\\\/secure.gravatar.com\\\/avatar\\\/3673353ef8de813771f6c6e6251f2a017a8167d2b4f9e43ac0692cc89ce69aeb?s=96&d=mm&r=g\",\"url\":\"https:\\\/\\\/secure.gravatar.com\\\/avatar\\\/3673353ef8de813771f6c6e6251f2a017a8167d2b4f9e43ac0692cc89ce69aeb?s=96&d=mm&r=g\",\"contentUrl\":\"https:\\\/\\\/secure.gravatar.com\\\/avatar\\\/3673353ef8de813771f6c6e6251f2a017a8167d2b4f9e43ac0692cc89ce69aeb?s=96&d=mm&r=g\",\"caption\":\"Juha Kari\"},\"sameAs\":[\"https:\\\/\\\/aboveit.fi\"],\"url\":\"https:\\\/\\\/aboveit.fi\\\/de\\\/author\\\/juha-kariaboveit-fi\\\/\"}]}<\/script>\n<!-- \/ Yoast SEO plugin. -->","yoast_head_json":{"title":"Starke Kompetenz - Above IT Oy","description":"Pasi Jalonen, der Above IT starke Kompetenz bringt, ben\u00f6tigt normalerweise keine Vorstellung. In dieser pers\u00f6nlichen Geschichte stellen wir Pasi jedoch vor.","robots":{"index":"index","follow":"follow","max-snippet":"max-snippet:-1","max-image-preview":"max-image-preview:large","max-video-preview":"max-video-preview:-1"},"canonical":"https:\/\/aboveit.fi\/de\/starke-kompetenz\/","og_locale":"de_DE","og_type":"article","og_title":"Starke Kompetenz - Above IT Oy","og_description":"Pasi Jalonen, der Above IT starke Kompetenz bringt, ben\u00f6tigt normalerweise keine Vorstellung. In dieser pers\u00f6nlichen Geschichte stellen wir Pasi jedoch vor.","og_url":"https:\/\/aboveit.fi\/de\/starke-kompetenz\/","og_site_name":"Above IT Oy","article_publisher":"https:\/\/www.facebook.com\/aboveitfi","article_published_time":"2024-11-30T12:43:09+00:00","article_modified_time":"2025-11-26T14:29:21+00:00","og_image":[{"width":1440,"height":1920,"url":"https:\/\/aboveit.fi\/wp-content\/uploads\/2024\/11\/IMG20241126135750.jpg","type":"image\/jpeg"}],"author":"Juha Kari","twitter_card":"summary_large_image","twitter_misc":{"Verfasst von":"Juha Kari","Gesch\u00e4tzte Lesezeit":"3\u00a0Minuten"},"schema":{"@context":"https:\/\/schema.org","@graph":[{"@type":"Article","@id":"https:\/\/aboveit.fi\/de\/starke-kompetenz\/#article","isPartOf":{"@id":"https:\/\/aboveit.fi\/de\/starke-kompetenz\/"},"author":{"name":"Juha Kari","@id":"https:\/\/aboveit.fi\/de\/#\/schema\/person\/8b6b16ca2927e8021cd0a2fc2a09ce5d"},"headline":"Starke Kompetenz","datePublished":"2024-11-30T12:43:09+00:00","dateModified":"2025-11-26T14:29:21+00:00","mainEntityOfPage":{"@id":"https:\/\/aboveit.fi\/de\/starke-kompetenz\/"},"wordCount":612,"publisher":{"@id":"https:\/\/aboveit.fi\/de\/#organization"},"image":{"@id":"https:\/\/aboveit.fi\/de\/starke-kompetenz\/#primaryimage"},"thumbnailUrl":"https:\/\/aboveit.fi\/wp-content\/uploads\/2024\/11\/IMG20241126135750.jpg","keywords":["aboveit","consigliere","Mitarbeiterportr\u00e4t"],"articleSection":["Above IT","Nachrichten"],"inLanguage":"de"},{"@type":"WebPage","@id":"https:\/\/aboveit.fi\/de\/starke-kompetenz\/","url":"https:\/\/aboveit.fi\/de\/starke-kompetenz\/","name":"Starke Kompetenz - Above IT Oy","isPartOf":{"@id":"https:\/\/aboveit.fi\/de\/#website"},"primaryImageOfPage":{"@id":"https:\/\/aboveit.fi\/de\/starke-kompetenz\/#primaryimage"},"image":{"@id":"https:\/\/aboveit.fi\/de\/starke-kompetenz\/#primaryimage"},"thumbnailUrl":"https:\/\/aboveit.fi\/wp-content\/uploads\/2024\/11\/IMG20241126135750.jpg","datePublished":"2024-11-30T12:43:09+00:00","dateModified":"2025-11-26T14:29:21+00:00","description":"Pasi Jalonen, der Above IT starke Kompetenz bringt, ben\u00f6tigt normalerweise keine Vorstellung. In dieser pers\u00f6nlichen Geschichte stellen wir Pasi jedoch vor.","breadcrumb":{"@id":"https:\/\/aboveit.fi\/de\/starke-kompetenz\/#breadcrumb"},"inLanguage":"de","potentialAction":[{"@type":"ReadAction","target":["https:\/\/aboveit.fi\/de\/starke-kompetenz\/"]}]},{"@type":"ImageObject","inLanguage":"de","@id":"https:\/\/aboveit.fi\/de\/starke-kompetenz\/#primaryimage","url":"https:\/\/aboveit.fi\/wp-content\/uploads\/2024\/11\/IMG20241126135750.jpg","contentUrl":"https:\/\/aboveit.fi\/wp-content\/uploads\/2024\/11\/IMG20241126135750.jpg","width":1440,"height":1920,"caption":"Pasi Jalonen repr\u00e4sentiert starke Kompetenz."},{"@type":"BreadcrumbList","@id":"https:\/\/aboveit.fi\/de\/starke-kompetenz\/#breadcrumb","itemListElement":[{"@type":"ListItem","position":1,"name":"Etusivu","item":"https:\/\/aboveit.fi\/de\/"},{"@type":"ListItem","position":2,"name":"Starke Kompetenz"}]},{"@type":"WebSite","@id":"https:\/\/aboveit.fi\/de\/#website","url":"https:\/\/aboveit.fi\/de\/","name":"We Are Above IT","description":"Tietohallinnon voimavarakumppani","publisher":{"@id":"https:\/\/aboveit.fi\/de\/#organization"},"potentialAction":[{"@type":"SearchAction","target":{"@type":"EntryPoint","urlTemplate":"https:\/\/aboveit.fi\/de\/?s={search_term_string}"},"query-input":{"@type":"PropertyValueSpecification","valueRequired":true,"valueName":"search_term_string"}}],"inLanguage":"de"},{"@type":"Organization","@id":"https:\/\/aboveit.fi\/de\/#organization","name":"Above IT Oy","url":"https:\/\/aboveit.fi\/de\/","logo":{"@type":"ImageObject","inLanguage":"de","@id":"https:\/\/aboveit.fi\/de\/#\/schema\/logo\/image\/","url":"https:\/\/aboveit.fi\/wp-content\/uploads\/2024\/10\/aboveIT-logo.png","contentUrl":"https:\/\/aboveit.fi\/wp-content\/uploads\/2024\/10\/aboveIT-logo.png","width":1613,"height":383,"caption":"Above IT Oy"},"image":{"@id":"https:\/\/aboveit.fi\/de\/#\/schema\/logo\/image\/"},"sameAs":["https:\/\/www.facebook.com\/aboveitfi","https:\/\/www.linkedin.com\/company\/aboveitfi","https:\/\/instagram.com\/aboveitfi"]},{"@type":"Person","@id":"https:\/\/aboveit.fi\/de\/#\/schema\/person\/8b6b16ca2927e8021cd0a2fc2a09ce5d","name":"Juha Kari","image":{"@type":"ImageObject","inLanguage":"de","@id":"https:\/\/secure.gravatar.com\/avatar\/3673353ef8de813771f6c6e6251f2a017a8167d2b4f9e43ac0692cc89ce69aeb?s=96&d=mm&r=g","url":"https:\/\/secure.gravatar.com\/avatar\/3673353ef8de813771f6c6e6251f2a017a8167d2b4f9e43ac0692cc89ce69aeb?s=96&d=mm&r=g","contentUrl":"https:\/\/secure.gravatar.com\/avatar\/3673353ef8de813771f6c6e6251f2a017a8167d2b4f9e43ac0692cc89ce69aeb?s=96&d=mm&r=g","caption":"Juha Kari"},"sameAs":["https:\/\/aboveit.fi"],"url":"https:\/\/aboveit.fi\/de\/author\/juha-kariaboveit-fi\/"}]}},"_links":{"self":[{"href":"https:\/\/aboveit.fi\/de\/wp-json\/wp\/v2\/posts\/8699","targetHints":{"allow":["GET"]}}],"collection":[{"href":"https:\/\/aboveit.fi\/de\/wp-json\/wp\/v2\/posts"}],"about":[{"href":"https:\/\/aboveit.fi\/de\/wp-json\/wp\/v2\/types\/post"}],"author":[{"embeddable":true,"href":"https:\/\/aboveit.fi\/de\/wp-json\/wp\/v2\/users\/3"}],"replies":[{"embeddable":true,"href":"https:\/\/aboveit.fi\/de\/wp-json\/wp\/v2\/comments?post=8699"}],"version-history":[{"count":1,"href":"https:\/\/aboveit.fi\/de\/wp-json\/wp\/v2\/posts\/8699\/revisions"}],"predecessor-version":[{"id":8702,"href":"https:\/\/aboveit.fi\/de\/wp-json\/wp\/v2\/posts\/8699\/revisions\/8702"}],"wp:featuredmedia":[{"embeddable":true,"href":"https:\/\/aboveit.fi\/de\/wp-json\/wp\/v2\/media\/8700"}],"wp:attachment":[{"href":"https:\/\/aboveit.fi\/de\/wp-json\/wp\/v2\/media?parent=8699"}],"wp:term":[{"taxonomy":"category","embeddable":true,"href":"https:\/\/aboveit.fi\/de\/wp-json\/wp\/v2\/categories?post=8699"},{"taxonomy":"post_tag","embeddable":true,"href":"https:\/\/aboveit.fi\/de\/wp-json\/wp\/v2\/tags?post=8699"}],"curies":[{"name":"wp","href":"https:\/\/api.w.org\/{rel}","templated":true}]}}