{"id":8439,"date":"2025-11-04T08:28:58","date_gmt":"2025-11-04T06:28:58","guid":{"rendered":"https:\/\/aboveit.fi\/herbstliche-erkenntnisse-zur-umsetzung\/"},"modified":"2025-11-26T15:53:10","modified_gmt":"2025-11-26T13:53:10","slug":"herbstliche-erkenntnisse-zur-umsetzung","status":"publish","type":"post","link":"https:\/\/aboveit.fi\/de\/herbstliche-erkenntnisse-zur-umsetzung\/","title":{"rendered":"Herbstliche Erkenntnisse zur Umsetzung"},"content":{"rendered":"\t\t<div data-elementor-type=\"wp-post\" data-elementor-id=\"8439\" class=\"elementor elementor-8439 elementor-7923\" data-elementor-post-type=\"post\">\n\t\t\t\t\t\t<section class=\"elementor-section elementor-top-section elementor-element elementor-element-a3f801a elementor-section-boxed elementor-section-height-default elementor-section-height-default\" data-id=\"a3f801a\" data-element_type=\"section\" data-e-type=\"section\">\n\t\t\t\t\t\t<div class=\"elementor-container elementor-column-gap-default\">\n\t\t\t\t\t<div class=\"elementor-column elementor-col-100 elementor-top-column elementor-element elementor-element-6a942e1\" data-id=\"6a942e1\" data-element_type=\"column\" data-e-type=\"column\">\n\t\t\t<div class=\"elementor-widget-wrap elementor-element-populated\">\n\t\t\t\t\t\t<div class=\"elementor-element elementor-element-08d9ffd elementor-widget elementor-widget-text-editor\" data-id=\"08d9ffd\" data-element_type=\"widget\" data-e-type=\"widget\" data-widget_type=\"text-editor.default\">\n\t\t\t\t<div class=\"elementor-widget-container\">\n\t\t\t\t\t\t\t\t\t<p><em>Letzte Woche hatte Above IT das Vergn\u00fcgen, an <a href=\"https:\/\/www.b2match.com\/e\/xvi-evento-anual-illuminate-valencia\">der internationalen Konferenz der IAMCP (International Association of Microsoft Channel Partners) in Valencia<\/a> teilzunehmen. Die Veranstaltung brachte Microsoft-Partner aus aller Welt zusammen \u2013 unter einem Dach versammelte sich eine enorme Menge an Wissen, Erfahrung und Begeisterung. Aus Finnland nahmen neben den &#8218;Consigliere&#8216;-Jungs von Above IT auch andere aktive Mitglieder der IAMCP Finnland an der Reise teil. Auf dem Bild sind mit uns Olli Korpelainen von Forward Forever, Sami Ringvall von Enter SystemSolutions sowie Risto Lahi von Innofactor zu sehen. Was uns die spanische Kulisse f\u00fcr den Herbst beschert hat, erfahren Sie in diesem Blog.    <\/em><\/p>\t\t\t\t\t\t\t\t<\/div>\n\t\t\t\t<\/div>\n\t\t\t\t\t<\/div>\n\t\t<\/div>\n\t\t\t\t\t<\/div>\n\t\t<\/section>\n\t\t\t\t<section class=\"elementor-section elementor-top-section elementor-element elementor-element-680bf5d elementor-section-boxed elementor-section-height-default elementor-section-height-default\" data-id=\"680bf5d\" data-element_type=\"section\" data-e-type=\"section\">\n\t\t\t\t\t\t<div class=\"elementor-container elementor-column-gap-default\">\n\t\t\t\t\t<div class=\"elementor-column elementor-col-100 elementor-top-column elementor-element elementor-element-a43f738\" data-id=\"a43f738\" data-element_type=\"column\" data-e-type=\"column\">\n\t\t\t<div class=\"elementor-widget-wrap elementor-element-populated\">\n\t\t\t\t\t\t<div class=\"elementor-element elementor-element-a611ca5 elementor-widget elementor-widget-heading\" data-id=\"a611ca5\" data-element_type=\"widget\" data-e-type=\"widget\" data-widget_type=\"heading.default\">\n\t\t\t\t<div class=\"elementor-widget-container\">\n\t\t\t\t\t<h2 class=\"elementor-heading-title elementor-size-default\">Themen der IAMCP-Konferenz<\/h2>\t\t\t\t<\/div>\n\t\t\t\t<\/div>\n\t\t\t\t\t<\/div>\n\t\t<\/div>\n\t\t\t\t\t<\/div>\n\t\t<\/section>\n\t\t\t\t<section class=\"elementor-section elementor-top-section elementor-element elementor-element-b4dccd7 elementor-section-boxed elementor-section-height-default elementor-section-height-default\" data-id=\"b4dccd7\" data-element_type=\"section\" data-e-type=\"section\">\n\t\t\t\t\t\t<div class=\"elementor-container elementor-column-gap-default\">\n\t\t\t\t\t<div class=\"elementor-column elementor-col-100 elementor-top-column elementor-element elementor-element-43e6e43\" data-id=\"43e6e43\" data-element_type=\"column\" data-e-type=\"column\">\n\t\t\t<div class=\"elementor-widget-wrap elementor-element-populated\">\n\t\t\t\t\t\t<div class=\"elementor-element elementor-element-ca2e4aa elementor-widget elementor-widget-text-editor\" data-id=\"ca2e4aa\" data-element_type=\"widget\" data-e-type=\"widget\" data-widget_type=\"text-editor.default\">\n\t\t\t\t<div class=\"elementor-widget-container\">\n\t\t\t\t\t\t\t\t\t<p>Die Reise war arbeitsreich und bot mehr als nur Tapas in der Abendd\u00e4mmerung. Die langen Konferenztage wurden jedoch von fruchtbaren Diskussionen und der Vernetzung mit anderen internationalen Akteuren begleitet. Die Konferenzthemen drehten sich stark um <g id=\"gid_0\">die Kraft der Partnerschaft<\/g>, <g id=\"gid_1\">die Nutzung von KI<\/g> und <g id=\"gid_2\">die Steigerung des Kundenwerts<\/g>. Es war inspirierend zu h\u00f6ren, wie Unternehmen in verschiedenen M\u00e4rkten L\u00f6sungen und Dienstleistungen entwickeln, die nicht nur den heutigen Anforderungen entsprechen, sondern auch zuk\u00fcnftige Herausforderungen antizipieren.   <\/p><p>Besonders in Erinnerung geblieben sind:<\/p><ul><li><strong>Vernetzung<\/strong>: Die M\u00f6glichkeit, Kollegen und Partner aus verschiedenen L\u00e4ndern pers\u00f6nlich zu treffen. Die Gespr\u00e4che er\u00f6ffneten neue Perspektiven und Kooperationsm\u00f6glichkeiten. <\/li><li><strong>Keynote-Vortr\u00e4ge<\/strong>: Vertreter von Microsoft und IAMCP-F\u00fchrungskr\u00e4fte hoben strategische Schwerpunkte hervor, wie die Rolle der KI bei der Steigerung der Gesch\u00e4ftseffizienz und die Bedeutung nachhaltiger Entwicklung in der Technologie.<\/li><li><strong>Workshops und Panels<\/strong>: Konkrete Tipps, wie wir gemeinsam st\u00e4rkere \u00d6kosysteme aufbauen und Mehrwert f\u00fcr Kunden schaffen k\u00f6nnen.<\/li><\/ul><p>Valencia bot auch einen gro\u00dfartigen Rahmen f\u00fcr die Veranstaltung \u2013 die Stadt verband moderne Technologie und historische Kultur auf eine Weise, die das Erlebnis unvergesslich machte.<\/p><p>Die Konferenz best\u00e4tigte einmal mehr, dass <strong>Zusammenarbeit der Schl\u00fcssel zum Erfolg ist<\/strong>. Die <a href=\"https:\/\/iamcp.fi\/\">IAMCP-Community<\/a> bietet eine einzigartige Plattform, um gemeinsam zu lernen, zu teilen und zu wachsen. Ich freue mich darauf, die gewonnenen Erkenntnisse in die Praxis umzusetzen und neue Partnerschaften aufzubauen. <\/p>\t\t\t\t\t\t\t\t<\/div>\n\t\t\t\t<\/div>\n\t\t\t\t\t<\/div>\n\t\t<\/div>\n\t\t\t\t\t<\/div>\n\t\t<\/section>\n\t\t\t\t<section class=\"elementor-section elementor-top-section elementor-element elementor-element-cd04c2c elementor-section-boxed elementor-section-height-default elementor-section-height-default\" data-id=\"cd04c2c\" data-element_type=\"section\" data-e-type=\"section\">\n\t\t\t\t\t\t<div class=\"elementor-container elementor-column-gap-default\">\n\t\t\t\t\t<div class=\"elementor-column elementor-col-100 elementor-top-column elementor-element elementor-element-e342937\" data-id=\"e342937\" data-element_type=\"column\" data-e-type=\"column\">\n\t\t\t<div class=\"elementor-widget-wrap elementor-element-populated\">\n\t\t\t\t\t\t<div class=\"elementor-element elementor-element-6e36d05 elementor-widget elementor-widget-heading\" data-id=\"6e36d05\" data-element_type=\"widget\" data-e-type=\"widget\" data-widget_type=\"heading.default\">\n\t\t\t\t<div class=\"elementor-widget-container\">\n\t\t\t\t\t<h2 class=\"elementor-heading-title elementor-size-default\">Schritte in die Welt<\/h2>\t\t\t\t<\/div>\n\t\t\t\t<\/div>\n\t\t\t\t\t<\/div>\n\t\t<\/div>\n\t\t\t\t\t<\/div>\n\t\t<\/section>\n\t\t\t\t<section class=\"elementor-section elementor-top-section elementor-element elementor-element-83d289e elementor-section-boxed elementor-section-height-default elementor-section-height-default\" data-id=\"83d289e\" data-element_type=\"section\" data-e-type=\"section\">\n\t\t\t\t\t\t<div class=\"elementor-container elementor-column-gap-default\">\n\t\t\t\t\t<div class=\"elementor-column elementor-col-100 elementor-top-column elementor-element elementor-element-505ffd8\" data-id=\"505ffd8\" data-element_type=\"column\" data-e-type=\"column\">\n\t\t\t<div class=\"elementor-widget-wrap elementor-element-populated\">\n\t\t\t\t\t\t<div class=\"elementor-element elementor-element-dbb6547 elementor-widget elementor-widget-text-editor\" data-id=\"dbb6547\" data-element_type=\"widget\" data-e-type=\"widget\" data-widget_type=\"text-editor.default\">\n\t\t\t\t<div class=\"elementor-widget-container\">\n\t\t\t\t\t\t\t\t\t<p>Die Reise zur IAMCP-Konferenz hat uns viel gegeben. Es war gro\u00dfartig, unser eigenes Gesch\u00e4ft und bereits Erreichtes mit Unternehmen derselben Branche in anderen Teilen Europas zu vergleichen. Ich selbst suchte auf der Veranstaltung internationale Partnerschaften, aber auch Unterst\u00fctzung von Gleichgesinnten f\u00fcr die Expansion in internationale M\u00e4rkte. Es war gro\u00dfartig, sich austauschen zu k\u00f6nnen und festzustellen, dass der eingeschlagene Weg der richtige war. Wir haben bei Above IT n\u00e4mlich schon seit einiger Zeit eine Konzernstruktur aufgebaut, mit der wir die Skalierung unseres Gesch\u00e4fts in eine internationalere Richtung sicherstellen.    <\/p><p>Die Abende in <a href=\"https:\/\/fi.wikipedia.org\/wiki\/Valencia\">Valencia<\/a> verbrachten wir neben Tapas gr\u00f6\u00dftenteils damit, die Ereignisse des Tages zu verarbeiten. Gleichzeitig hatten wir Zeit f\u00fcr interne Diskussionen, aus deren gewonnenen Erkenntnissen wir gut f\u00fcr die Strategie der kommenden Jahre sch\u00f6pfen k\u00f6nnen. Wie werden wir KI in Zukunft wirklich f\u00fcr unser Gesch\u00e4ft nutzen, oder wie automatisieren wir Dinge noch effizienter und skalieren unsere Aktivit\u00e4ten \u2013 zum Nutzen unserer Kunden?  <\/p><p>Es ist spannend zu sehen, was unsere Zukunft im Zuge des Wachstums mit sich bringen wird. Ich empfehle allen anderen Microsoft-Partnern und insbesondere denen, die eine Internationalisierung planen, herzlich, dem IAMCP-Netzwerk beizutreten und an den Veranstaltungen teilzunehmen! <\/p>\t\t\t\t\t\t\t\t<\/div>\n\t\t\t\t<\/div>\n\t\t\t\t\t<\/div>\n\t\t<\/div>\n\t\t\t\t\t<\/div>\n\t\t<\/section>\n\t\t\t\t<section class=\"elementor-section elementor-top-section elementor-element elementor-element-0aa8e4c elementor-section-boxed elementor-section-height-default elementor-section-height-default\" data-id=\"0aa8e4c\" data-element_type=\"section\" data-e-type=\"section\">\n\t\t\t\t\t\t<div class=\"elementor-container elementor-column-gap-default\">\n\t\t\t\t\t<div class=\"elementor-column elementor-col-100 elementor-top-column elementor-element elementor-element-bfb292c\" data-id=\"bfb292c\" data-element_type=\"column\" data-e-type=\"column\">\n\t\t\t<div class=\"elementor-widget-wrap elementor-element-populated\">\n\t\t\t\t\t\t<div class=\"elementor-element elementor-element-656f717 elementor-widget elementor-widget-heading\" data-id=\"656f717\" data-element_type=\"widget\" data-e-type=\"widget\" data-widget_type=\"heading.default\">\n\t\t\t\t<div class=\"elementor-widget-container\">\n\t\t\t\t\t<h2 class=\"elementor-heading-title elementor-size-default\">Aber was ist mit dem heimischen Markt?<\/h2>\t\t\t\t<\/div>\n\t\t\t\t<\/div>\n\t\t\t\t\t<\/div>\n\t\t<\/div>\n\t\t\t\t\t<\/div>\n\t\t<\/section>\n\t\t\t\t<section class=\"elementor-section elementor-top-section elementor-element elementor-element-af8d955 elementor-section-boxed elementor-section-height-default elementor-section-height-default\" data-id=\"af8d955\" data-element_type=\"section\" data-e-type=\"section\">\n\t\t\t\t\t\t<div class=\"elementor-container elementor-column-gap-default\">\n\t\t\t\t\t<div class=\"elementor-column elementor-col-100 elementor-top-column elementor-element elementor-element-0673479\" data-id=\"0673479\" data-element_type=\"column\" data-e-type=\"column\">\n\t\t\t<div class=\"elementor-widget-wrap elementor-element-populated\">\n\t\t\t\t\t\t<div class=\"elementor-element elementor-element-a8ed158 elementor-widget elementor-widget-text-editor\" data-id=\"a8ed158\" data-element_type=\"widget\" data-e-type=\"widget\" data-widget_type=\"text-editor.default\">\n\t\t\t\t<div class=\"elementor-widget-container\">\n\t\t\t\t\t\t\t\t\t<p>Unsere Begegnungen auf dem heimischen Markt haben in den letzten Jahren gezeigt, dass es neben dem eigentlichen Gesch\u00e4ft von Above IT in Finnland viele Unternehmen gibt, die IT-Dienstleistungen einfach als ein Gesamtpaket kaufen m\u00f6chten, weshalb wir uns im Sommer als Konzern entschieden haben, darauf zu reagieren. Die eigenen Aktivit\u00e4ten von Above IT unterst\u00fctzen diese Entwicklung. <\/p><p>Das zweite Unternehmen unseres Konzerns, <a href=\"https:\/\/www.belowit.fi\/\">Below IT Oy<\/a>, erblickte schlie\u00dflich Mitte Oktober das Licht der Welt und wird von unserem alten Kollegen <a href=\"https:\/\/www.linkedin.com\/in\/niki-erkkila\/\">Niki Erkkil\u00e4<\/a> geleitet. Das neue Unternehmen wird grundlegende IT-Dienstleistungen f\u00fcr Endbenutzer und Endger\u00e4te sowie die Managed Cloud Services von Above IT f\u00fcr die IT-Abteilungen gr\u00f6\u00dferer Organisationen zu einem Gesamtpaket zusammenfassen. Auf diese Weise standardisieren wir den Betrieb von IT-Umgebungen.  <\/p><p>Die Aufgabe von Below IT ist es, heimischen KMU den besseren, menschennahen IT-Service zu bieten, der irgendwo in den Wachstumsschmerzen gr\u00f6\u00dferer IT-Dienstleistungsunternehmen verloren gegangen ist. Gleichzeitig jedoch als au\u00dfergew\u00f6hnlich umfassender, f\u00fcrsorglicher MSP-Service, basierend auf unserer soliden Erfahrung. Und ich bin sehr begeistert von all dem, denn das ist etwas, das es in Finnland so noch nicht gegeben hat.  <\/p><p>Ganz selbstverst\u00e4ndlich gilt weiterhin: Above IT bietet hochkompetente Dienstleistungen ausschlie\u00dflich f\u00fcr IT-Verantwortliche an. In Finnland und mit Expansion weltweit. Unser Konzernunternehmen Below IT bietet umfassende Outsourcing- und IT-Support-Dienstleistungen f\u00fcr Organisationen, die diese hier in Finnland ben\u00f6tigen. Welche Art von Dienstleistung ben\u00f6tigt Ihre Organisation?   <\/p>\t\t\t\t\t\t\t\t<\/div>\n\t\t\t\t<\/div>\n\t\t\t\t\t<\/div>\n\t\t<\/div>\n\t\t\t\t\t<\/div>\n\t\t<\/section>\n\t\t\t\t<section class=\"elementor-section elementor-top-section elementor-element elementor-element-10900e4 elementor-section-boxed elementor-section-height-default elementor-section-height-default\" data-id=\"10900e4\" data-element_type=\"section\" data-e-type=\"section\">\n\t\t\t\t\t\t<div class=\"elementor-container elementor-column-gap-default\">\n\t\t\t\t\t<div class=\"elementor-column elementor-col-100 elementor-top-column elementor-element elementor-element-c9d27a7\" data-id=\"c9d27a7\" data-element_type=\"column\" data-e-type=\"column\">\n\t\t\t<div class=\"elementor-widget-wrap elementor-element-populated\">\n\t\t\t\t\t\t<div class=\"elementor-element elementor-element-cab5344 elementor-widget elementor-widget-text-editor\" data-id=\"cab5344\" data-element_type=\"widget\" data-e-type=\"widget\" data-widget_type=\"text-editor.default\">\n\t\t\t\t<div class=\"elementor-widget-container\">\n\t\t\t\t\t\t\t\t\t<blockquote><p><em>\u201eUnser Ansatz ist es, von oben zu f\u00fchren und bei Bedarf von unten zu unterst\u00fctzen. Sie erhalten von uns bei Bedarf umfassende, aber vor allem qualitativ hochwertige Dienstleistungen: As Above, so Below.\u201c<\/em><\/p><\/blockquote>\t\t\t\t\t\t\t\t<\/div>\n\t\t\t\t<\/div>\n\t\t\t\t\t<\/div>\n\t\t<\/div>\n\t\t\t\t\t<\/div>\n\t\t<\/section>\n\t\t\t\t<section class=\"elementor-section elementor-top-section elementor-element elementor-element-056db14 elementor-section-boxed elementor-section-height-default elementor-section-height-default\" data-id=\"056db14\" data-element_type=\"section\" data-e-type=\"section\">\n\t\t\t\t\t\t<div class=\"elementor-container elementor-column-gap-default\">\n\t\t\t\t\t<div class=\"elementor-column elementor-col-100 elementor-top-column elementor-element elementor-element-f383442\" data-id=\"f383442\" data-element_type=\"column\" data-e-type=\"column\">\n\t\t\t<div class=\"elementor-widget-wrap elementor-element-populated\">\n\t\t\t\t\t\t<div class=\"elementor-element elementor-element-8727e5f elementor-widget elementor-widget-text-editor\" data-id=\"8727e5f\" data-element_type=\"widget\" data-e-type=\"widget\" data-widget_type=\"text-editor.default\">\n\t\t\t\t<div class=\"elementor-widget-container\">\n\t\t\t\t\t\t\t\t\t<p>Mit herbstlichen Gr\u00fc\u00dfen,<\/p>\n<p><img decoding=\"async\" class=\"alignnone size-medium wp-image-750\" src=\"https:\/\/aboveit.fi\/wp-content\/uploads\/2024\/02\/signature-e1707285301279-300x77.png\" alt=\"\" width=\"300\" height=\"77\" srcset=\"https:\/\/aboveit.fi\/wp-content\/uploads\/2024\/02\/signature-e1707285301279-300x77.png 300w, https:\/\/aboveit.fi\/wp-content\/uploads\/2024\/02\/signature-e1707285301279.png 385w\" sizes=\"(max-width: 300px) 100vw, 300px\" \/><\/p>\n<p>Consigliere, Group CEO, Mitbegr\u00fcnder<br>Above IT Oy &amp; Below IT Oy<\/p>\t\t\t\t\t\t\t\t<\/div>\n\t\t\t\t<\/div>\n\t\t\t\t\t<\/div>\n\t\t<\/div>\n\t\t\t\t\t<\/div>\n\t\t<\/section>\n\t\t\t\t<\/div>\n\t\t","protected":false},"excerpt":{"rendered":"<p>Letzte Woche hatte Above IT das Vergn\u00fcgen, an der internationalen Konferenz der IAMCP (International Association of Microsoft Channel Partners) in Valencia teilzunehmen. Die Veranstaltung brachte Microsoft-Partner aus aller Welt zusammen \u2013 unter einem Dach versammelte sich eine enorme Menge an Wissen, Erfahrung und Begeisterung. Aus Finnland nahmen neben den &#8218;Consigliere&#8216;-Jungs von Above IT auch andere [&hellip;]<\/p>\n","protected":false},"author":3,"featured_media":8442,"comment_status":"closed","ping_status":"open","sticky":false,"template":"","format":"standard","meta":{"content-type":"","inline_featured_image":false,"footnotes":""},"categories":[265,267,266,264],"tags":[268,272,269,271,270,274,273],"class_list":["post-8439","post","type-post","status-publish","format-standard","has-post-thumbnail","hentry","category-above-it","category-allgemein","category-management","category-nachrichten","tag-aboveit","tag-belowit","tag-consigliere","tag-iamcp","tag-microsoft","tag-partnerschaft","tag-valencia"],"yoast_head":"<!-- This site is optimized with the Yoast SEO plugin v27.5 - https:\/\/yoast.com\/product\/yoast-seo-wordpress\/ -->\n<title>Herbstliche Erkenntnisse zur Umsetzung - Above IT Oy<\/title>\n<meta name=\"description\" content=\"Bei Above IT sch\u00f6pfen wir die Herbsternte f\u00fcr die Umsetzung aus dem IAMCP-Event in Valencia, aber was gibt es Neues und Interessantes im Inland?\" \/>\n<meta name=\"robots\" content=\"index, follow, max-snippet:-1, max-image-preview:large, max-video-preview:-1\" \/>\n<link rel=\"canonical\" href=\"https:\/\/aboveit.fi\/de\/herbstliche-erkenntnisse-zur-umsetzung\/\" \/>\n<meta property=\"og:locale\" content=\"de_DE\" \/>\n<meta property=\"og:type\" content=\"article\" \/>\n<meta property=\"og:title\" content=\"Herbstliche Erkenntnisse zur Umsetzung - Above IT Oy\" \/>\n<meta property=\"og:description\" content=\"Bei Above IT sch\u00f6pfen wir die Herbsternte f\u00fcr die Umsetzung aus dem IAMCP-Event in Valencia, aber was gibt es Neues und Interessantes im Inland?\" \/>\n<meta property=\"og:url\" content=\"https:\/\/aboveit.fi\/de\/herbstliche-erkenntnisse-zur-umsetzung\/\" \/>\n<meta property=\"og:site_name\" content=\"Above IT Oy\" \/>\n<meta property=\"article:publisher\" content=\"https:\/\/www.facebook.com\/aboveitfi\" \/>\n<meta property=\"article:published_time\" content=\"2025-11-04T06:28:58+00:00\" \/>\n<meta property=\"article:modified_time\" content=\"2025-11-26T13:53:10+00:00\" \/>\n<meta property=\"og:image\" content=\"https:\/\/aboveit.fi\/wp-content\/uploads\/2025\/11\/IMG-20251031-WA0002-e1762169872219.jpg\" \/>\n\t<meta property=\"og:image:width\" content=\"1730\" \/>\n\t<meta property=\"og:image:height\" content=\"1300\" \/>\n\t<meta property=\"og:image:type\" content=\"image\/jpeg\" \/>\n<meta name=\"author\" content=\"Juha Kari\" \/>\n<meta name=\"twitter:card\" content=\"summary_large_image\" \/>\n<meta name=\"twitter:label1\" content=\"Verfasst von\" \/>\n\t<meta name=\"twitter:data1\" content=\"Juha Kari\" \/>\n\t<meta name=\"twitter:label2\" content=\"Gesch\u00e4tzte Lesezeit\" \/>\n\t<meta name=\"twitter:data2\" content=\"4\u00a0Minuten\" \/>\n<script type=\"application\/ld+json\" class=\"yoast-schema-graph\">{\"@context\":\"https:\\\/\\\/schema.org\",\"@graph\":[{\"@type\":\"Article\",\"@id\":\"https:\\\/\\\/aboveit.fi\\\/de\\\/herbstliche-erkenntnisse-zur-umsetzung\\\/#article\",\"isPartOf\":{\"@id\":\"https:\\\/\\\/aboveit.fi\\\/de\\\/herbstliche-erkenntnisse-zur-umsetzung\\\/\"},\"author\":{\"name\":\"Juha Kari\",\"@id\":\"https:\\\/\\\/aboveit.fi\\\/de\\\/#\\\/schema\\\/person\\\/8b6b16ca2927e8021cd0a2fc2a09ce5d\"},\"headline\":\"Herbstliche Erkenntnisse zur Umsetzung\",\"datePublished\":\"2025-11-04T06:28:58+00:00\",\"dateModified\":\"2025-11-26T13:53:10+00:00\",\"mainEntityOfPage\":{\"@id\":\"https:\\\/\\\/aboveit.fi\\\/de\\\/herbstliche-erkenntnisse-zur-umsetzung\\\/\"},\"wordCount\":843,\"publisher\":{\"@id\":\"https:\\\/\\\/aboveit.fi\\\/de\\\/#organization\"},\"image\":{\"@id\":\"https:\\\/\\\/aboveit.fi\\\/de\\\/herbstliche-erkenntnisse-zur-umsetzung\\\/#primaryimage\"},\"thumbnailUrl\":\"https:\\\/\\\/aboveit.fi\\\/wp-content\\\/uploads\\\/2025\\\/11\\\/IMG-20251031-WA0002-e1762169872219.jpg\",\"keywords\":[\"aboveit\",\"belowit\",\"consigliere\",\"iamcp\",\"microsoft\",\"Partnerschaft\",\"valencia\"],\"articleSection\":{\"0\":\"Above IT\",\"2\":\"Management\",\"3\":\"Nachrichten\"},\"inLanguage\":\"de\"},{\"@type\":\"WebPage\",\"@id\":\"https:\\\/\\\/aboveit.fi\\\/de\\\/herbstliche-erkenntnisse-zur-umsetzung\\\/\",\"url\":\"https:\\\/\\\/aboveit.fi\\\/de\\\/herbstliche-erkenntnisse-zur-umsetzung\\\/\",\"name\":\"Herbstliche Erkenntnisse zur Umsetzung - Above IT Oy\",\"isPartOf\":{\"@id\":\"https:\\\/\\\/aboveit.fi\\\/de\\\/#website\"},\"primaryImageOfPage\":{\"@id\":\"https:\\\/\\\/aboveit.fi\\\/de\\\/herbstliche-erkenntnisse-zur-umsetzung\\\/#primaryimage\"},\"image\":{\"@id\":\"https:\\\/\\\/aboveit.fi\\\/de\\\/herbstliche-erkenntnisse-zur-umsetzung\\\/#primaryimage\"},\"thumbnailUrl\":\"https:\\\/\\\/aboveit.fi\\\/wp-content\\\/uploads\\\/2025\\\/11\\\/IMG-20251031-WA0002-e1762169872219.jpg\",\"datePublished\":\"2025-11-04T06:28:58+00:00\",\"dateModified\":\"2025-11-26T13:53:10+00:00\",\"description\":\"Bei Above IT sch\u00f6pfen wir die Herbsternte f\u00fcr die Umsetzung aus dem IAMCP-Event in Valencia, aber was gibt es Neues und Interessantes im Inland?\",\"breadcrumb\":{\"@id\":\"https:\\\/\\\/aboveit.fi\\\/de\\\/herbstliche-erkenntnisse-zur-umsetzung\\\/#breadcrumb\"},\"inLanguage\":\"de\",\"potentialAction\":[{\"@type\":\"ReadAction\",\"target\":[\"https:\\\/\\\/aboveit.fi\\\/de\\\/herbstliche-erkenntnisse-zur-umsetzung\\\/\"]}]},{\"@type\":\"ImageObject\",\"inLanguage\":\"de\",\"@id\":\"https:\\\/\\\/aboveit.fi\\\/de\\\/herbstliche-erkenntnisse-zur-umsetzung\\\/#primaryimage\",\"url\":\"https:\\\/\\\/aboveit.fi\\\/wp-content\\\/uploads\\\/2025\\\/11\\\/IMG-20251031-WA0002-e1762169872219.jpg\",\"contentUrl\":\"https:\\\/\\\/aboveit.fi\\\/wp-content\\\/uploads\\\/2025\\\/11\\\/IMG-20251031-WA0002-e1762169872219.jpg\",\"width\":1730,\"height\":1300},{\"@type\":\"BreadcrumbList\",\"@id\":\"https:\\\/\\\/aboveit.fi\\\/de\\\/herbstliche-erkenntnisse-zur-umsetzung\\\/#breadcrumb\",\"itemListElement\":[{\"@type\":\"ListItem\",\"position\":1,\"name\":\"Etusivu\",\"item\":\"https:\\\/\\\/aboveit.fi\\\/de\\\/\"},{\"@type\":\"ListItem\",\"position\":2,\"name\":\"Herbstliche Erkenntnisse zur Umsetzung\"}]},{\"@type\":\"WebSite\",\"@id\":\"https:\\\/\\\/aboveit.fi\\\/de\\\/#website\",\"url\":\"https:\\\/\\\/aboveit.fi\\\/de\\\/\",\"name\":\"We Are Above IT\",\"description\":\"Tietohallinnon voimavarakumppani\",\"publisher\":{\"@id\":\"https:\\\/\\\/aboveit.fi\\\/de\\\/#organization\"},\"potentialAction\":[{\"@type\":\"SearchAction\",\"target\":{\"@type\":\"EntryPoint\",\"urlTemplate\":\"https:\\\/\\\/aboveit.fi\\\/de\\\/?s={search_term_string}\"},\"query-input\":{\"@type\":\"PropertyValueSpecification\",\"valueRequired\":true,\"valueName\":\"search_term_string\"}}],\"inLanguage\":\"de\"},{\"@type\":\"Organization\",\"@id\":\"https:\\\/\\\/aboveit.fi\\\/de\\\/#organization\",\"name\":\"Above IT Oy\",\"url\":\"https:\\\/\\\/aboveit.fi\\\/de\\\/\",\"logo\":{\"@type\":\"ImageObject\",\"inLanguage\":\"de\",\"@id\":\"https:\\\/\\\/aboveit.fi\\\/de\\\/#\\\/schema\\\/logo\\\/image\\\/\",\"url\":\"https:\\\/\\\/aboveit.fi\\\/wp-content\\\/uploads\\\/2024\\\/10\\\/aboveIT-logo.png\",\"contentUrl\":\"https:\\\/\\\/aboveit.fi\\\/wp-content\\\/uploads\\\/2024\\\/10\\\/aboveIT-logo.png\",\"width\":1613,\"height\":383,\"caption\":\"Above IT Oy\"},\"image\":{\"@id\":\"https:\\\/\\\/aboveit.fi\\\/de\\\/#\\\/schema\\\/logo\\\/image\\\/\"},\"sameAs\":[\"https:\\\/\\\/www.facebook.com\\\/aboveitfi\",\"https:\\\/\\\/www.linkedin.com\\\/company\\\/aboveitfi\",\"https:\\\/\\\/instagram.com\\\/aboveitfi\"]},{\"@type\":\"Person\",\"@id\":\"https:\\\/\\\/aboveit.fi\\\/de\\\/#\\\/schema\\\/person\\\/8b6b16ca2927e8021cd0a2fc2a09ce5d\",\"name\":\"Juha Kari\",\"image\":{\"@type\":\"ImageObject\",\"inLanguage\":\"de\",\"@id\":\"https:\\\/\\\/secure.gravatar.com\\\/avatar\\\/3673353ef8de813771f6c6e6251f2a017a8167d2b4f9e43ac0692cc89ce69aeb?s=96&d=mm&r=g\",\"url\":\"https:\\\/\\\/secure.gravatar.com\\\/avatar\\\/3673353ef8de813771f6c6e6251f2a017a8167d2b4f9e43ac0692cc89ce69aeb?s=96&d=mm&r=g\",\"contentUrl\":\"https:\\\/\\\/secure.gravatar.com\\\/avatar\\\/3673353ef8de813771f6c6e6251f2a017a8167d2b4f9e43ac0692cc89ce69aeb?s=96&d=mm&r=g\",\"caption\":\"Juha Kari\"},\"sameAs\":[\"https:\\\/\\\/aboveit.fi\"],\"url\":\"https:\\\/\\\/aboveit.fi\\\/de\\\/author\\\/juha-kariaboveit-fi\\\/\"}]}<\/script>\n<!-- \/ Yoast SEO plugin. -->","yoast_head_json":{"title":"Herbstliche Erkenntnisse zur Umsetzung - Above IT Oy","description":"Bei Above IT sch\u00f6pfen wir die Herbsternte f\u00fcr die Umsetzung aus dem IAMCP-Event in Valencia, aber was gibt es Neues und Interessantes im Inland?","robots":{"index":"index","follow":"follow","max-snippet":"max-snippet:-1","max-image-preview":"max-image-preview:large","max-video-preview":"max-video-preview:-1"},"canonical":"https:\/\/aboveit.fi\/de\/herbstliche-erkenntnisse-zur-umsetzung\/","og_locale":"de_DE","og_type":"article","og_title":"Herbstliche Erkenntnisse zur Umsetzung - Above IT Oy","og_description":"Bei Above IT sch\u00f6pfen wir die Herbsternte f\u00fcr die Umsetzung aus dem IAMCP-Event in Valencia, aber was gibt es Neues und Interessantes im Inland?","og_url":"https:\/\/aboveit.fi\/de\/herbstliche-erkenntnisse-zur-umsetzung\/","og_site_name":"Above IT Oy","article_publisher":"https:\/\/www.facebook.com\/aboveitfi","article_published_time":"2025-11-04T06:28:58+00:00","article_modified_time":"2025-11-26T13:53:10+00:00","og_image":[{"width":1730,"height":1300,"url":"https:\/\/aboveit.fi\/wp-content\/uploads\/2025\/11\/IMG-20251031-WA0002-e1762169872219.jpg","type":"image\/jpeg"}],"author":"Juha Kari","twitter_card":"summary_large_image","twitter_misc":{"Verfasst von":"Juha Kari","Gesch\u00e4tzte Lesezeit":"4\u00a0Minuten"},"schema":{"@context":"https:\/\/schema.org","@graph":[{"@type":"Article","@id":"https:\/\/aboveit.fi\/de\/herbstliche-erkenntnisse-zur-umsetzung\/#article","isPartOf":{"@id":"https:\/\/aboveit.fi\/de\/herbstliche-erkenntnisse-zur-umsetzung\/"},"author":{"name":"Juha Kari","@id":"https:\/\/aboveit.fi\/de\/#\/schema\/person\/8b6b16ca2927e8021cd0a2fc2a09ce5d"},"headline":"Herbstliche Erkenntnisse zur Umsetzung","datePublished":"2025-11-04T06:28:58+00:00","dateModified":"2025-11-26T13:53:10+00:00","mainEntityOfPage":{"@id":"https:\/\/aboveit.fi\/de\/herbstliche-erkenntnisse-zur-umsetzung\/"},"wordCount":843,"publisher":{"@id":"https:\/\/aboveit.fi\/de\/#organization"},"image":{"@id":"https:\/\/aboveit.fi\/de\/herbstliche-erkenntnisse-zur-umsetzung\/#primaryimage"},"thumbnailUrl":"https:\/\/aboveit.fi\/wp-content\/uploads\/2025\/11\/IMG-20251031-WA0002-e1762169872219.jpg","keywords":["aboveit","belowit","consigliere","iamcp","microsoft","Partnerschaft","valencia"],"articleSection":{"0":"Above IT","2":"Management","3":"Nachrichten"},"inLanguage":"de"},{"@type":"WebPage","@id":"https:\/\/aboveit.fi\/de\/herbstliche-erkenntnisse-zur-umsetzung\/","url":"https:\/\/aboveit.fi\/de\/herbstliche-erkenntnisse-zur-umsetzung\/","name":"Herbstliche Erkenntnisse zur Umsetzung - Above IT Oy","isPartOf":{"@id":"https:\/\/aboveit.fi\/de\/#website"},"primaryImageOfPage":{"@id":"https:\/\/aboveit.fi\/de\/herbstliche-erkenntnisse-zur-umsetzung\/#primaryimage"},"image":{"@id":"https:\/\/aboveit.fi\/de\/herbstliche-erkenntnisse-zur-umsetzung\/#primaryimage"},"thumbnailUrl":"https:\/\/aboveit.fi\/wp-content\/uploads\/2025\/11\/IMG-20251031-WA0002-e1762169872219.jpg","datePublished":"2025-11-04T06:28:58+00:00","dateModified":"2025-11-26T13:53:10+00:00","description":"Bei Above IT sch\u00f6pfen wir die Herbsternte f\u00fcr die Umsetzung aus dem IAMCP-Event in Valencia, aber was gibt es Neues und Interessantes im Inland?","breadcrumb":{"@id":"https:\/\/aboveit.fi\/de\/herbstliche-erkenntnisse-zur-umsetzung\/#breadcrumb"},"inLanguage":"de","potentialAction":[{"@type":"ReadAction","target":["https:\/\/aboveit.fi\/de\/herbstliche-erkenntnisse-zur-umsetzung\/"]}]},{"@type":"ImageObject","inLanguage":"de","@id":"https:\/\/aboveit.fi\/de\/herbstliche-erkenntnisse-zur-umsetzung\/#primaryimage","url":"https:\/\/aboveit.fi\/wp-content\/uploads\/2025\/11\/IMG-20251031-WA0002-e1762169872219.jpg","contentUrl":"https:\/\/aboveit.fi\/wp-content\/uploads\/2025\/11\/IMG-20251031-WA0002-e1762169872219.jpg","width":1730,"height":1300},{"@type":"BreadcrumbList","@id":"https:\/\/aboveit.fi\/de\/herbstliche-erkenntnisse-zur-umsetzung\/#breadcrumb","itemListElement":[{"@type":"ListItem","position":1,"name":"Etusivu","item":"https:\/\/aboveit.fi\/de\/"},{"@type":"ListItem","position":2,"name":"Herbstliche Erkenntnisse zur Umsetzung"}]},{"@type":"WebSite","@id":"https:\/\/aboveit.fi\/de\/#website","url":"https:\/\/aboveit.fi\/de\/","name":"We Are Above IT","description":"Tietohallinnon voimavarakumppani","publisher":{"@id":"https:\/\/aboveit.fi\/de\/#organization"},"potentialAction":[{"@type":"SearchAction","target":{"@type":"EntryPoint","urlTemplate":"https:\/\/aboveit.fi\/de\/?s={search_term_string}"},"query-input":{"@type":"PropertyValueSpecification","valueRequired":true,"valueName":"search_term_string"}}],"inLanguage":"de"},{"@type":"Organization","@id":"https:\/\/aboveit.fi\/de\/#organization","name":"Above IT Oy","url":"https:\/\/aboveit.fi\/de\/","logo":{"@type":"ImageObject","inLanguage":"de","@id":"https:\/\/aboveit.fi\/de\/#\/schema\/logo\/image\/","url":"https:\/\/aboveit.fi\/wp-content\/uploads\/2024\/10\/aboveIT-logo.png","contentUrl":"https:\/\/aboveit.fi\/wp-content\/uploads\/2024\/10\/aboveIT-logo.png","width":1613,"height":383,"caption":"Above IT Oy"},"image":{"@id":"https:\/\/aboveit.fi\/de\/#\/schema\/logo\/image\/"},"sameAs":["https:\/\/www.facebook.com\/aboveitfi","https:\/\/www.linkedin.com\/company\/aboveitfi","https:\/\/instagram.com\/aboveitfi"]},{"@type":"Person","@id":"https:\/\/aboveit.fi\/de\/#\/schema\/person\/8b6b16ca2927e8021cd0a2fc2a09ce5d","name":"Juha Kari","image":{"@type":"ImageObject","inLanguage":"de","@id":"https:\/\/secure.gravatar.com\/avatar\/3673353ef8de813771f6c6e6251f2a017a8167d2b4f9e43ac0692cc89ce69aeb?s=96&d=mm&r=g","url":"https:\/\/secure.gravatar.com\/avatar\/3673353ef8de813771f6c6e6251f2a017a8167d2b4f9e43ac0692cc89ce69aeb?s=96&d=mm&r=g","contentUrl":"https:\/\/secure.gravatar.com\/avatar\/3673353ef8de813771f6c6e6251f2a017a8167d2b4f9e43ac0692cc89ce69aeb?s=96&d=mm&r=g","caption":"Juha Kari"},"sameAs":["https:\/\/aboveit.fi"],"url":"https:\/\/aboveit.fi\/de\/author\/juha-kariaboveit-fi\/"}]}},"_links":{"self":[{"href":"https:\/\/aboveit.fi\/de\/wp-json\/wp\/v2\/posts\/8439","targetHints":{"allow":["GET"]}}],"collection":[{"href":"https:\/\/aboveit.fi\/de\/wp-json\/wp\/v2\/posts"}],"about":[{"href":"https:\/\/aboveit.fi\/de\/wp-json\/wp\/v2\/types\/post"}],"author":[{"embeddable":true,"href":"https:\/\/aboveit.fi\/de\/wp-json\/wp\/v2\/users\/3"}],"replies":[{"embeddable":true,"href":"https:\/\/aboveit.fi\/de\/wp-json\/wp\/v2\/comments?post=8439"}],"version-history":[{"count":1,"href":"https:\/\/aboveit.fi\/de\/wp-json\/wp\/v2\/posts\/8439\/revisions"}],"predecessor-version":[{"id":8444,"href":"https:\/\/aboveit.fi\/de\/wp-json\/wp\/v2\/posts\/8439\/revisions\/8444"}],"wp:featuredmedia":[{"embeddable":true,"href":"https:\/\/aboveit.fi\/de\/wp-json\/wp\/v2\/media\/8442"}],"wp:attachment":[{"href":"https:\/\/aboveit.fi\/de\/wp-json\/wp\/v2\/media?parent=8439"}],"wp:term":[{"taxonomy":"category","embeddable":true,"href":"https:\/\/aboveit.fi\/de\/wp-json\/wp\/v2\/categories?post=8439"},{"taxonomy":"post_tag","embeddable":true,"href":"https:\/\/aboveit.fi\/de\/wp-json\/wp\/v2\/tags?post=8439"}],"curies":[{"name":"wp","href":"https:\/\/api.w.org\/{rel}","templated":true}]}}