{"id":10666,"date":"2026-02-15T13:05:48","date_gmt":"2026-02-15T11:05:48","guid":{"rendered":"https:\/\/aboveit.fi\/?p=10666"},"modified":"2026-02-25T12:38:01","modified_gmt":"2026-02-25T10:38:01","slug":"cloud-nativer-it-berater-2","status":"publish","type":"post","link":"https:\/\/aboveit.fi\/de\/cloud-nativer-it-berater-2\/","title":{"rendered":"Cloud-nativer IT-Berater"},"content":{"rendered":"\t\t<div data-elementor-type=\"wp-post\" data-elementor-id=\"10666\" class=\"elementor elementor-10666 elementor-10665\" data-elementor-post-type=\"post\">\n\t\t\t\t\t\t<section class=\"elementor-section elementor-top-section elementor-element elementor-element-ff172bd elementor-section-boxed elementor-section-height-default elementor-section-height-default\" data-id=\"ff172bd\" data-element_type=\"section\" data-e-type=\"section\">\n\t\t\t\t\t\t<div class=\"elementor-container elementor-column-gap-default\">\n\t\t\t\t\t<div class=\"elementor-column elementor-col-100 elementor-top-column elementor-element elementor-element-2434669\" data-id=\"2434669\" data-element_type=\"column\" data-e-type=\"column\">\n\t\t\t<div class=\"elementor-widget-wrap elementor-element-populated\">\n\t\t\t\t\t\t<div class=\"elementor-element elementor-element-4193fbb elementor-widget elementor-widget-text-editor\" data-id=\"4193fbb\" data-element_type=\"widget\" data-e-type=\"widget\" data-widget_type=\"text-editor.default\">\n\t\t\t\t<div class=\"elementor-widget-container\">\n\t\t\t\t\t\t\t\t\t<p><em>Unser j\u00fcngster Neuzugang, der Cloud-native &#8218;Consigliere&#8216; Matias Haapaniemi, ist zu Above IT gesto\u00dfen, um unsere Expertise im Kern des Endger\u00e4temanagements und der IT-Sicherheit der Microsoft Cloud zu st\u00e4rken.<\/em><\/p>\t\t\t\t\t\t\t\t<\/div>\n\t\t\t\t<\/div>\n\t\t\t\t\t<\/div>\n\t\t<\/div>\n\t\t\t\t\t<\/div>\n\t\t<\/section>\n\t\t\t\t<section class=\"elementor-section elementor-top-section elementor-element elementor-element-4505637 elementor-section-boxed elementor-section-height-default elementor-section-height-default\" data-id=\"4505637\" data-element_type=\"section\" data-e-type=\"section\">\n\t\t\t\t\t\t<div class=\"elementor-container elementor-column-gap-default\">\n\t\t\t\t\t<div class=\"elementor-column elementor-col-100 elementor-top-column elementor-element elementor-element-c791827\" data-id=\"c791827\" data-element_type=\"column\" data-e-type=\"column\">\n\t\t\t<div class=\"elementor-widget-wrap elementor-element-populated\">\n\t\t\t\t\t\t<div class=\"elementor-element elementor-element-c48a847 elementor-widget elementor-widget-text-editor\" data-id=\"c48a847\" data-element_type=\"widget\" data-e-type=\"widget\" data-widget_type=\"text-editor.default\">\n\t\t\t\t<div class=\"elementor-widget-container\">\n\t\t\t\t\t\t\t\t\t<p><span style=\"font-weight: 400;\">Digital Native? Nein, sondern Cloud Native! Matias geh\u00f6rt zu einer Generation der modernen IT, die direkt in Cloud-Technologien hineingewachsen ist. Er vergleicht nicht Neues mit Altem, sondern <\/span><i><span style=\"font-weight: 400;\">Neues mit \u00c4lterem<\/span><\/i><span style=\"font-weight: 400;\"> \u2013 die Cloud ist f\u00fcr ihn eine Selbstverst\u00e4ndlichkeit, keine Alternative.<\/span><\/p><p><span style=\"font-weight: 400;\">\u201eIch vergleiche Cloud-Dienste nicht mit traditionellen Systemen, sondern ich vergleiche Cloud-Dienste miteinander.\u201c<\/span><\/p><p><span style=\"font-weight: 400;\">Matias hat sich in seiner Karriere schnell in vielseitige Expertenrollen im Endger\u00e4temanagement, der IT-Sicherheit und in Microsoft 365-Umgebungen entwickelt. Er hat zahlreiche Cloud-Migrationen durchgef\u00fchrt \u2013 sowohl von On-Premises-Plattformen als auch zwischen Clouds \u2013 und war ma\u00dfgeblich an der umfassenden Erneuerung von IT-Architekturen in Organisationen beteiligt. <\/span><\/p><p><span style=\"font-weight: 400;\">Umfassende praktische Erfahrung hat er gesammelt in: Partnermanagement, technischer Produktentwicklung, IT-Sicherheit, Schulungen und anspruchsvollen Implementierungen. Das Microsoft 365-\u00d6kosystem ist ihm vertraut wie seine Westentasche \u2013 von Audits \u00fcber Schnittstellen bis hin zur Wartungsautomatisierung. <\/span><\/p><p><span style=\"font-weight: 400;\">Matias fand seinen Weg zu Above IT durch eine gemeinsame Geschichte. Die Zusammenarbeit mit den Above IT-Gr\u00fcndern Juha und Mika war ihm bereits bekannt \u2013 und als die Zeit reif war, f\u00fchlte sich der Wechsel ins &#8218;Consigliere&#8216;-Team wie eine nat\u00fcrliche Fortsetzung an.  <\/span><\/p>\t\t\t\t\t\t\t\t<\/div>\n\t\t\t\t<\/div>\n\t\t\t\t\t<\/div>\n\t\t<\/div>\n\t\t\t\t\t<\/div>\n\t\t<\/section>\n\t\t\t\t<section class=\"elementor-section elementor-top-section elementor-element elementor-element-11a07bc elementor-section-boxed elementor-section-height-default elementor-section-height-default\" data-id=\"11a07bc\" data-element_type=\"section\" data-e-type=\"section\">\n\t\t\t\t\t\t<div class=\"elementor-container elementor-column-gap-default\">\n\t\t\t\t\t<div class=\"elementor-column elementor-col-100 elementor-top-column elementor-element elementor-element-c7c5282\" data-id=\"c7c5282\" data-element_type=\"column\" data-e-type=\"column\">\n\t\t\t<div class=\"elementor-widget-wrap elementor-element-populated\">\n\t\t\t\t\t\t<div class=\"elementor-element elementor-element-a8d3ac8 elementor-widget elementor-widget-heading\" data-id=\"a8d3ac8\" data-element_type=\"widget\" data-e-type=\"widget\" data-widget_type=\"heading.default\">\n\t\t\t\t<div class=\"elementor-widget-container\">\n\t\t\t\t\t<h2 class=\"elementor-heading-title elementor-size-default\">Experte f\u00fcr Endger\u00e4temanagement und IT-Sicherheit<\/h2>\t\t\t\t<\/div>\n\t\t\t\t<\/div>\n\t\t\t\t\t<\/div>\n\t\t<\/div>\n\t\t\t\t\t<\/div>\n\t\t<\/section>\n\t\t\t\t<section class=\"elementor-section elementor-top-section elementor-element elementor-element-1a4c611 elementor-section-boxed elementor-section-height-default elementor-section-height-default\" data-id=\"1a4c611\" data-element_type=\"section\" data-e-type=\"section\">\n\t\t\t\t\t\t<div class=\"elementor-container elementor-column-gap-default\">\n\t\t\t\t\t<div class=\"elementor-column elementor-col-100 elementor-top-column elementor-element elementor-element-1ace04d\" data-id=\"1ace04d\" data-element_type=\"column\" data-e-type=\"column\">\n\t\t\t<div class=\"elementor-widget-wrap elementor-element-populated\">\n\t\t\t\t\t\t<div class=\"elementor-element elementor-element-b9d4ae4 elementor-widget elementor-widget-text-editor\" data-id=\"b9d4ae4\" data-element_type=\"widget\" data-e-type=\"widget\" data-widget_type=\"text-editor.default\">\n\t\t\t\t<div class=\"elementor-widget-container\">\n\t\t\t\t\t\t\t\t\t<p><span style=\"font-weight: 400;\">Bei Above IT ist Matias insbesondere verantwortlich f\u00fcr die Gesamtheit des <\/span><a href=\"https:\/\/aboveit.fi\/de\/der-funktionale-arbeitsplatz\/\"><span style=\"font-weight: 400;\">Endger\u00e4temanagements<\/span><\/a><span style=\"font-weight: 400;\"> und der <\/span><a href=\"https:\/\/aboveit.fi\/de\/it-sicherheit-2\/\"><span style=\"font-weight: 400;\">IT-Sicherheit<\/span><\/a><span style=\"font-weight: 400;\">. Er beherrscht Windows-, Mac- und Mobilger\u00e4te und f\u00fchrt Kundenumgebungen kontrolliert in Richtung moderner Cloud-Nutzung \u2013 sei es mit Intune, Autopilot oder anderen Microsoft-Verwaltungstools.<\/span><\/p><p><span style=\"font-weight: 400;\">Im Bereich der IT-Sicherheit bleibt er nicht an der Oberfl\u00e4che, sondern dringt mithilfe forensischer Methoden tief in die Ereignisse von Endger\u00e4ten ein. Diese Kombination macht ihn zu einem technisch au\u00dfergew\u00f6hnlich starken Berater, der Kunden Sicherheit, Verwaltbarkeit und eine klare Entwicklungsrichtung bietet. <\/span><\/p>\t\t\t\t\t\t\t\t<\/div>\n\t\t\t\t<\/div>\n\t\t\t\t\t<\/div>\n\t\t<\/div>\n\t\t\t\t\t<\/div>\n\t\t<\/section>\n\t\t\t\t<section class=\"elementor-section elementor-top-section elementor-element elementor-element-6cdfc06 elementor-section-boxed elementor-section-height-default elementor-section-height-default\" data-id=\"6cdfc06\" data-element_type=\"section\" data-e-type=\"section\">\n\t\t\t\t\t\t<div class=\"elementor-container elementor-column-gap-default\">\n\t\t\t\t\t<div class=\"elementor-column elementor-col-100 elementor-top-column elementor-element elementor-element-700b747\" data-id=\"700b747\" data-element_type=\"column\" data-e-type=\"column\">\n\t\t\t<div class=\"elementor-widget-wrap elementor-element-populated\">\n\t\t\t\t\t\t<div class=\"elementor-element elementor-element-0f8e323 elementor-widget elementor-widget-heading\" data-id=\"0f8e323\" data-element_type=\"widget\" data-e-type=\"widget\" data-widget_type=\"heading.default\">\n\t\t\t\t<div class=\"elementor-widget-container\">\n\t\t\t\t\t<h2 class=\"elementor-heading-title elementor-size-default\">Zertifizierter Allrounder und Vertrauensberater\n<\/h2>\t\t\t\t<\/div>\n\t\t\t\t<\/div>\n\t\t\t\t\t<\/div>\n\t\t<\/div>\n\t\t\t\t\t<\/div>\n\t\t<\/section>\n\t\t\t\t<section class=\"elementor-section elementor-top-section elementor-element elementor-element-185313a elementor-section-boxed elementor-section-height-default elementor-section-height-default\" data-id=\"185313a\" data-element_type=\"section\" data-e-type=\"section\">\n\t\t\t\t\t\t<div class=\"elementor-container elementor-column-gap-default\">\n\t\t\t\t\t<div class=\"elementor-column elementor-col-100 elementor-top-column elementor-element elementor-element-e028d1c\" data-id=\"e028d1c\" data-element_type=\"column\" data-e-type=\"column\">\n\t\t\t<div class=\"elementor-widget-wrap elementor-element-populated\">\n\t\t\t\t\t\t<div class=\"elementor-element elementor-element-2550e6b elementor-widget elementor-widget-text-editor\" data-id=\"2550e6b\" data-element_type=\"widget\" data-e-type=\"widget\" data-widget_type=\"text-editor.default\">\n\t\t\t\t<div class=\"elementor-widget-container\">\n\t\t\t\t\t\t\t\t\t<p><span style=\"font-weight: 400;\">Alle &#8218;Consiglieri&#8216; von Above IT sind Experten auf Architektenebene und zertifizierte Spezialisten \u2013 und Matias bildet da keine Ausnahme. Tats\u00e4chlich ist er ein echtes Multitalent der Microsoft Cloud: 17 aktive Zertifikate decken IT-Sicherheit, Endger\u00e4temanagement und Azure-Umgebungen ab. <\/span><\/p><p><span style=\"font-weight: 400;\">Zu seinem t\u00e4glichen Werkzeugkasten geh\u00f6ren unter anderem Microsoft Autopilot, Intune (ehemals Endpoint Manager), Windows Update for Business, Entra ID, Conditional Access sowie Defender for Business und Defender for Endpoint.<\/span><\/p><p><span style=\"font-weight: 400;\">Matias ist \u00fcberzeugt, dass das Wichtigste darin besteht, die richtige L\u00f6sung f\u00fcr den Kunden zu finden. Sein l\u00f6sungsorientierter und kundenfokussierter Ansatz hat bereits viele Kunden dazu bewogen, ihm von Projekt zu Projekt zu folgen. <\/span><\/p><p><span style=\"font-weight: 400;\">\u201eMan sagt in Kundenkreisen, ich sei die Person, die alles und \u00fcber alles Bescheid wei\u00df. Kunden scherzen manchmal, dass sie nichts fragen k\u00f6nnten, worauf ich nicht irgendwie eine Antwort w\u00fcsste.\u201c<\/span><\/p>\t\t\t\t\t\t\t\t<\/div>\n\t\t\t\t<\/div>\n\t\t\t\t\t<\/div>\n\t\t<\/div>\n\t\t\t\t\t<\/div>\n\t\t<\/section>\n\t\t\t\t<section class=\"elementor-section elementor-top-section elementor-element elementor-element-45ccede elementor-section-boxed elementor-section-height-default elementor-section-height-default\" data-id=\"45ccede\" data-element_type=\"section\" data-e-type=\"section\">\n\t\t\t\t\t\t<div class=\"elementor-container elementor-column-gap-default\">\n\t\t\t\t\t<div class=\"elementor-column elementor-col-100 elementor-top-column elementor-element elementor-element-a519c84\" data-id=\"a519c84\" data-element_type=\"column\" data-e-type=\"column\">\n\t\t\t<div class=\"elementor-widget-wrap elementor-element-populated\">\n\t\t\t\t\t\t<div class=\"elementor-element elementor-element-365e86f elementor-widget elementor-widget-heading\" data-id=\"365e86f\" data-element_type=\"widget\" data-e-type=\"widget\" data-widget_type=\"heading.default\">\n\t\t\t\t<div class=\"elementor-widget-container\">\n\t\t\t\t\t<h2 class=\"elementor-heading-title elementor-size-default\">Die Cloud am Horizont<\/h2>\t\t\t\t<\/div>\n\t\t\t\t<\/div>\n\t\t\t\t\t<\/div>\n\t\t<\/div>\n\t\t\t\t\t<\/div>\n\t\t<\/section>\n\t\t\t\t<section class=\"elementor-section elementor-top-section elementor-element elementor-element-9fff0a3 elementor-section-boxed elementor-section-height-default elementor-section-height-default\" data-id=\"9fff0a3\" data-element_type=\"section\" data-e-type=\"section\">\n\t\t\t\t\t\t<div class=\"elementor-container elementor-column-gap-default\">\n\t\t\t\t\t<div class=\"elementor-column elementor-col-100 elementor-top-column elementor-element elementor-element-774de5b\" data-id=\"774de5b\" data-element_type=\"column\" data-e-type=\"column\">\n\t\t\t<div class=\"elementor-widget-wrap elementor-element-populated\">\n\t\t\t\t\t\t<div class=\"elementor-element elementor-element-65004b2 elementor-widget elementor-widget-text-editor\" data-id=\"65004b2\" data-element_type=\"widget\" data-e-type=\"widget\" data-widget_type=\"text-editor.default\">\n\t\t\t\t<div class=\"elementor-widget-container\">\n\t\t\t\t\t\t\t\t\t<p><span style=\"font-weight: 400;\">Man k\u00f6nnte sagen, dieser Mann hat die Langzeitwettervorhersage in der Hand. Matias ist n\u00e4mlich aktiv in der globalen Community f\u00fcr Microsoft-Partner engagiert, <\/span><a href=\"https:\/\/techcommunity.microsoft.com\/blog\/windows-itpro-blog\/innovate-with-microsoft-management-customer-connection-program\/4284753\" target=\"_blank\" rel=\"noopener\"><span style=\"font-weight: 400;\">dem Microsoft Customer Connection Program<\/span><\/a><span style=\"font-weight: 400;\">, wo er bereits in einem fr\u00fchen Stadium die Produktentwicklung beeinflussen kann.\u200b <\/span> <\/p><p><span style=\"font-weight: 400;\">Es handelt sich nicht nur um einen einseitigen Informationskanal, sondern um ein tiefgehendes technisches Diskussionsforum, in dem die Teilnehmer die Entwicklungsrichtung der Microsoft Cloud-Dienste beeinflussen k\u00f6nnen. <\/span><\/p><p><span style=\"font-weight: 400;\">\u201eWenn ich wei\u00df, dass sich die Cloud-Umgebung eines Kunden in einem halben Jahr \u00e4ndern wird, kann ich sagen, dass wir es nicht so machen sollten \u2013 und ich wei\u00df, warum.\u201c<\/span><\/p><p><span style=\"font-weight: 400;\">Matias widmet sich auch dem kontinuierlichen Lernen und entwickelt seine F\u00e4higkeiten w\u00f6chentlich weiter. Er nimmt sich Zeit, um neue Technologien zu studieren und sein Verst\u00e4ndnis f\u00fcr die Funktionsweise von Cloud-Technologien unter der Haube zu vertiefen. <\/span><\/p><p><span style=\"font-weight: 400;\">\u201eIn meinem Job w\u00fcrde es prinzipiell ausreichen, wenn ich auf einer hohen Ebene Bescheid w\u00fcsste, aber ich m\u00f6chte verstehen, wie die Dinge unter der Haube funktionieren. Ich versuche, etwa 10 Stunden pro Woche f\u00fcr das Lernen neuer Dinge aufzuwenden \u2013 das ist f\u00fcr mich selbstverst\u00e4ndlich.\u201c<\/span><\/p><p><span style=\"font-weight: 400;\">Wenn Sie also Fragen zu Cloud-Themen haben, dann <a href=\"https:\/\/aboveit.fi\/de\/kontakt\/\">nehmen Sie gerne Kontakt<\/a> zu Matias auf und folgen Sie ihm <\/span><a href=\"https:\/\/www.linkedin.com\/in\/matias-haapaniemi\/\"><span style=\"font-weight: 400;\">auf LinkedIn<\/span><\/a><span style=\"font-weight: 400;\">! <\/span> <\/p>\t\t\t\t\t\t\t\t<\/div>\n\t\t\t\t<\/div>\n\t\t\t\t\t<\/div>\n\t\t<\/div>\n\t\t\t\t\t<\/div>\n\t\t<\/section>\n\t\t\t\t<section class=\"elementor-section elementor-top-section elementor-element elementor-element-14d9f88 elementor-section-boxed elementor-section-height-default elementor-section-height-default\" data-id=\"14d9f88\" data-element_type=\"section\" data-e-type=\"section\">\n\t\t\t\t\t\t<div class=\"elementor-container elementor-column-gap-default\">\n\t\t\t\t\t<div class=\"elementor-column elementor-col-100 elementor-top-column elementor-element elementor-element-abb302e\" data-id=\"abb302e\" data-element_type=\"column\" data-e-type=\"column\">\n\t\t\t<div class=\"elementor-widget-wrap elementor-element-populated\">\n\t\t\t\t\t\t<div class=\"elementor-element elementor-element-4e84d7b elementor-widget elementor-widget-text-editor\" data-id=\"4e84d7b\" data-element_type=\"widget\" data-e-type=\"widget\" data-widget_type=\"text-editor.default\">\n\t\t\t\t<div class=\"elementor-widget-container\">\n\t\t\t\t\t\t\t\t\t<p><i><span style=\"font-weight: 400;\">Als vertrauensw\u00fcrdige Berater f\u00fcr die IT-Verwaltung sind die &#8218;Consigliere&#8216;-Kollegen von Above IT eine Ressource f\u00fcr Ihre IT-Abteilung, die dazu beitragen, dass Ihr Unternehmen gut funktioniert und floriert, w\u00e4hrend sie gleichzeitig die Mitarbeiter Ihrer IT-Abteilung f\u00fcr ihre gute Arbeit w\u00fcrdigen. Glauben Sie, dass Sie unser n\u00e4chster &#8218;Consigliere&#8216; sein k\u00f6nnten? Senden Sie uns eine Nachricht an rekry@aboveit.fi mit Ihrem Lebenslauf, und wir sprechen dar\u00fcber!  <\/span><\/i><i><span style=\"font-weight: 400;\"><br><\/span><\/i><\/p>\t\t\t\t\t\t\t\t<\/div>\n\t\t\t\t<\/div>\n\t\t\t\t\t<\/div>\n\t\t<\/div>\n\t\t\t\t\t<\/div>\n\t\t<\/section>\n\t\t\t\t<\/div>\n\t\t","protected":false},"excerpt":{"rendered":"<p>Unser j\u00fcngster Neuzugang, der Cloud-native &#8218;Consigliere&#8216; Matias Haapaniemi, ist zu Above IT gesto\u00dfen, um unsere Expertise im Kern des Endger\u00e4temanagements und der IT-Sicherheit der Microsoft Cloud zu st\u00e4rken.<\/p>\n","protected":false},"author":5,"featured_media":10675,"comment_status":"closed","ping_status":"closed","sticky":false,"template":"","format":"standard","meta":{"content-type":"","inline_featured_image":false,"footnotes":""},"categories":[243,265,267,264,52],"tags":[37,268,100,102,317],"class_list":{"0":"post-10666","1":"post","2":"type-post","3":"status-publish","4":"format-standard","5":"has-post-thumbnail","6":"hentry","7":"category-above-it","9":"category-allgemein","10":"category-nachrichten","11":"category-yleinen-fi","12":"tag-aboveit","14":"tag-consigliere","15":"tag-henkilotarina","16":"tag-mitarbeiterportrat"},"yoast_head":"<!-- This site is optimized with the Yoast SEO plugin v27.4 - https:\/\/yoast.com\/product\/yoast-seo-wordpress\/ -->\n<title>Cloud-nativer IT-Berater - Above IT Oy<\/title>\n<meta name=\"description\" content=\"Der Cloud-native IT-Berater Matias Haapaniemi ist unserem Team beigetreten, um unsere Expertise im Endger\u00e4temanagement und der IT-Sicherheit der Microsoft Cloud zu st\u00e4rken.\" \/>\n<meta name=\"robots\" content=\"index, follow, max-snippet:-1, max-image-preview:large, max-video-preview:-1\" \/>\n<link rel=\"canonical\" href=\"https:\/\/aboveit.fi\/de\/cloud-nativer-it-berater-2\/\" \/>\n<meta property=\"og:locale\" content=\"de_DE\" \/>\n<meta property=\"og:type\" content=\"article\" \/>\n<meta property=\"og:title\" content=\"Cloud-nativer IT-Berater - Above IT Oy\" \/>\n<meta property=\"og:description\" content=\"Der Cloud-native IT-Berater Matias Haapaniemi ist unserem Team beigetreten, um unsere Expertise im Endger\u00e4temanagement und der IT-Sicherheit der Microsoft Cloud zu st\u00e4rken.\" \/>\n<meta property=\"og:url\" content=\"https:\/\/aboveit.fi\/de\/cloud-nativer-it-berater-2\/\" \/>\n<meta property=\"og:site_name\" content=\"Above IT Oy\" \/>\n<meta property=\"article:publisher\" content=\"https:\/\/www.facebook.com\/aboveitfi\" \/>\n<meta property=\"article:published_time\" content=\"2026-02-15T11:05:48+00:00\" \/>\n<meta property=\"article:modified_time\" content=\"2026-02-25T10:38:01+00:00\" \/>\n<meta property=\"og:image\" content=\"https:\/\/aboveit.fi\/wp-content\/uploads\/2026\/02\/tero-saarinen-vaaka.jpg\" \/>\n\t<meta property=\"og:image:width\" content=\"1200\" \/>\n\t<meta property=\"og:image:height\" content=\"800\" \/>\n\t<meta property=\"og:image:type\" content=\"image\/jpeg\" \/>\n<meta name=\"author\" content=\"Tanja Korkalainen\" \/>\n<meta name=\"twitter:card\" content=\"summary_large_image\" \/>\n<meta name=\"twitter:label1\" content=\"Verfasst von\" \/>\n\t<meta name=\"twitter:data1\" content=\"Tanja Korkalainen\" \/>\n\t<meta name=\"twitter:label2\" content=\"Gesch\u00e4tzte Lesezeit\" \/>\n\t<meta name=\"twitter:data2\" content=\"4\u00a0Minuten\" \/>\n<script type=\"application\/ld+json\" class=\"yoast-schema-graph\">{\"@context\":\"https:\\\/\\\/schema.org\",\"@graph\":[{\"@type\":\"Article\",\"@id\":\"https:\\\/\\\/aboveit.fi\\\/de\\\/cloud-nativer-it-berater-2\\\/#article\",\"isPartOf\":{\"@id\":\"https:\\\/\\\/aboveit.fi\\\/de\\\/cloud-nativer-it-berater-2\\\/\"},\"author\":{\"name\":\"Tanja Korkalainen\",\"@id\":\"https:\\\/\\\/aboveit.fi\\\/de\\\/#\\\/schema\\\/person\\\/ea6c57af26ae50e16df8bd5f71697bae\"},\"headline\":\"Cloud-nativer IT-Berater\",\"datePublished\":\"2026-02-15T11:05:48+00:00\",\"dateModified\":\"2026-02-25T10:38:01+00:00\",\"mainEntityOfPage\":{\"@id\":\"https:\\\/\\\/aboveit.fi\\\/de\\\/cloud-nativer-it-berater-2\\\/\"},\"wordCount\":731,\"publisher\":{\"@id\":\"https:\\\/\\\/aboveit.fi\\\/de\\\/#organization\"},\"image\":{\"@id\":\"https:\\\/\\\/aboveit.fi\\\/de\\\/cloud-nativer-it-berater-2\\\/#primaryimage\"},\"thumbnailUrl\":\"https:\\\/\\\/aboveit.fi\\\/wp-content\\\/uploads\\\/2026\\\/02\\\/tero-saarinen-vaaka.jpg\",\"keywords\":[\"aboveit\",\"aboveit\",\"consigliere\",\"henkil\u00f6tarina\",\"Mitarbeiterportr\u00e4t\"],\"articleSection\":{\"0\":\"Above IT\",\"1\":\"Above IT\",\"3\":\"Nachrichten\",\"4\":\"Yleinen\"},\"inLanguage\":\"de\"},{\"@type\":\"WebPage\",\"@id\":\"https:\\\/\\\/aboveit.fi\\\/de\\\/cloud-nativer-it-berater-2\\\/\",\"url\":\"https:\\\/\\\/aboveit.fi\\\/de\\\/cloud-nativer-it-berater-2\\\/\",\"name\":\"Cloud-nativer IT-Berater - Above IT Oy\",\"isPartOf\":{\"@id\":\"https:\\\/\\\/aboveit.fi\\\/de\\\/#website\"},\"primaryImageOfPage\":{\"@id\":\"https:\\\/\\\/aboveit.fi\\\/de\\\/cloud-nativer-it-berater-2\\\/#primaryimage\"},\"image\":{\"@id\":\"https:\\\/\\\/aboveit.fi\\\/de\\\/cloud-nativer-it-berater-2\\\/#primaryimage\"},\"thumbnailUrl\":\"https:\\\/\\\/aboveit.fi\\\/wp-content\\\/uploads\\\/2026\\\/02\\\/tero-saarinen-vaaka.jpg\",\"datePublished\":\"2026-02-15T11:05:48+00:00\",\"dateModified\":\"2026-02-25T10:38:01+00:00\",\"description\":\"Der Cloud-native IT-Berater Matias Haapaniemi ist unserem Team beigetreten, um unsere Expertise im Endger\u00e4temanagement und der IT-Sicherheit der Microsoft Cloud zu st\u00e4rken.\",\"breadcrumb\":{\"@id\":\"https:\\\/\\\/aboveit.fi\\\/de\\\/cloud-nativer-it-berater-2\\\/#breadcrumb\"},\"inLanguage\":\"de\",\"potentialAction\":[{\"@type\":\"ReadAction\",\"target\":[\"https:\\\/\\\/aboveit.fi\\\/de\\\/cloud-nativer-it-berater-2\\\/\"]}]},{\"@type\":\"ImageObject\",\"inLanguage\":\"de\",\"@id\":\"https:\\\/\\\/aboveit.fi\\\/de\\\/cloud-nativer-it-berater-2\\\/#primaryimage\",\"url\":\"https:\\\/\\\/aboveit.fi\\\/wp-content\\\/uploads\\\/2026\\\/02\\\/tero-saarinen-vaaka.jpg\",\"contentUrl\":\"https:\\\/\\\/aboveit.fi\\\/wp-content\\\/uploads\\\/2026\\\/02\\\/tero-saarinen-vaaka.jpg\",\"width\":1200,\"height\":800,\"caption\":\"Tero Saarinen\"},{\"@type\":\"BreadcrumbList\",\"@id\":\"https:\\\/\\\/aboveit.fi\\\/de\\\/cloud-nativer-it-berater-2\\\/#breadcrumb\",\"itemListElement\":[{\"@type\":\"ListItem\",\"position\":1,\"name\":\"Etusivu\",\"item\":\"https:\\\/\\\/aboveit.fi\\\/de\\\/\"},{\"@type\":\"ListItem\",\"position\":2,\"name\":\"Cloud-nativer IT-Berater\"}]},{\"@type\":\"WebSite\",\"@id\":\"https:\\\/\\\/aboveit.fi\\\/de\\\/#website\",\"url\":\"https:\\\/\\\/aboveit.fi\\\/de\\\/\",\"name\":\"We Are Above IT\",\"description\":\"Tietohallinnon voimavarakumppani\",\"publisher\":{\"@id\":\"https:\\\/\\\/aboveit.fi\\\/de\\\/#organization\"},\"potentialAction\":[{\"@type\":\"SearchAction\",\"target\":{\"@type\":\"EntryPoint\",\"urlTemplate\":\"https:\\\/\\\/aboveit.fi\\\/de\\\/?s={search_term_string}\"},\"query-input\":{\"@type\":\"PropertyValueSpecification\",\"valueRequired\":true,\"valueName\":\"search_term_string\"}}],\"inLanguage\":\"de\"},{\"@type\":\"Organization\",\"@id\":\"https:\\\/\\\/aboveit.fi\\\/de\\\/#organization\",\"name\":\"Above IT Oy\",\"url\":\"https:\\\/\\\/aboveit.fi\\\/de\\\/\",\"logo\":{\"@type\":\"ImageObject\",\"inLanguage\":\"de\",\"@id\":\"https:\\\/\\\/aboveit.fi\\\/de\\\/#\\\/schema\\\/logo\\\/image\\\/\",\"url\":\"https:\\\/\\\/aboveit.fi\\\/wp-content\\\/uploads\\\/2024\\\/10\\\/aboveIT-logo.png\",\"contentUrl\":\"https:\\\/\\\/aboveit.fi\\\/wp-content\\\/uploads\\\/2024\\\/10\\\/aboveIT-logo.png\",\"width\":1613,\"height\":383,\"caption\":\"Above IT Oy\"},\"image\":{\"@id\":\"https:\\\/\\\/aboveit.fi\\\/de\\\/#\\\/schema\\\/logo\\\/image\\\/\"},\"sameAs\":[\"https:\\\/\\\/www.facebook.com\\\/aboveitfi\",\"https:\\\/\\\/www.linkedin.com\\\/company\\\/aboveitfi\",\"https:\\\/\\\/instagram.com\\\/aboveitfi\"]},{\"@type\":\"Person\",\"@id\":\"https:\\\/\\\/aboveit.fi\\\/de\\\/#\\\/schema\\\/person\\\/ea6c57af26ae50e16df8bd5f71697bae\",\"name\":\"Tanja Korkalainen\",\"image\":{\"@type\":\"ImageObject\",\"inLanguage\":\"de\",\"@id\":\"https:\\\/\\\/secure.gravatar.com\\\/avatar\\\/e0ad57657e81037c06d30085caf4929019e63d991b01923bae5f57dd8decb795?s=96&d=mm&r=g\",\"url\":\"https:\\\/\\\/secure.gravatar.com\\\/avatar\\\/e0ad57657e81037c06d30085caf4929019e63d991b01923bae5f57dd8decb795?s=96&d=mm&r=g\",\"contentUrl\":\"https:\\\/\\\/secure.gravatar.com\\\/avatar\\\/e0ad57657e81037c06d30085caf4929019e63d991b01923bae5f57dd8decb795?s=96&d=mm&r=g\",\"caption\":\"Tanja Korkalainen\"},\"url\":\"https:\\\/\\\/aboveit.fi\\\/de\\\/author\\\/tanjamarkkinointisujuva-fi\\\/\"}]}<\/script>\n<!-- \/ Yoast SEO plugin. -->","yoast_head_json":{"title":"Cloud-nativer IT-Berater - Above IT Oy","description":"Der Cloud-native IT-Berater Matias Haapaniemi ist unserem Team beigetreten, um unsere Expertise im Endger\u00e4temanagement und der IT-Sicherheit der Microsoft Cloud zu st\u00e4rken.","robots":{"index":"index","follow":"follow","max-snippet":"max-snippet:-1","max-image-preview":"max-image-preview:large","max-video-preview":"max-video-preview:-1"},"canonical":"https:\/\/aboveit.fi\/de\/cloud-nativer-it-berater-2\/","og_locale":"de_DE","og_type":"article","og_title":"Cloud-nativer IT-Berater - Above IT Oy","og_description":"Der Cloud-native IT-Berater Matias Haapaniemi ist unserem Team beigetreten, um unsere Expertise im Endger\u00e4temanagement und der IT-Sicherheit der Microsoft Cloud zu st\u00e4rken.","og_url":"https:\/\/aboveit.fi\/de\/cloud-nativer-it-berater-2\/","og_site_name":"Above IT Oy","article_publisher":"https:\/\/www.facebook.com\/aboveitfi","article_published_time":"2026-02-15T11:05:48+00:00","article_modified_time":"2026-02-25T10:38:01+00:00","og_image":[{"width":1200,"height":800,"url":"https:\/\/aboveit.fi\/wp-content\/uploads\/2026\/02\/tero-saarinen-vaaka.jpg","type":"image\/jpeg"}],"author":"Tanja Korkalainen","twitter_card":"summary_large_image","twitter_misc":{"Verfasst von":"Tanja Korkalainen","Gesch\u00e4tzte Lesezeit":"4\u00a0Minuten"},"schema":{"@context":"https:\/\/schema.org","@graph":[{"@type":"Article","@id":"https:\/\/aboveit.fi\/de\/cloud-nativer-it-berater-2\/#article","isPartOf":{"@id":"https:\/\/aboveit.fi\/de\/cloud-nativer-it-berater-2\/"},"author":{"name":"Tanja Korkalainen","@id":"https:\/\/aboveit.fi\/de\/#\/schema\/person\/ea6c57af26ae50e16df8bd5f71697bae"},"headline":"Cloud-nativer IT-Berater","datePublished":"2026-02-15T11:05:48+00:00","dateModified":"2026-02-25T10:38:01+00:00","mainEntityOfPage":{"@id":"https:\/\/aboveit.fi\/de\/cloud-nativer-it-berater-2\/"},"wordCount":731,"publisher":{"@id":"https:\/\/aboveit.fi\/de\/#organization"},"image":{"@id":"https:\/\/aboveit.fi\/de\/cloud-nativer-it-berater-2\/#primaryimage"},"thumbnailUrl":"https:\/\/aboveit.fi\/wp-content\/uploads\/2026\/02\/tero-saarinen-vaaka.jpg","keywords":["aboveit","aboveit","consigliere","henkil\u00f6tarina","Mitarbeiterportr\u00e4t"],"articleSection":{"0":"Above IT","1":"Above IT","3":"Nachrichten","4":"Yleinen"},"inLanguage":"de"},{"@type":"WebPage","@id":"https:\/\/aboveit.fi\/de\/cloud-nativer-it-berater-2\/","url":"https:\/\/aboveit.fi\/de\/cloud-nativer-it-berater-2\/","name":"Cloud-nativer IT-Berater - Above IT Oy","isPartOf":{"@id":"https:\/\/aboveit.fi\/de\/#website"},"primaryImageOfPage":{"@id":"https:\/\/aboveit.fi\/de\/cloud-nativer-it-berater-2\/#primaryimage"},"image":{"@id":"https:\/\/aboveit.fi\/de\/cloud-nativer-it-berater-2\/#primaryimage"},"thumbnailUrl":"https:\/\/aboveit.fi\/wp-content\/uploads\/2026\/02\/tero-saarinen-vaaka.jpg","datePublished":"2026-02-15T11:05:48+00:00","dateModified":"2026-02-25T10:38:01+00:00","description":"Der Cloud-native IT-Berater Matias Haapaniemi ist unserem Team beigetreten, um unsere Expertise im Endger\u00e4temanagement und der IT-Sicherheit der Microsoft Cloud zu st\u00e4rken.","breadcrumb":{"@id":"https:\/\/aboveit.fi\/de\/cloud-nativer-it-berater-2\/#breadcrumb"},"inLanguage":"de","potentialAction":[{"@type":"ReadAction","target":["https:\/\/aboveit.fi\/de\/cloud-nativer-it-berater-2\/"]}]},{"@type":"ImageObject","inLanguage":"de","@id":"https:\/\/aboveit.fi\/de\/cloud-nativer-it-berater-2\/#primaryimage","url":"https:\/\/aboveit.fi\/wp-content\/uploads\/2026\/02\/tero-saarinen-vaaka.jpg","contentUrl":"https:\/\/aboveit.fi\/wp-content\/uploads\/2026\/02\/tero-saarinen-vaaka.jpg","width":1200,"height":800,"caption":"Tero Saarinen"},{"@type":"BreadcrumbList","@id":"https:\/\/aboveit.fi\/de\/cloud-nativer-it-berater-2\/#breadcrumb","itemListElement":[{"@type":"ListItem","position":1,"name":"Etusivu","item":"https:\/\/aboveit.fi\/de\/"},{"@type":"ListItem","position":2,"name":"Cloud-nativer IT-Berater"}]},{"@type":"WebSite","@id":"https:\/\/aboveit.fi\/de\/#website","url":"https:\/\/aboveit.fi\/de\/","name":"We Are Above IT","description":"Tietohallinnon voimavarakumppani","publisher":{"@id":"https:\/\/aboveit.fi\/de\/#organization"},"potentialAction":[{"@type":"SearchAction","target":{"@type":"EntryPoint","urlTemplate":"https:\/\/aboveit.fi\/de\/?s={search_term_string}"},"query-input":{"@type":"PropertyValueSpecification","valueRequired":true,"valueName":"search_term_string"}}],"inLanguage":"de"},{"@type":"Organization","@id":"https:\/\/aboveit.fi\/de\/#organization","name":"Above IT Oy","url":"https:\/\/aboveit.fi\/de\/","logo":{"@type":"ImageObject","inLanguage":"de","@id":"https:\/\/aboveit.fi\/de\/#\/schema\/logo\/image\/","url":"https:\/\/aboveit.fi\/wp-content\/uploads\/2024\/10\/aboveIT-logo.png","contentUrl":"https:\/\/aboveit.fi\/wp-content\/uploads\/2024\/10\/aboveIT-logo.png","width":1613,"height":383,"caption":"Above IT Oy"},"image":{"@id":"https:\/\/aboveit.fi\/de\/#\/schema\/logo\/image\/"},"sameAs":["https:\/\/www.facebook.com\/aboveitfi","https:\/\/www.linkedin.com\/company\/aboveitfi","https:\/\/instagram.com\/aboveitfi"]},{"@type":"Person","@id":"https:\/\/aboveit.fi\/de\/#\/schema\/person\/ea6c57af26ae50e16df8bd5f71697bae","name":"Tanja Korkalainen","image":{"@type":"ImageObject","inLanguage":"de","@id":"https:\/\/secure.gravatar.com\/avatar\/e0ad57657e81037c06d30085caf4929019e63d991b01923bae5f57dd8decb795?s=96&d=mm&r=g","url":"https:\/\/secure.gravatar.com\/avatar\/e0ad57657e81037c06d30085caf4929019e63d991b01923bae5f57dd8decb795?s=96&d=mm&r=g","contentUrl":"https:\/\/secure.gravatar.com\/avatar\/e0ad57657e81037c06d30085caf4929019e63d991b01923bae5f57dd8decb795?s=96&d=mm&r=g","caption":"Tanja Korkalainen"},"url":"https:\/\/aboveit.fi\/de\/author\/tanjamarkkinointisujuva-fi\/"}]}},"_links":{"self":[{"href":"https:\/\/aboveit.fi\/de\/wp-json\/wp\/v2\/posts\/10666","targetHints":{"allow":["GET"]}}],"collection":[{"href":"https:\/\/aboveit.fi\/de\/wp-json\/wp\/v2\/posts"}],"about":[{"href":"https:\/\/aboveit.fi\/de\/wp-json\/wp\/v2\/types\/post"}],"author":[{"embeddable":true,"href":"https:\/\/aboveit.fi\/de\/wp-json\/wp\/v2\/users\/5"}],"replies":[{"embeddable":true,"href":"https:\/\/aboveit.fi\/de\/wp-json\/wp\/v2\/comments?post=10666"}],"version-history":[{"count":4,"href":"https:\/\/aboveit.fi\/de\/wp-json\/wp\/v2\/posts\/10666\/revisions"}],"predecessor-version":[{"id":10767,"href":"https:\/\/aboveit.fi\/de\/wp-json\/wp\/v2\/posts\/10666\/revisions\/10767"}],"wp:featuredmedia":[{"embeddable":true,"href":"https:\/\/aboveit.fi\/de\/wp-json\/wp\/v2\/media\/10675"}],"wp:attachment":[{"href":"https:\/\/aboveit.fi\/de\/wp-json\/wp\/v2\/media?parent=10666"}],"wp:term":[{"taxonomy":"category","embeddable":true,"href":"https:\/\/aboveit.fi\/de\/wp-json\/wp\/v2\/categories?post=10666"},{"taxonomy":"post_tag","embeddable":true,"href":"https:\/\/aboveit.fi\/de\/wp-json\/wp\/v2\/tags?post=10666"}],"curies":[{"name":"wp","href":"https:\/\/api.w.org\/{rel}","templated":true}]}}